{"id":2992,"date":"2013-02-28T09:28:10","date_gmt":"2013-02-28T08:28:10","guid":{"rendered":"http:\/\/alqueriatic.wordpress.com\/?p=2992"},"modified":"2013-02-28T09:28:10","modified_gmt":"2013-02-28T08:28:10","slug":"los-origenes-del-andalucismo-dia-de-andalucia","status":"publish","type":"post","link":"https:\/\/www.alqueria.es\/blogs\/alqueria-tic\/2013\/02\/28\/los-origenes-del-andalucismo-dia-de-andalucia\/","title":{"rendered":"Los or\u00edgenes del andalucismo. D\u00eda de Andaluc\u00eda."},"content":{"rendered":"<p>Documental que nos habla del origen de Andaluc\u00eda, \u00abla respuesta est\u00e1 en la historia\u00bb. Blas Infante, historia de la bandera, himno, escudo, territorio, comunidad, c\u00f3mo se form\u00f3, etc.<\/p>\n<p>V\u00eddeo de Canal sur.<\/p>\n<span class=\"embed-youtube\" style=\"text-align:center; display: block;\"><div class=\"a25-CTUOC-hidding-box\" data-original-content=\"&lt;iframe loading=&quot;lazy&quot; class=&quot;youtube-player&quot; width=&quot;474&quot; height=&quot;267&quot; src=&quot;https:\/\/www.youtube.com\/embed\/QNLet2uI8bM?version=3&amp;#038;rel=1&amp;#038;showsearch=0&amp;#038;showinfo=1&amp;#038;iv_load_policy=1&amp;#038;fs=1&amp;#038;hl=es-ES&amp;#038;autohide=2&amp;#038;wmode=transparent&quot; allowfullscreen=&quot;true&quot; style=&quot;border:0;&quot; sandbox=&quot;allow-scripts allow-same-origin allow-popups allow-presentation allow-popups-to-escape-sandbox&quot;&gt;&lt;\/iframe&gt;\">Esta p\u00e1gina incluye contenido multimedia que requiere aceptar todas las cookies. Pulse aqu\u00ed para abrir la configuraci\u00f3n de cookies.<\/div><\/span>\n","protected":false},"excerpt":{"rendered":"<p>Documental que nos habla del origen de Andaluc\u00eda, \u00abla respuesta est\u00e1 en la historia\u00bb. Blas Infante, historia de la bandera, himno, escudo, territorio, comunidad, c\u00f3mo se form\u00f3, etc. V\u00eddeo de Canal sur.<\/p>\n","protected":false},"author":3,"featured_media":0,"comment_status":"open","ping_status":"open","sticky":false,"template":"","format":"standard","meta":{"jetpack_post_was_ever_published":false,"_jetpack_newsletter_access":"","_jetpack_dont_email_post_to_subs":false,"_jetpack_newsletter_tier_id":0,"_jetpack_memberships_contains_paywalled_content":false,"_jetpack_memberships_contains_paid_content":false,"footnotes":"","jetpack_publicize_message":"","jetpack_publicize_feature_enabled":true,"jetpack_social_post_already_shared":true,"jetpack_social_options":{"image_generator_settings":{"template":"highway","default_image_id":0,"font":"","enabled":false},"version":2}},"categories":[2,15],"tags":[160,203],"class_list":["post-2992","post","type-post","status-publish","format-standard","hentry","category-conocimiento-del-medio","category-historia","tag-dia-de-andalucia","tag-historia-de-andalucia"],"jetpack_publicize_connections":[],"jetpack_featured_media_url":"","jetpack_sharing_enabled":true,"jetpack_shortlink":"https:\/\/wp.me\/p4mZJT-Mg","_links":{"self":[{"href":"https:\/\/www.alqueria.es\/blogs\/alqueria-tic\/wp-json\/wp\/v2\/posts\/2992","targetHints":{"allow":["GET"]}}],"collection":[{"href":"https:\/\/www.alqueria.es\/blogs\/alqueria-tic\/wp-json\/wp\/v2\/posts"}],"about":[{"href":"https:\/\/www.alqueria.es\/blogs\/alqueria-tic\/wp-json\/wp\/v2\/types\/post"}],"author":[{"embeddable":true,"href":"https:\/\/www.alqueria.es\/blogs\/alqueria-tic\/wp-json\/wp\/v2\/users\/3"}],"replies":[{"embeddable":true,"href":"https:\/\/www.alqueria.es\/blogs\/alqueria-tic\/wp-json\/wp\/v2\/comments?post=2992"}],"version-history":[{"count":0,"href":"https:\/\/www.alqueria.es\/blogs\/alqueria-tic\/wp-json\/wp\/v2\/posts\/2992\/revisions"}],"wp:attachment":[{"href":"https:\/\/www.alqueria.es\/blogs\/alqueria-tic\/wp-json\/wp\/v2\/media?parent=2992"}],"wp:term":[{"taxonomy":"category","embeddable":true,"href":"https:\/\/www.alqueria.es\/blogs\/alqueria-tic\/wp-json\/wp\/v2\/categories?post=2992"},{"taxonomy":"post_tag","embeddable":true,"href":"https:\/\/www.alqueria.es\/blogs\/alqueria-tic\/wp-json\/wp\/v2\/tags?post=2992"}],"curies":[{"name":"wp","href":"https:\/\/api.w.org\/{rel}","templated":true}]}}