{"id":1001,"date":"2012-09-12T13:15:19","date_gmt":"2012-09-12T11:15:19","guid":{"rendered":"http:\/\/alqueriaamarillanaranja.wordpress.com\/?p=1001"},"modified":"2014-02-24T12:39:22","modified_gmt":"2014-02-24T12:39:22","slug":"el-tren-chu-cu-chu-cu-chu-cu","status":"publish","type":"post","link":"https:\/\/www.alqueria.es\/blogs\/alqueriaamarillanaranja\/2012\/09\/12\/el-tren-chu-cu-chu-cu-chu-cu\/","title":{"rendered":"EL TREN CHU-CU, CHU-CU, CHU-CU&#8230;.."},"content":{"rendered":"<address>Poco a poco nos vamos asentando como grupo, nos vamos conociendo mejor y estamos aprendiendo a movernos por el centro.<a href=\"http:\/\/alqueriaamarillanaranja.files.wordpress.com\/2012\/09\/5163256-dibujos-animados-en-color-en-tren-los-ni-os-de-onda-de-un-tren1.jpg\"><img decoding=\"async\" data-attachment-id=\"1002\" data-permalink=\"https:\/\/www.alqueria.es\/blogs\/alqueriaamarillanaranja\/5163256-dibujos-animados-en-color-en-tren-los-ni-os-de-onda-de-un-tren1\/\" data-orig-file=\"https:\/\/www.alqueria.es\/blogs\/alqueriaamarillanaranja\/wp-content\/uploads\/sites\/9\/2012\/09\/5163256-dibujos-animados-en-color-en-tren-los-ni-os-de-onda-de-un-tren1.jpg\" data-orig-size=\"400,329\" data-comments-opened=\"1\" data-image-meta=\"{&quot;aperture&quot;:&quot;0&quot;,&quot;credit&quot;:&quot;&quot;,&quot;camera&quot;:&quot;&quot;,&quot;caption&quot;:&quot;&quot;,&quot;created_timestamp&quot;:&quot;0&quot;,&quot;copyright&quot;:&quot;&quot;,&quot;focal_length&quot;:&quot;0&quot;,&quot;iso&quot;:&quot;0&quot;,&quot;shutter_speed&quot;:&quot;0&quot;,&quot;title&quot;:&quot;&quot;}\" data-image-title=\"5163256-dibujos-animados-en-color-en-tren-los-ni-os-de-onda-de-un-tren[1]\" data-image-description=\"\" data-image-caption=\"\" data-large-file=\"https:\/\/www.alqueria.es\/blogs\/alqueriaamarillanaranja\/wp-content\/uploads\/sites\/9\/2012\/09\/5163256-dibujos-animados-en-color-en-tren-los-ni-os-de-onda-de-un-tren1.jpg\" class=\"alignleft size-medium wp-image-1002\" title=\"5163256-dibujos-animados-en-color-en-tren-los-ni-os-de-onda-de-un-tren[1]\" src=\"https:\/\/cloud.alqueria.es\/wp-content\/uploads\/sites\/9\/2012\/09\/5163256-dibujos-animados-en-color-en-tren-los-ni-os-de-onda-de-un-tren11.jpg\" alt=\"\" width=\"300\" height=\"246\" \/><\/a>\u00a0Como somos un grupo chiquitito lo tenemos mucho m\u00e1s f\u00e1cil para \u00abhacer el tren\u00bb, a\u00fan as\u00ed tengo que decir que son muy organizados y rapidamente cada uno ocupa su lugar. \u00a1Muy bien!<\/address>\n<address>\u00a0<\/address>\n<address>Por la ma\u00f1ana continuamos con el juego simb\u00f3lico en el aula, hoy introducimos juguetes nuevos que a\u00fan no se les hab\u00eda ocurrido coger: los animales y los m\u00e9dicos. El juego en esta clase a\u00fan es muy individualista al principio, pero a lo largo del curso ir\u00e1 volvi\u00e9ndose cada vez m\u00e1s social; es a trav\u00e9s del juego como ellos aprenden a relacionarse con los dem\u00e1s&#8230;<\/address>\n<address>\u00a0<\/address>\n<address>Hoy hemos conocido a nuestra \u00abprofe\u00bb de m\u00fasica, Elena. Por la tarde hemos pasado un ratito con ella y nos ha ense\u00f1ado el aula de m\u00fasica para que se vayan familiarizando con ella. \u00a1Lo han pasado genial!<\/address>\n<address>\u00a0<\/address>\n<address>Loli G\u00e1lvez<\/address>\n","protected":false},"excerpt":{"rendered":"<p>Poco a poco nos vamos asentando como grupo, nos vamos conociendo mejor y estamos aprendiendo a movernos por el centro.\u00a0Como somos un grupo chiquitito lo tenemos mucho m\u00e1s f\u00e1cil para \u00abhacer el tren\u00bb, a\u00fan as\u00ed tengo que decir que son muy organizados y rapidamente cada uno ocupa su lugar. \u00a1Muy bien! \u00a0 Por la ma\u00f1ana &hellip; <a href=\"https:\/\/www.alqueria.es\/blogs\/alqueriaamarillanaranja\/2012\/09\/12\/el-tren-chu-cu-chu-cu-chu-cu\/\" class=\"more-link\">Seguir leyendo <span class=\"screen-reader-text\">EL TREN CHU-CU, CHU-CU, CHU-CU&#8230;..<\/span> <span class=\"meta-nav\">&rarr;<\/span><\/a><\/p>\n","protected":false},"author":20,"featured_media":0,"comment_status":"open","ping_status":"open","sticky":false,"template":"","format":"standard","meta":{"jetpack_post_was_ever_published":false,"_jetpack_newsletter_access":"","_jetpack_dont_email_post_to_subs":false,"_jetpack_newsletter_tier_id":0,"_jetpack_memberships_contains_paywalled_content":false,"_jetpack_memberships_contains_paid_content":false,"footnotes":"","jetpack_publicize_message":"","jetpack_publicize_feature_enabled":true,"jetpack_social_post_already_shared":true,"jetpack_social_options":{"image_generator_settings":{"template":"highway","default_image_id":0,"font":"","enabled":false},"version":2}},"categories":[7,8],"tags":[],"class_list":["post-1001","post","type-post","status-publish","format-standard","hentry","category-clase-naranja","category-diario"],"jetpack_publicize_connections":[],"jetpack_featured_media_url":"","jetpack_sharing_enabled":true,"jetpack_shortlink":"https:\/\/wp.me\/p4lG08-g9","jetpack-related-posts":[],"_links":{"self":[{"href":"https:\/\/www.alqueria.es\/blogs\/alqueriaamarillanaranja\/wp-json\/wp\/v2\/posts\/1001","targetHints":{"allow":["GET"]}}],"collection":[{"href":"https:\/\/www.alqueria.es\/blogs\/alqueriaamarillanaranja\/wp-json\/wp\/v2\/posts"}],"about":[{"href":"https:\/\/www.alqueria.es\/blogs\/alqueriaamarillanaranja\/wp-json\/wp\/v2\/types\/post"}],"author":[{"embeddable":true,"href":"https:\/\/www.alqueria.es\/blogs\/alqueriaamarillanaranja\/wp-json\/wp\/v2\/users\/20"}],"replies":[{"embeddable":true,"href":"https:\/\/www.alqueria.es\/blogs\/alqueriaamarillanaranja\/wp-json\/wp\/v2\/comments?post=1001"}],"version-history":[{"count":0,"href":"https:\/\/www.alqueria.es\/blogs\/alqueriaamarillanaranja\/wp-json\/wp\/v2\/posts\/1001\/revisions"}],"wp:attachment":[{"href":"https:\/\/www.alqueria.es\/blogs\/alqueriaamarillanaranja\/wp-json\/wp\/v2\/media?parent=1001"}],"wp:term":[{"taxonomy":"category","embeddable":true,"href":"https:\/\/www.alqueria.es\/blogs\/alqueriaamarillanaranja\/wp-json\/wp\/v2\/categories?post=1001"},{"taxonomy":"post_tag","embeddable":true,"href":"https:\/\/www.alqueria.es\/blogs\/alqueriaamarillanaranja\/wp-json\/wp\/v2\/tags?post=1001"}],"curies":[{"name":"wp","href":"https:\/\/api.w.org\/{rel}","templated":true}]}}