{"id":10156,"date":"2014-03-21T15:06:32","date_gmt":"2014-03-21T15:06:32","guid":{"rendered":"https:\/\/www.alqueria.es\/blogs\/alqueriaamarillanaranja\/?p=10156"},"modified":"2014-03-21T15:06:32","modified_gmt":"2014-03-21T15:06:32","slug":"dia-mundial-del-sindrome-de-down","status":"publish","type":"post","link":"https:\/\/www.alqueria.es\/blogs\/alqueriaamarillanaranja\/2014\/03\/21\/dia-mundial-del-sindrome-de-down\/","title":{"rendered":"D\u00eda Mundial del s\u00edndrome de Down"},"content":{"rendered":"<p>Hoy en nuestro colegio Alquer\u00eda, para celebrar el D\u00eda Mundial del s\u00edndrome de Down, a nuestros compa\u00f1eros y a nuestros profesores hemos le\u00eddo el siguiente mensaje por la megafon\u00eda del cole.<\/p>\n<p style=\"text-align: center\"><strong><em>\u00abBuenos d\u00edas queridos compa\u00f1eros y profesores de Alquer\u00eda. Hoy es el d\u00eda mundial del s\u00edndrome de Down. \u00a0Pablo, Ana y Carmen queremos contaros algunas cosas\u00bb.<\/em><\/strong><\/p>\n<p style=\"text-align: center\"><strong>\u00ab<em>Tenemos sindrome de Down y no somos tan distintos a ti. Tenemos derecho a equivocarme. D\u00e9janos hacer las cosas a nuestra manera, aunque sepas que lo estamos haciendo mal\u00bb<\/em><\/strong><\/p>\n<p style=\"text-align: center\"><strong>\u00ab<em>D\u00e9janos elegir por nosotros \u00a0mismos. Tenemos derecho a tomar nuestras propias decisiones. Ay\u00fadanos a decidir&#8230;. si te lo pedimos. No nos manipules\u00bb<\/em><\/strong><\/p>\n<p style=\"text-align: center\"><strong>\u00ab<em>Muchas gracias por escucharnos\u00bb<\/em><\/strong><\/p>\n<p style=\"text-align: center\"><strong><em>Por: Pablo, Ana, Carmen<\/em><\/strong><\/p>\n<p style=\"text-align: center\"><img decoding=\"async\" class=\"aligncenter size-full wp-image-2472\" alt=\"IMG_0769\" src=\"https:\/\/www.alqueria.es\/blogs\/colegioalqueria\/wp-content\/uploads\/sites\/5\/2014\/03\/IMG_0769.jpg\" width=\"4608\" height=\"3456\" \/> <img decoding=\"async\" data-attachment-id=\"2473\" data-permalink=\"https:\/\/www.alqueria.es\/blogs\/alqueriaamarillanaranja\/can-stock-photo_csp98068791\/\" data-orig-file=\"https:\/\/www.alqueria.es\/blogs\/alqueriaamarillanaranja\/wp-content\/uploads\/sites\/9\/2012\/11\/can-stock-photo_csp98068791.jpg\" data-orig-size=\"400,412\" data-comments-opened=\"1\" data-image-meta=\"{&quot;aperture&quot;:&quot;0&quot;,&quot;credit&quot;:&quot;&quot;,&quot;camera&quot;:&quot;&quot;,&quot;caption&quot;:&quot;&quot;,&quot;created_timestamp&quot;:&quot;0&quot;,&quot;copyright&quot;:&quot;&quot;,&quot;focal_length&quot;:&quot;0&quot;,&quot;iso&quot;:&quot;0&quot;,&quot;shutter_speed&quot;:&quot;0&quot;,&quot;title&quot;:&quot;&quot;}\" data-image-title=\"can-stock-photo_csp9806879[1]\" data-image-description=\"\" data-image-caption=\"\" data-large-file=\"https:\/\/www.alqueria.es\/blogs\/alqueriaamarillanaranja\/wp-content\/uploads\/sites\/9\/2012\/11\/can-stock-photo_csp98068791.jpg\" class=\"aligncenter size-full wp-image-2473\" alt=\"IMG_0772\" src=\"https:\/\/www.alqueria.es\/blogs\/colegioalqueria\/wp-content\/uploads\/sites\/5\/2014\/03\/IMG_0772.jpg\" width=\"4608\" height=\"3456\" \/> <img decoding=\"async\" data-attachment-id=\"2474\" data-permalink=\"https:\/\/www.alqueria.es\/blogs\/alqueriaamarillanaranja\/can-stock-photo_csp98068791-2\/\" data-orig-file=\"https:\/\/www.alqueria.es\/blogs\/alqueriaamarillanaranja\/wp-content\/uploads\/sites\/9\/2012\/11\/can-stock-photo_csp980687911.jpg\" data-orig-size=\"400,412\" data-comments-opened=\"1\" data-image-meta=\"{&quot;aperture&quot;:&quot;0&quot;,&quot;credit&quot;:&quot;&quot;,&quot;camera&quot;:&quot;&quot;,&quot;caption&quot;:&quot;&quot;,&quot;created_timestamp&quot;:&quot;0&quot;,&quot;copyright&quot;:&quot;&quot;,&quot;focal_length&quot;:&quot;0&quot;,&quot;iso&quot;:&quot;0&quot;,&quot;shutter_speed&quot;:&quot;0&quot;,&quot;title&quot;:&quot;&quot;}\" data-image-title=\"can-stock-photo_csp9806879[1]\" data-image-description=\"\" data-image-caption=\"\" data-large-file=\"https:\/\/www.alqueria.es\/blogs\/alqueriaamarillanaranja\/wp-content\/uploads\/sites\/9\/2012\/11\/can-stock-photo_csp980687911.jpg\" class=\"aligncenter size-full wp-image-2474\" alt=\"IMG_0774\" src=\"https:\/\/www.alqueria.es\/blogs\/colegioalqueria\/wp-content\/uploads\/sites\/5\/2014\/03\/IMG_0774.jpg\" width=\"4608\" height=\"3456\" \/> <img decoding=\"async\" class=\"aligncenter size-full wp-image-2475\" alt=\"IMG_0775\" src=\"https:\/\/www.alqueria.es\/blogs\/colegioalqueria\/wp-content\/uploads\/sites\/5\/2014\/03\/IMG_0775.jpg\" width=\"4608\" height=\"3456\" \/> <img decoding=\"async\" class=\"aligncenter size-full wp-image-2476\" alt=\"IMG_0776\" src=\"https:\/\/www.alqueria.es\/blogs\/colegioalqueria\/wp-content\/uploads\/sites\/5\/2014\/03\/IMG_0776.jpg\" width=\"4608\" height=\"3456\" \/><\/p>\n<p style=\"text-align: center\"><div class=\"a25-CTUOC-hidding-box\" data-original-content=\"&lt;iframe loading=&quot;lazy&quot; class=&quot;scribd_iframe_embed&quot; src=&quot;https:\/\/www.scribd.com\/embeds\/213699945\/content?start_page=1&amp;view_mode&amp;access_key=key-2fnivkjppqh2bqty5xbi&quot;  data-auto-height=&quot;true&quot; scrolling=&quot;no&quot; id=&quot;scribd_213699945&quot; width=&quot;100%&quot; height=&quot;500&quot; frameborder=&quot;0&quot;&gt;&lt;\/iframe&gt;\">Esta p\u00e1gina incluye contenido multimedia que requiere aceptar todas las cookies. Pulse aqu\u00ed para abrir la configuraci\u00f3n de cookies.<\/div>\n\t\t<div style=\"font-size:10px;text-align:center;width:100%\"><a href=\"https:\/\/www.scribd.com\/doc\/213699945\" rel=\"noopener noreferrer\" target=\"_blank\">Ver este documento en Scribd<\/a><\/div><\/p>\n","protected":false},"excerpt":{"rendered":"<p>Hoy en nuestro colegio Alquer\u00eda, para celebrar el D\u00eda Mundial del s\u00edndrome de Down, a nuestros compa\u00f1eros y a nuestros profesores hemos le\u00eddo el siguiente mensaje por la megafon\u00eda del cole. \u00abBuenos d\u00edas queridos compa\u00f1eros y profesores de Alquer\u00eda. Hoy es el d\u00eda mundial del s\u00edndrome de Down. \u00a0Pablo, Ana y Carmen queremos contaros algunas &hellip; <a href=\"https:\/\/www.alqueria.es\/blogs\/alqueriaamarillanaranja\/2014\/03\/21\/dia-mundial-del-sindrome-de-down\/\" class=\"more-link\">Seguir leyendo <span class=\"screen-reader-text\">D\u00eda Mundial del s\u00edndrome de Down<\/span> <span class=\"meta-nav\">&rarr;<\/span><\/a><\/p>\n","protected":false},"author":3,"featured_media":0,"comment_status":"open","ping_status":"open","sticky":false,"template":"","format":"standard","meta":{"jetpack_post_was_ever_published":false,"_jetpack_newsletter_access":"","_jetpack_dont_email_post_to_subs":false,"_jetpack_newsletter_tier_id":0,"_jetpack_memberships_contains_paywalled_content":false,"_jetpack_memberships_contains_paid_content":false,"footnotes":"","jetpack_publicize_message":"","jetpack_publicize_feature_enabled":true,"jetpack_social_post_already_shared":true,"jetpack_social_options":{"image_generator_settings":{"template":"highway","default_image_id":0,"font":"","enabled":false},"version":2}},"categories":[6,7],"tags":[],"class_list":["post-10156","post","type-post","status-publish","format-standard","hentry","category-clase-amarilla","category-clase-naranja"],"jetpack_publicize_connections":[],"jetpack_featured_media_url":"","jetpack_sharing_enabled":true,"jetpack_shortlink":"https:\/\/wp.me\/p4lG08-2DO","jetpack-related-posts":[],"_links":{"self":[{"href":"https:\/\/www.alqueria.es\/blogs\/alqueriaamarillanaranja\/wp-json\/wp\/v2\/posts\/10156","targetHints":{"allow":["GET"]}}],"collection":[{"href":"https:\/\/www.alqueria.es\/blogs\/alqueriaamarillanaranja\/wp-json\/wp\/v2\/posts"}],"about":[{"href":"https:\/\/www.alqueria.es\/blogs\/alqueriaamarillanaranja\/wp-json\/wp\/v2\/types\/post"}],"author":[{"embeddable":true,"href":"https:\/\/www.alqueria.es\/blogs\/alqueriaamarillanaranja\/wp-json\/wp\/v2\/users\/3"}],"replies":[{"embeddable":true,"href":"https:\/\/www.alqueria.es\/blogs\/alqueriaamarillanaranja\/wp-json\/wp\/v2\/comments?post=10156"}],"version-history":[{"count":0,"href":"https:\/\/www.alqueria.es\/blogs\/alqueriaamarillanaranja\/wp-json\/wp\/v2\/posts\/10156\/revisions"}],"wp:attachment":[{"href":"https:\/\/www.alqueria.es\/blogs\/alqueriaamarillanaranja\/wp-json\/wp\/v2\/media?parent=10156"}],"wp:term":[{"taxonomy":"category","embeddable":true,"href":"https:\/\/www.alqueria.es\/blogs\/alqueriaamarillanaranja\/wp-json\/wp\/v2\/categories?post=10156"},{"taxonomy":"post_tag","embeddable":true,"href":"https:\/\/www.alqueria.es\/blogs\/alqueriaamarillanaranja\/wp-json\/wp\/v2\/tags?post=10156"}],"curies":[{"name":"wp","href":"https:\/\/api.w.org\/{rel}","templated":true}]}}