{"id":10173,"date":"2014-03-25T13:37:57","date_gmt":"2014-03-25T13:37:57","guid":{"rendered":"https:\/\/www.alqueria.es\/blogs\/alqueriaamarillanaranja\/?p=10173"},"modified":"2014-03-25T13:41:49","modified_gmt":"2014-03-25T13:41:49","slug":"pedro-y-el-lobo","status":"publish","type":"post","link":"https:\/\/www.alqueria.es\/blogs\/alqueriaamarillanaranja\/2014\/03\/25\/pedro-y-el-lobo\/","title":{"rendered":"\u00abPedro y el lobo\u00bb"},"content":{"rendered":"<p><strong><span style=\"color: #800080\"><em>Hoy ha sido un d\u00eda lleno de historias&#8230;&#8230;..<\/em><\/span><\/strong><\/p>\n<p><span style=\"color: #0000ff\"><em><a href=\"https:\/\/cloud.alqueria.es\/wp-content\/uploads\/sites\/9\/2014\/03\/images-24.jpg\"><img decoding=\"async\" data-attachment-id=\"10174\" data-permalink=\"https:\/\/www.alqueria.es\/blogs\/alqueriaamarillanaranja\/2014\/03\/25\/pedro-y-el-lobo\/images-24-2\/\" data-orig-file=\"https:\/\/www.alqueria.es\/blogs\/alqueriaamarillanaranja\/wp-content\/uploads\/sites\/9\/2014\/03\/images-24.jpg\" data-orig-size=\"225,224\" data-comments-opened=\"1\" data-image-meta=\"{&quot;aperture&quot;:&quot;0&quot;,&quot;credit&quot;:&quot;&quot;,&quot;camera&quot;:&quot;&quot;,&quot;caption&quot;:&quot;&quot;,&quot;created_timestamp&quot;:&quot;0&quot;,&quot;copyright&quot;:&quot;&quot;,&quot;focal_length&quot;:&quot;0&quot;,&quot;iso&quot;:&quot;0&quot;,&quot;shutter_speed&quot;:&quot;0&quot;,&quot;title&quot;:&quot;&quot;}\" data-image-title=\"images (24)\" data-image-description=\"\" data-image-caption=\"\" data-large-file=\"https:\/\/www.alqueria.es\/blogs\/alqueriaamarillanaranja\/wp-content\/uploads\/sites\/9\/2014\/03\/images-24.jpg\" class=\"alignleft size-full wp-image-10174\" alt=\"images (24)\" src=\"https:\/\/cloud.alqueria.es\/wp-content\/uploads\/sites\/9\/2014\/03\/images-24.jpg\" width=\"225\" height=\"224\" srcset=\"https:\/\/www.alqueria.es\/blogs\/alqueriaamarillanaranja\/wp-content\/uploads\/sites\/9\/2014\/03\/images-24.jpg 225w, https:\/\/www.alqueria.es\/blogs\/alqueriaamarillanaranja\/wp-content\/uploads\/sites\/9\/2014\/03\/images-24-150x150.jpg 150w\" sizes=\"(max-width: 225px) 100vw, 225px\" \/><\/a>Comenzamos la ma\u00f1ana con la audici\u00f3n de la obra musical \u00abPedro y el lobo\u00bb. Imagino que la conoc\u00e9is, pero si no, os comento que es muy interesante porque cuenta una historia asociando los personajes a diferentes instrumentos musicales, de forma que debemos estar muy atentos para poder identificarlos.\u00a0<\/em><\/span><\/p>\n<p><span style=\"color: #0000ff\"><em>Este ha sido un ejercicio con el que pretend\u00eda trabajar en primer lugar la atenci\u00f3n auditiva de los ni\u00f1os, la paciencia, la capacidad de escucha, y en general todas aquellas capacidades que debemos tener para poder asistir a un concierto musical. La experiencia de hoy nos ha servido como ensayo de nuestra salida al conservatorio.<\/em><\/span><\/p>\n<p><span style=\"color: #0000ff\"><em>Luego durante el juego, hemos desarrollado los roles de la historia, para ello jugamos con los animales y los disfraces (con los que nos caracterizamos).<\/em><\/span><\/p>\n<p><strong><span style=\"color: #ff00ff\"><em>Y en la asamblea aprovechamos el momento de relax para leer dos <a href=\"https:\/\/cloud.alqueria.es\/wp-content\/uploads\/sites\/9\/2014\/03\/11.jpg\"><img decoding=\"async\" data-attachment-id=\"10175\" data-permalink=\"https:\/\/www.alqueria.es\/blogs\/alqueriaamarillanaranja\/2014\/03\/25\/pedro-y-el-lobo\/11-2\/\" data-orig-file=\"https:\/\/www.alqueria.es\/blogs\/alqueriaamarillanaranja\/wp-content\/uploads\/sites\/9\/2014\/03\/11.jpg\" data-orig-size=\"95,104\" data-comments-opened=\"1\" data-image-meta=\"{&quot;aperture&quot;:&quot;0&quot;,&quot;credit&quot;:&quot;&quot;,&quot;camera&quot;:&quot;&quot;,&quot;caption&quot;:&quot;&quot;,&quot;created_timestamp&quot;:&quot;0&quot;,&quot;copyright&quot;:&quot;&quot;,&quot;focal_length&quot;:&quot;0&quot;,&quot;iso&quot;:&quot;0&quot;,&quot;shutter_speed&quot;:&quot;0&quot;,&quot;title&quot;:&quot;&quot;}\" data-image-title=\"11\" data-image-description=\"\" data-image-caption=\"\" data-large-file=\"https:\/\/www.alqueria.es\/blogs\/alqueriaamarillanaranja\/wp-content\/uploads\/sites\/9\/2014\/03\/11.jpg\" class=\"alignleft size-full wp-image-10175\" alt=\"11\" src=\"https:\/\/cloud.alqueria.es\/wp-content\/uploads\/sites\/9\/2014\/03\/11.jpg\" width=\"95\" height=\"104\" \/><\/a>cuentos:<\/em><\/span><\/strong><\/p>\n<p><strong><em><span style=\"color: #ff00ff\">&#8211; \u00ab\u00bfC\u00f3mo se hace el arcoiris?\u00bb<\/span><\/em><\/strong><\/p>\n<p><strong><em><span style=\"color: #ff00ff\">&#8211; \u00ab\u00bfQu\u00e9 hace un cocodrilo por la noche?\u00bb<a href=\"https:\/\/cloud.alqueria.es\/wp-content\/uploads\/sites\/9\/2014\/03\/Cocoelcocodrilo.jpg\"><img decoding=\"async\" data-attachment-id=\"10176\" data-permalink=\"https:\/\/www.alqueria.es\/blogs\/alqueriaamarillanaranja\/2014\/03\/25\/pedro-y-el-lobo\/cocoelcocodrilo\/\" data-orig-file=\"https:\/\/www.alqueria.es\/blogs\/alqueriaamarillanaranja\/wp-content\/uploads\/sites\/9\/2014\/03\/Cocoelcocodrilo.jpg\" data-orig-size=\"363,272\" data-comments-opened=\"1\" data-image-meta=\"{&quot;aperture&quot;:&quot;0&quot;,&quot;credit&quot;:&quot;&quot;,&quot;camera&quot;:&quot;&quot;,&quot;caption&quot;:&quot;&quot;,&quot;created_timestamp&quot;:&quot;0&quot;,&quot;copyright&quot;:&quot;&quot;,&quot;focal_length&quot;:&quot;0&quot;,&quot;iso&quot;:&quot;0&quot;,&quot;shutter_speed&quot;:&quot;0&quot;,&quot;title&quot;:&quot;&quot;}\" data-image-title=\"Cocoelcocodrilo\" data-image-description=\"\" data-image-caption=\"\" data-large-file=\"https:\/\/www.alqueria.es\/blogs\/alqueriaamarillanaranja\/wp-content\/uploads\/sites\/9\/2014\/03\/Cocoelcocodrilo.jpg\" class=\" wp-image-10176 alignright\" alt=\"Cocoelcocodrilo\" src=\"https:\/\/cloud.alqueria.es\/wp-content\/uploads\/sites\/9\/2014\/03\/Cocoelcocodrilo-150x150.jpg\" width=\"105\" height=\"105\" \/><\/a><\/span><\/em><\/strong><\/p>\n<p><strong><em><span style=\"color: #ff00ff\">Despu\u00e9s hacemos un mini-taller en el que dibujamos el arcoiris con todos sus colores.<\/span><\/em><\/strong><\/p>\n<p><em><strong><span style=\"color: #800080\">Hasta ma\u00f1ana<\/span><\/strong><\/em><\/p>\n<p style=\"text-align: right\"><strong><em><span style=\"color: #800080\">Loli G\u00e1lvez<\/span><\/em><\/strong><\/p>\n","protected":false},"excerpt":{"rendered":"<p>Hoy ha sido un d\u00eda lleno de historias&#8230;&#8230;.. Comenzamos la ma\u00f1ana con la audici\u00f3n de la obra musical \u00abPedro y el lobo\u00bb. Imagino que la conoc\u00e9is, pero si no, os comento que es muy interesante porque cuenta una historia asociando los personajes a diferentes instrumentos musicales, de forma que debemos estar muy atentos para poder &hellip; <a href=\"https:\/\/www.alqueria.es\/blogs\/alqueriaamarillanaranja\/2014\/03\/25\/pedro-y-el-lobo\/\" class=\"more-link\">Seguir leyendo <span class=\"screen-reader-text\">\u00abPedro y el lobo\u00bb<\/span> <span class=\"meta-nav\">&rarr;<\/span><\/a><\/p>\n","protected":false},"author":23,"featured_media":0,"comment_status":"open","ping_status":"open","sticky":false,"template":"","format":"standard","meta":{"jetpack_post_was_ever_published":false,"_jetpack_newsletter_access":"","_jetpack_dont_email_post_to_subs":false,"_jetpack_newsletter_tier_id":0,"_jetpack_memberships_contains_paywalled_content":false,"_jetpack_memberships_contains_paid_content":false,"footnotes":"","jetpack_publicize_message":"","jetpack_publicize_feature_enabled":true,"jetpack_social_post_already_shared":true,"jetpack_social_options":{"image_generator_settings":{"template":"highway","default_image_id":0,"font":"","enabled":false},"version":2}},"categories":[6,9],"tags":[145,285,89],"class_list":["post-10173","post","type-post","status-publish","format-standard","hentry","category-clase-amarilla","category-diario-clase-amarilla","tag-actividades-musicales","tag-alfabetizacion","tag-metodo-de-propuestas"],"jetpack_publicize_connections":[],"jetpack_featured_media_url":"","jetpack_sharing_enabled":true,"jetpack_shortlink":"https:\/\/wp.me\/p4lG08-2E5","jetpack-related-posts":[],"_links":{"self":[{"href":"https:\/\/www.alqueria.es\/blogs\/alqueriaamarillanaranja\/wp-json\/wp\/v2\/posts\/10173","targetHints":{"allow":["GET"]}}],"collection":[{"href":"https:\/\/www.alqueria.es\/blogs\/alqueriaamarillanaranja\/wp-json\/wp\/v2\/posts"}],"about":[{"href":"https:\/\/www.alqueria.es\/blogs\/alqueriaamarillanaranja\/wp-json\/wp\/v2\/types\/post"}],"author":[{"embeddable":true,"href":"https:\/\/www.alqueria.es\/blogs\/alqueriaamarillanaranja\/wp-json\/wp\/v2\/users\/23"}],"replies":[{"embeddable":true,"href":"https:\/\/www.alqueria.es\/blogs\/alqueriaamarillanaranja\/wp-json\/wp\/v2\/comments?post=10173"}],"version-history":[{"count":0,"href":"https:\/\/www.alqueria.es\/blogs\/alqueriaamarillanaranja\/wp-json\/wp\/v2\/posts\/10173\/revisions"}],"wp:attachment":[{"href":"https:\/\/www.alqueria.es\/blogs\/alqueriaamarillanaranja\/wp-json\/wp\/v2\/media?parent=10173"}],"wp:term":[{"taxonomy":"category","embeddable":true,"href":"https:\/\/www.alqueria.es\/blogs\/alqueriaamarillanaranja\/wp-json\/wp\/v2\/categories?post=10173"},{"taxonomy":"post_tag","embeddable":true,"href":"https:\/\/www.alqueria.es\/blogs\/alqueriaamarillanaranja\/wp-json\/wp\/v2\/tags?post=10173"}],"curies":[{"name":"wp","href":"https:\/\/api.w.org\/{rel}","templated":true}]}}