{"id":10624,"date":"2014-04-25T16:25:35","date_gmt":"2014-04-25T14:25:35","guid":{"rendered":"https:\/\/www.alqueria.es\/blogs\/alqueriaamarillanaranja\/?p=10624"},"modified":"2014-04-25T16:32:27","modified_gmt":"2014-04-25T14:32:27","slug":"clausura-semana-de-la-lectura","status":"publish","type":"post","link":"https:\/\/www.alqueria.es\/blogs\/alqueriaamarillanaranja\/2014\/04\/25\/clausura-semana-de-la-lectura\/","title":{"rendered":"CLAUSURA SEMANA DE LA LECTURA"},"content":{"rendered":"<p><span style=\"color: #993300\"><strong><em><a href=\"https:\/\/cloud.alqueria.es\/wp-content\/uploads\/sites\/9\/2014\/04\/images-101.jpg\"><img decoding=\"async\" data-attachment-id=\"10636\" data-permalink=\"https:\/\/www.alqueria.es\/blogs\/alqueriaamarillanaranja\/2014\/04\/25\/clausura-semana-de-la-lectura\/images-10-3\/\" data-orig-file=\"https:\/\/www.alqueria.es\/blogs\/alqueriaamarillanaranja\/wp-content\/uploads\/sites\/9\/2014\/04\/images-101.jpg\" data-orig-size=\"122,240\" data-comments-opened=\"1\" data-image-meta=\"{&quot;aperture&quot;:&quot;0&quot;,&quot;credit&quot;:&quot;&quot;,&quot;camera&quot;:&quot;&quot;,&quot;caption&quot;:&quot;&quot;,&quot;created_timestamp&quot;:&quot;0&quot;,&quot;copyright&quot;:&quot;&quot;,&quot;focal_length&quot;:&quot;0&quot;,&quot;iso&quot;:&quot;0&quot;,&quot;shutter_speed&quot;:&quot;0&quot;,&quot;title&quot;:&quot;&quot;}\" data-image-title=\"images (10)\" data-image-description=\"\" data-image-caption=\"\" data-large-file=\"https:\/\/www.alqueria.es\/blogs\/alqueriaamarillanaranja\/wp-content\/uploads\/sites\/9\/2014\/04\/images-101.jpg\" class=\"alignleft size-full wp-image-10636\" src=\"https:\/\/cloud.alqueria.es\/wp-content\/uploads\/sites\/9\/2014\/04\/images-101.jpg\" alt=\"images (10)\" width=\"122\" height=\"240\" \/><\/a>Hoy viernes, damos cierre a una semana llena de actividades, cuentos, historias y sobre todo, ilusi\u00f3n. Creo que todos, tanto ni\u00f1os como mayores hemos disfrutado much\u00edsimo con la programaci\u00f3n de estos d\u00edas, as\u00ed que el esfuerzo realizado por todos los participantes ha merecido la pena. \u00a1Muchas gracias a todos y todas!<\/em><\/strong><\/span><\/p>\n<p><span style=\"color: #993300\"><strong><em>Estas han sido las actividades de clausura:<\/em><\/strong><\/span><\/p>\n<p><span style=\"color: #ff6600\"><strong><em>A las 10:00h, todo infantil, hemos asistido a los cuentos en ingl\u00e9s que han interpretado para nosotros los alumnos de la clase roja (4-5 a\u00f1os) y los de la clase verde (5-6 a\u00f1os). Sus profes de ingl\u00e9s han sido las encargadas de prepararlo con ellos. \u00a1Muy bien!<\/em><\/strong><\/span><\/p>\n<p><span style=\"color: #ff6600\"><strong><em>Los t\u00edtulos han sido: \u00abBrown bear, brown bear, what do you see?\u00bb\u00a0y \u00abWe&#8217;re going on a bear hunt\u00bb.<\/em><\/strong><\/span><\/p>\n<p class=\"jetpack-slideshow-noscript robots-nocontent\">El pase de diapositivas requiere JavaScript.<\/p><div id=\"gallery-10624-1-slideshow\" class=\"jetpack-slideshow-window jetpack-slideshow jetpack-slideshow-black\" data-trans=\"fade\" data-autostart=\"1\" data-gallery=\"[{&quot;src&quot;:&quot;https:\\\/\\\/www.alqueria.es\\\/blogs\\\/alqueriaamarillanaranja\\\/wp-content\\\/uploads\\\/sites\\\/9\\\/2014\\\/04\\\/IMG_0646.jpg&quot;,&quot;id&quot;:&quot;10628&quot;,&quot;title&quot;:&quot;IMG_0646&quot;,&quot;alt&quot;:&quot;&quot;,&quot;caption&quot;:&quot;&quot;,&quot;itemprop&quot;:&quot;image&quot;},{&quot;src&quot;:&quot;https:\\\/\\\/www.alqueria.es\\\/blogs\\\/alqueriaamarillanaranja\\\/wp-content\\\/uploads\\\/sites\\\/9\\\/2014\\\/04\\\/IMG_0649.jpg&quot;,&quot;id&quot;:&quot;10629&quot;,&quot;title&quot;:&quot;IMG_0649&quot;,&quot;alt&quot;:&quot;&quot;,&quot;caption&quot;:&quot;&quot;,&quot;itemprop&quot;:&quot;image&quot;},{&quot;src&quot;:&quot;https:\\\/\\\/www.alqueria.es\\\/blogs\\\/alqueriaamarillanaranja\\\/wp-content\\\/uploads\\\/sites\\\/9\\\/2014\\\/04\\\/IMG_0650.jpg&quot;,&quot;id&quot;:&quot;10630&quot;,&quot;title&quot;:&quot;IMG_0650&quot;,&quot;alt&quot;:&quot;&quot;,&quot;caption&quot;:&quot;&quot;,&quot;itemprop&quot;:&quot;image&quot;},{&quot;src&quot;:&quot;https:\\\/\\\/www.alqueria.es\\\/blogs\\\/alqueriaamarillanaranja\\\/wp-content\\\/uploads\\\/sites\\\/9\\\/2014\\\/04\\\/IMG_0653.jpg&quot;,&quot;id&quot;:&quot;10631&quot;,&quot;title&quot;:&quot;IMG_0653&quot;,&quot;alt&quot;:&quot;&quot;,&quot;caption&quot;:&quot;&quot;,&quot;itemprop&quot;:&quot;image&quot;},{&quot;src&quot;:&quot;https:\\\/\\\/www.alqueria.es\\\/blogs\\\/alqueriaamarillanaranja\\\/wp-content\\\/uploads\\\/sites\\\/9\\\/2014\\\/04\\\/IMG_0662.jpg&quot;,&quot;id&quot;:&quot;10632&quot;,&quot;title&quot;:&quot;IMG_0662&quot;,&quot;alt&quot;:&quot;&quot;,&quot;caption&quot;:&quot;&quot;,&quot;itemprop&quot;:&quot;image&quot;},{&quot;src&quot;:&quot;https:\\\/\\\/www.alqueria.es\\\/blogs\\\/alqueriaamarillanaranja\\\/wp-content\\\/uploads\\\/sites\\\/9\\\/2014\\\/04\\\/IMG_0663.jpg&quot;,&quot;id&quot;:&quot;10633&quot;,&quot;title&quot;:&quot;IMG_0663&quot;,&quot;alt&quot;:&quot;&quot;,&quot;caption&quot;:&quot;&quot;,&quot;itemprop&quot;:&quot;image&quot;},{&quot;src&quot;:&quot;https:\\\/\\\/www.alqueria.es\\\/blogs\\\/alqueriaamarillanaranja\\\/wp-content\\\/uploads\\\/sites\\\/9\\\/2014\\\/04\\\/IMG_0664.jpg&quot;,&quot;id&quot;:&quot;10634&quot;,&quot;title&quot;:&quot;IMG_0664&quot;,&quot;alt&quot;:&quot;&quot;,&quot;caption&quot;:&quot;&quot;,&quot;itemprop&quot;:&quot;image&quot;},{&quot;src&quot;:&quot;https:\\\/\\\/www.alqueria.es\\\/blogs\\\/alqueriaamarillanaranja\\\/wp-content\\\/uploads\\\/sites\\\/9\\\/2014\\\/04\\\/IMG_0668.jpg&quot;,&quot;id&quot;:&quot;10635&quot;,&quot;title&quot;:&quot;IMG_0668&quot;,&quot;alt&quot;:&quot;&quot;,&quot;caption&quot;:&quot;&quot;,&quot;itemprop&quot;:&quot;image&quot;}]\" itemscope itemtype=\"https:\/\/schema.org\/ImageGallery\"><\/div>\n<p><span style=\"color: #ff9900\"><strong><em>Tras la actuaci\u00f3n, hemos tenido nuestra asamblea de la fruta con Lindley; nuestro \u00abs\u00faper\u00bb ha sido Lucas.<\/em><\/strong><\/span><\/p>\n<p><span style=\"color: #ff9900\"><strong><em>A las 11:00h bajamos al jard\u00edn y celebramos un gran baile dirigido por la profe de m\u00fasica, Elena. Lo han pasado en grande y hac\u00eda una temperatura ideal.<\/em><\/strong><\/span><\/p>\n<div data-carousel-extra='{&quot;blog_id&quot;:9,&quot;permalink&quot;:&quot;https:\/\/www.alqueria.es\/blogs\/alqueriaamarillanaranja\/2014\/04\/25\/clausura-semana-de-la-lectura\/&quot;}' id='gallery-2' class='gallery galleryid-10624 gallery-columns-3 gallery-size-thumbnail'><figure class='gallery-item'>\n\t\t\t<div class='gallery-icon landscape'>\n\t\t\t\t<a href='https:\/\/www.alqueria.es\/blogs\/alqueriaamarillanaranja\/2014\/04\/25\/clausura-semana-de-la-lectura\/img_0672\/'><img decoding=\"async\" width=\"150\" height=\"150\" src=\"https:\/\/www.alqueria.es\/blogs\/alqueriaamarillanaranja\/wp-content\/uploads\/sites\/9\/2014\/04\/IMG_0672-150x150.jpg\" class=\"attachment-thumbnail size-thumbnail\" alt=\"\" data-attachment-id=\"10625\" data-permalink=\"https:\/\/www.alqueria.es\/blogs\/alqueriaamarillanaranja\/2014\/04\/25\/clausura-semana-de-la-lectura\/img_0672\/\" data-orig-file=\"https:\/\/www.alqueria.es\/blogs\/alqueriaamarillanaranja\/wp-content\/uploads\/sites\/9\/2014\/04\/IMG_0672.jpg\" data-orig-size=\"640,480\" data-comments-opened=\"1\" data-image-meta=\"{&quot;aperture&quot;:&quot;0&quot;,&quot;credit&quot;:&quot;&quot;,&quot;camera&quot;:&quot;&quot;,&quot;caption&quot;:&quot;&quot;,&quot;created_timestamp&quot;:&quot;0&quot;,&quot;copyright&quot;:&quot;&quot;,&quot;focal_length&quot;:&quot;0&quot;,&quot;iso&quot;:&quot;0&quot;,&quot;shutter_speed&quot;:&quot;0&quot;,&quot;title&quot;:&quot;&quot;}\" data-image-title=\"IMG_0672\" data-image-description=\"\" data-image-caption=\"\" data-large-file=\"https:\/\/www.alqueria.es\/blogs\/alqueriaamarillanaranja\/wp-content\/uploads\/sites\/9\/2014\/04\/IMG_0672.jpg\" \/><\/a>\n\t\t\t<\/div><\/figure><figure class='gallery-item'>\n\t\t\t<div class='gallery-icon landscape'>\n\t\t\t\t<a href='https:\/\/www.alqueria.es\/blogs\/alqueriaamarillanaranja\/2014\/04\/25\/clausura-semana-de-la-lectura\/img_0674\/'><img decoding=\"async\" width=\"150\" height=\"150\" src=\"https:\/\/www.alqueria.es\/blogs\/alqueriaamarillanaranja\/wp-content\/uploads\/sites\/9\/2014\/04\/IMG_0674-150x150.jpg\" class=\"attachment-thumbnail size-thumbnail\" alt=\"\" data-attachment-id=\"10626\" data-permalink=\"https:\/\/www.alqueria.es\/blogs\/alqueriaamarillanaranja\/2014\/04\/25\/clausura-semana-de-la-lectura\/img_0674\/\" data-orig-file=\"https:\/\/www.alqueria.es\/blogs\/alqueriaamarillanaranja\/wp-content\/uploads\/sites\/9\/2014\/04\/IMG_0674.jpg\" data-orig-size=\"640,480\" data-comments-opened=\"1\" data-image-meta=\"{&quot;aperture&quot;:&quot;0&quot;,&quot;credit&quot;:&quot;&quot;,&quot;camera&quot;:&quot;&quot;,&quot;caption&quot;:&quot;&quot;,&quot;created_timestamp&quot;:&quot;0&quot;,&quot;copyright&quot;:&quot;&quot;,&quot;focal_length&quot;:&quot;0&quot;,&quot;iso&quot;:&quot;0&quot;,&quot;shutter_speed&quot;:&quot;0&quot;,&quot;title&quot;:&quot;&quot;}\" data-image-title=\"IMG_0674\" data-image-description=\"\" data-image-caption=\"\" data-large-file=\"https:\/\/www.alqueria.es\/blogs\/alqueriaamarillanaranja\/wp-content\/uploads\/sites\/9\/2014\/04\/IMG_0674.jpg\" \/><\/a>\n\t\t\t<\/div><\/figure><figure class='gallery-item'>\n\t\t\t<div class='gallery-icon landscape'>\n\t\t\t\t<a href='https:\/\/www.alqueria.es\/blogs\/alqueriaamarillanaranja\/2014\/04\/25\/clausura-semana-de-la-lectura\/img_0676\/'><img decoding=\"async\" width=\"150\" height=\"150\" src=\"https:\/\/www.alqueria.es\/blogs\/alqueriaamarillanaranja\/wp-content\/uploads\/sites\/9\/2014\/04\/IMG_0676-150x150.jpg\" class=\"attachment-thumbnail size-thumbnail\" alt=\"\" data-attachment-id=\"10627\" data-permalink=\"https:\/\/www.alqueria.es\/blogs\/alqueriaamarillanaranja\/2014\/04\/25\/clausura-semana-de-la-lectura\/img_0676\/\" data-orig-file=\"https:\/\/www.alqueria.es\/blogs\/alqueriaamarillanaranja\/wp-content\/uploads\/sites\/9\/2014\/04\/IMG_0676.jpg\" data-orig-size=\"640,480\" data-comments-opened=\"1\" data-image-meta=\"{&quot;aperture&quot;:&quot;0&quot;,&quot;credit&quot;:&quot;&quot;,&quot;camera&quot;:&quot;&quot;,&quot;caption&quot;:&quot;&quot;,&quot;created_timestamp&quot;:&quot;0&quot;,&quot;copyright&quot;:&quot;&quot;,&quot;focal_length&quot;:&quot;0&quot;,&quot;iso&quot;:&quot;0&quot;,&quot;shutter_speed&quot;:&quot;0&quot;,&quot;title&quot;:&quot;&quot;}\" data-image-title=\"IMG_0676\" data-image-description=\"\" data-image-caption=\"\" data-large-file=\"https:\/\/www.alqueria.es\/blogs\/alqueriaamarillanaranja\/wp-content\/uploads\/sites\/9\/2014\/04\/IMG_0676.jpg\" \/><\/a>\n\t\t\t<\/div><\/figure>\n\t\t<\/div>\n\n<p><span style=\"color: #ff0000\"><strong><em>Por la tarde, volvemos al jard\u00edn para asistir a la representaci\u00f3n de una adaptaci\u00f3n del cuento \u00abLos tres cerditos\u00bb. Se ha tratado de una versi\u00f3n realizada por un grupo de padres y madres de la clase verde, en la que la historia se centra en la relaci\u00f3n con los otros, la mediaci\u00f3n y la resoluci\u00f3n de conflictos. \u00a1Qu\u00e9 buena idea!<\/em><\/strong><\/span><\/p>\n<p><span style=\"color: #ff0000\"><strong><em>A los ni\u00f1os y ni\u00f1as de nuestra clase les ha encantado, han permanecido completamente atentos al teatro, pues adem\u00e1s es una de sus historias favoritas (como ya sab\u00e9is&#8230;..).<\/em><\/strong><\/span><\/p>\n<p class=\"jetpack-slideshow-noscript robots-nocontent\">El pase de diapositivas requiere JavaScript.<\/p><div id=\"gallery-10624-2-slideshow\" class=\"jetpack-slideshow-window jetpack-slideshow jetpack-slideshow-black\" data-trans=\"fade\" data-autostart=\"1\" data-gallery=\"[{&quot;src&quot;:&quot;https:\\\/\\\/www.alqueria.es\\\/blogs\\\/alqueriaamarillanaranja\\\/wp-content\\\/uploads\\\/sites\\\/9\\\/2014\\\/04\\\/IMG_0678.jpg&quot;,&quot;id&quot;:&quot;10661&quot;,&quot;title&quot;:&quot;IMG_0678&quot;,&quot;alt&quot;:&quot;&quot;,&quot;caption&quot;:&quot;&quot;,&quot;itemprop&quot;:&quot;image&quot;},{&quot;src&quot;:&quot;https:\\\/\\\/www.alqueria.es\\\/blogs\\\/alqueriaamarillanaranja\\\/wp-content\\\/uploads\\\/sites\\\/9\\\/2014\\\/04\\\/IMG_0679.jpg&quot;,&quot;id&quot;:&quot;10662&quot;,&quot;title&quot;:&quot;IMG_0679&quot;,&quot;alt&quot;:&quot;&quot;,&quot;caption&quot;:&quot;&quot;,&quot;itemprop&quot;:&quot;image&quot;},{&quot;src&quot;:&quot;https:\\\/\\\/www.alqueria.es\\\/blogs\\\/alqueriaamarillanaranja\\\/wp-content\\\/uploads\\\/sites\\\/9\\\/2014\\\/04\\\/IMG_0687.jpg&quot;,&quot;id&quot;:&quot;10663&quot;,&quot;title&quot;:&quot;IMG_0687&quot;,&quot;alt&quot;:&quot;&quot;,&quot;caption&quot;:&quot;&quot;,&quot;itemprop&quot;:&quot;image&quot;},{&quot;src&quot;:&quot;https:\\\/\\\/www.alqueria.es\\\/blogs\\\/alqueriaamarillanaranja\\\/wp-content\\\/uploads\\\/sites\\\/9\\\/2014\\\/04\\\/IMG_0689.jpg&quot;,&quot;id&quot;:&quot;10664&quot;,&quot;title&quot;:&quot;IMG_0689&quot;,&quot;alt&quot;:&quot;&quot;,&quot;caption&quot;:&quot;&quot;,&quot;itemprop&quot;:&quot;image&quot;},{&quot;src&quot;:&quot;https:\\\/\\\/www.alqueria.es\\\/blogs\\\/alqueriaamarillanaranja\\\/wp-content\\\/uploads\\\/sites\\\/9\\\/2014\\\/04\\\/IMG_0690.jpg&quot;,&quot;id&quot;:&quot;10665&quot;,&quot;title&quot;:&quot;IMG_0690&quot;,&quot;alt&quot;:&quot;&quot;,&quot;caption&quot;:&quot;&quot;,&quot;itemprop&quot;:&quot;image&quot;},{&quot;src&quot;:&quot;https:\\\/\\\/www.alqueria.es\\\/blogs\\\/alqueriaamarillanaranja\\\/wp-content\\\/uploads\\\/sites\\\/9\\\/2014\\\/04\\\/IMG_0691.jpg&quot;,&quot;id&quot;:&quot;10666&quot;,&quot;title&quot;:&quot;IMG_0691&quot;,&quot;alt&quot;:&quot;&quot;,&quot;caption&quot;:&quot;&quot;,&quot;itemprop&quot;:&quot;image&quot;},{&quot;src&quot;:&quot;https:\\\/\\\/www.alqueria.es\\\/blogs\\\/alqueriaamarillanaranja\\\/wp-content\\\/uploads\\\/sites\\\/9\\\/2014\\\/04\\\/IMG_0692.jpg&quot;,&quot;id&quot;:&quot;10667&quot;,&quot;title&quot;:&quot;IMG_0692&quot;,&quot;alt&quot;:&quot;&quot;,&quot;caption&quot;:&quot;&quot;,&quot;itemprop&quot;:&quot;image&quot;},{&quot;src&quot;:&quot;https:\\\/\\\/www.alqueria.es\\\/blogs\\\/alqueriaamarillanaranja\\\/wp-content\\\/uploads\\\/sites\\\/9\\\/2014\\\/04\\\/IMG_0693.jpg&quot;,&quot;id&quot;:&quot;10668&quot;,&quot;title&quot;:&quot;IMG_0693&quot;,&quot;alt&quot;:&quot;&quot;,&quot;caption&quot;:&quot;&quot;,&quot;itemprop&quot;:&quot;image&quot;},{&quot;src&quot;:&quot;https:\\\/\\\/www.alqueria.es\\\/blogs\\\/alqueriaamarillanaranja\\\/wp-content\\\/uploads\\\/sites\\\/9\\\/2014\\\/04\\\/IMG_0694.jpg&quot;,&quot;id&quot;:&quot;10669&quot;,&quot;title&quot;:&quot;IMG_0694&quot;,&quot;alt&quot;:&quot;&quot;,&quot;caption&quot;:&quot;&quot;,&quot;itemprop&quot;:&quot;image&quot;},{&quot;src&quot;:&quot;https:\\\/\\\/www.alqueria.es\\\/blogs\\\/alqueriaamarillanaranja\\\/wp-content\\\/uploads\\\/sites\\\/9\\\/2014\\\/04\\\/IMG_0696.jpg&quot;,&quot;id&quot;:&quot;10670&quot;,&quot;title&quot;:&quot;IMG_0696&quot;,&quot;alt&quot;:&quot;&quot;,&quot;caption&quot;:&quot;&quot;,&quot;itemprop&quot;:&quot;image&quot;},{&quot;src&quot;:&quot;https:\\\/\\\/www.alqueria.es\\\/blogs\\\/alqueriaamarillanaranja\\\/wp-content\\\/uploads\\\/sites\\\/9\\\/2014\\\/04\\\/IMG_0697.jpg&quot;,&quot;id&quot;:&quot;10671&quot;,&quot;title&quot;:&quot;IMG_0697&quot;,&quot;alt&quot;:&quot;&quot;,&quot;caption&quot;:&quot;&quot;,&quot;itemprop&quot;:&quot;image&quot;},{&quot;src&quot;:&quot;https:\\\/\\\/www.alqueria.es\\\/blogs\\\/alqueriaamarillanaranja\\\/wp-content\\\/uploads\\\/sites\\\/9\\\/2014\\\/04\\\/IMG_0698.jpg&quot;,&quot;id&quot;:&quot;10672&quot;,&quot;title&quot;:&quot;IMG_0698&quot;,&quot;alt&quot;:&quot;&quot;,&quot;caption&quot;:&quot;&quot;,&quot;itemprop&quot;:&quot;image&quot;},{&quot;src&quot;:&quot;https:\\\/\\\/www.alqueria.es\\\/blogs\\\/alqueriaamarillanaranja\\\/wp-content\\\/uploads\\\/sites\\\/9\\\/2014\\\/04\\\/IMG_0699.jpg&quot;,&quot;id&quot;:&quot;10673&quot;,&quot;title&quot;:&quot;IMG_0699&quot;,&quot;alt&quot;:&quot;&quot;,&quot;caption&quot;:&quot;&quot;,&quot;itemprop&quot;:&quot;image&quot;},{&quot;src&quot;:&quot;https:\\\/\\\/www.alqueria.es\\\/blogs\\\/alqueriaamarillanaranja\\\/wp-content\\\/uploads\\\/sites\\\/9\\\/2014\\\/04\\\/IMG_0700.jpg&quot;,&quot;id&quot;:&quot;10674&quot;,&quot;title&quot;:&quot;IMG_0700&quot;,&quot;alt&quot;:&quot;&quot;,&quot;caption&quot;:&quot;&quot;,&quot;itemprop&quot;:&quot;image&quot;},{&quot;src&quot;:&quot;https:\\\/\\\/www.alqueria.es\\\/blogs\\\/alqueriaamarillanaranja\\\/wp-content\\\/uploads\\\/sites\\\/9\\\/2014\\\/04\\\/IMG_0701.jpg&quot;,&quot;id&quot;:&quot;10675&quot;,&quot;title&quot;:&quot;IMG_0701&quot;,&quot;alt&quot;:&quot;&quot;,&quot;caption&quot;:&quot;&quot;,&quot;itemprop&quot;:&quot;image&quot;},{&quot;src&quot;:&quot;https:\\\/\\\/www.alqueria.es\\\/blogs\\\/alqueriaamarillanaranja\\\/wp-content\\\/uploads\\\/sites\\\/9\\\/2014\\\/04\\\/IMG_0702.jpg&quot;,&quot;id&quot;:&quot;10676&quot;,&quot;title&quot;:&quot;IMG_0702&quot;,&quot;alt&quot;:&quot;&quot;,&quot;caption&quot;:&quot;&quot;,&quot;itemprop&quot;:&quot;image&quot;},{&quot;src&quot;:&quot;https:\\\/\\\/www.alqueria.es\\\/blogs\\\/alqueriaamarillanaranja\\\/wp-content\\\/uploads\\\/sites\\\/9\\\/2014\\\/04\\\/IMG_0704.jpg&quot;,&quot;id&quot;:&quot;10677&quot;,&quot;title&quot;:&quot;IMG_0704&quot;,&quot;alt&quot;:&quot;&quot;,&quot;caption&quot;:&quot;&quot;,&quot;itemprop&quot;:&quot;image&quot;},{&quot;src&quot;:&quot;https:\\\/\\\/www.alqueria.es\\\/blogs\\\/alqueriaamarillanaranja\\\/wp-content\\\/uploads\\\/sites\\\/9\\\/2014\\\/04\\\/IMG_0705.jpg&quot;,&quot;id&quot;:&quot;10678&quot;,&quot;title&quot;:&quot;IMG_0705&quot;,&quot;alt&quot;:&quot;&quot;,&quot;caption&quot;:&quot;&quot;,&quot;itemprop&quot;:&quot;image&quot;},{&quot;src&quot;:&quot;https:\\\/\\\/www.alqueria.es\\\/blogs\\\/alqueriaamarillanaranja\\\/wp-content\\\/uploads\\\/sites\\\/9\\\/2014\\\/04\\\/IMG_0706.jpg&quot;,&quot;id&quot;:&quot;10679&quot;,&quot;title&quot;:&quot;IMG_0706&quot;,&quot;alt&quot;:&quot;&quot;,&quot;caption&quot;:&quot;&quot;,&quot;itemprop&quot;:&quot;image&quot;},{&quot;src&quot;:&quot;https:\\\/\\\/www.alqueria.es\\\/blogs\\\/alqueriaamarillanaranja\\\/wp-content\\\/uploads\\\/sites\\\/9\\\/2014\\\/04\\\/IMG_0708.jpg&quot;,&quot;id&quot;:&quot;10680&quot;,&quot;title&quot;:&quot;IMG_0708&quot;,&quot;alt&quot;:&quot;&quot;,&quot;caption&quot;:&quot;&quot;,&quot;itemprop&quot;:&quot;image&quot;},{&quot;src&quot;:&quot;https:\\\/\\\/www.alqueria.es\\\/blogs\\\/alqueriaamarillanaranja\\\/wp-content\\\/uploads\\\/sites\\\/9\\\/2014\\\/04\\\/IMG_0709.jpg&quot;,&quot;id&quot;:&quot;10681&quot;,&quot;title&quot;:&quot;IMG_0709&quot;,&quot;alt&quot;:&quot;&quot;,&quot;caption&quot;:&quot;&quot;,&quot;itemprop&quot;:&quot;image&quot;},{&quot;src&quot;:&quot;https:\\\/\\\/www.alqueria.es\\\/blogs\\\/alqueriaamarillanaranja\\\/wp-content\\\/uploads\\\/sites\\\/9\\\/2014\\\/04\\\/IMG_0711.jpg&quot;,&quot;id&quot;:&quot;10682&quot;,&quot;title&quot;:&quot;IMG_0711&quot;,&quot;alt&quot;:&quot;&quot;,&quot;caption&quot;:&quot;&quot;,&quot;itemprop&quot;:&quot;image&quot;}]\" itemscope itemtype=\"https:\/\/schema.org\/ImageGallery\"><\/div>\n<p><span style=\"color: #ff0000\"><strong><em>Desde aqu\u00ed quiero agradecer a todas las \u00abactrices\u00bb su implicaci\u00f3n con nuestro proyecto y el esfuerzo que han realizado para poder traernos hoy esta representaci\u00f3n, es de alabar. Adem\u00e1s, por la parte que me toca, felicito especialmente a Sonia (mam\u00e1 de Nacho), Ana (mam\u00e1 de Laura) y Cristina (mam\u00e1 de Alejandro) por ser componentes de nuestro grupo tambi\u00e9n.\u00a0<\/em><\/strong><\/span><\/p>\n<p><span style=\"color: #993300\"><strong><em>Y con esto&#8230;&#8230;&#8230;.acaba esta semana, que como ya os he dicho al principio creo que ha sido muy especial para todos nosotros.<\/em><\/strong><\/span><\/p>\n<p><a href=\"https:\/\/cloud.alqueria.es\/wp-content\/uploads\/sites\/9\/2014\/04\/images-31.jpg\"><img decoding=\"async\" data-attachment-id=\"10639\" data-permalink=\"https:\/\/www.alqueria.es\/blogs\/alqueriaamarillanaranja\/2014\/04\/25\/clausura-semana-de-la-lectura\/images-3-6\/\" data-orig-file=\"https:\/\/www.alqueria.es\/blogs\/alqueriaamarillanaranja\/wp-content\/uploads\/sites\/9\/2014\/04\/images-31.jpg\" data-orig-size=\"248,203\" data-comments-opened=\"1\" data-image-meta=\"{&quot;aperture&quot;:&quot;0&quot;,&quot;credit&quot;:&quot;&quot;,&quot;camera&quot;:&quot;&quot;,&quot;caption&quot;:&quot;&quot;,&quot;created_timestamp&quot;:&quot;0&quot;,&quot;copyright&quot;:&quot;&quot;,&quot;focal_length&quot;:&quot;0&quot;,&quot;iso&quot;:&quot;0&quot;,&quot;shutter_speed&quot;:&quot;0&quot;,&quot;title&quot;:&quot;&quot;}\" data-image-title=\"images (3)\" data-image-description=\"\" data-image-caption=\"\" data-large-file=\"https:\/\/www.alqueria.es\/blogs\/alqueriaamarillanaranja\/wp-content\/uploads\/sites\/9\/2014\/04\/images-31.jpg\" class=\"aligncenter size-full wp-image-10639\" src=\"https:\/\/cloud.alqueria.es\/wp-content\/uploads\/sites\/9\/2014\/04\/images-31.jpg\" alt=\"images (3)\" width=\"248\" height=\"203\" \/><\/a><\/p>\n<p><span style=\"color: #993300\"><strong><em>La semana que viene ser\u00e1 una semana cortita, jueves y viernes no tenemos cole.<\/em><\/strong><\/span><\/p>\n<p><span style=\"color: #993300\"><strong><em>Descansad el fin de semana. Os espero el lunes.<\/em><\/strong><\/span><\/p>\n<p style=\"text-align: right\"><span style=\"color: #993300\"><strong><em>Loli G\u00e1lvez<\/em><\/strong><\/span><\/p>\n","protected":false},"excerpt":{"rendered":"<p>Hoy viernes, damos cierre a una semana llena de actividades, cuentos, historias y sobre todo, ilusi\u00f3n. Creo que todos, tanto ni\u00f1os como mayores hemos disfrutado much\u00edsimo con la programaci\u00f3n de estos d\u00edas, as\u00ed que el esfuerzo realizado por todos los participantes ha merecido la pena. \u00a1Muchas gracias a todos y todas! Estas han sido las &hellip; <a href=\"https:\/\/www.alqueria.es\/blogs\/alqueriaamarillanaranja\/2014\/04\/25\/clausura-semana-de-la-lectura\/\" class=\"more-link\">Seguir leyendo <span class=\"screen-reader-text\">CLAUSURA SEMANA DE LA LECTURA<\/span> <span class=\"meta-nav\">&rarr;<\/span><\/a><\/p>\n","protected":false},"author":23,"featured_media":0,"comment_status":"open","ping_status":"open","sticky":false,"template":"","format":"standard","meta":{"jetpack_post_was_ever_published":false,"_jetpack_newsletter_access":"","_jetpack_dont_email_post_to_subs":false,"_jetpack_newsletter_tier_id":0,"_jetpack_memberships_contains_paywalled_content":false,"_jetpack_memberships_contains_paid_content":false,"footnotes":"","jetpack_publicize_message":"","jetpack_publicize_feature_enabled":true,"jetpack_social_post_already_shared":true,"jetpack_social_options":{"image_generator_settings":{"template":"highway","default_image_id":0,"font":"","enabled":false},"version":2}},"categories":[6,9,14],"tags":[114],"class_list":["post-10624","post","type-post","status-publish","format-standard","hentry","category-clase-amarilla","category-diario-clase-amarilla","category-fiestas-y-dias-especiales","tag-semana-de-la-lectura"],"jetpack_publicize_connections":[],"jetpack_featured_media_url":"","jetpack_sharing_enabled":true,"jetpack_shortlink":"https:\/\/wp.me\/p4lG08-2Lm","jetpack-related-posts":[],"_links":{"self":[{"href":"https:\/\/www.alqueria.es\/blogs\/alqueriaamarillanaranja\/wp-json\/wp\/v2\/posts\/10624","targetHints":{"allow":["GET"]}}],"collection":[{"href":"https:\/\/www.alqueria.es\/blogs\/alqueriaamarillanaranja\/wp-json\/wp\/v2\/posts"}],"about":[{"href":"https:\/\/www.alqueria.es\/blogs\/alqueriaamarillanaranja\/wp-json\/wp\/v2\/types\/post"}],"author":[{"embeddable":true,"href":"https:\/\/www.alqueria.es\/blogs\/alqueriaamarillanaranja\/wp-json\/wp\/v2\/users\/23"}],"replies":[{"embeddable":true,"href":"https:\/\/www.alqueria.es\/blogs\/alqueriaamarillanaranja\/wp-json\/wp\/v2\/comments?post=10624"}],"version-history":[{"count":0,"href":"https:\/\/www.alqueria.es\/blogs\/alqueriaamarillanaranja\/wp-json\/wp\/v2\/posts\/10624\/revisions"}],"wp:attachment":[{"href":"https:\/\/www.alqueria.es\/blogs\/alqueriaamarillanaranja\/wp-json\/wp\/v2\/media?parent=10624"}],"wp:term":[{"taxonomy":"category","embeddable":true,"href":"https:\/\/www.alqueria.es\/blogs\/alqueriaamarillanaranja\/wp-json\/wp\/v2\/categories?post=10624"},{"taxonomy":"post_tag","embeddable":true,"href":"https:\/\/www.alqueria.es\/blogs\/alqueriaamarillanaranja\/wp-json\/wp\/v2\/tags?post=10624"}],"curies":[{"name":"wp","href":"https:\/\/api.w.org\/{rel}","templated":true}]}}