{"id":11211,"date":"2014-06-02T15:51:05","date_gmt":"2014-06-02T13:51:05","guid":{"rendered":"https:\/\/www.alqueria.es\/blogs\/alqueriaamarillanaranja\/?p=11211"},"modified":"2014-06-02T15:28:46","modified_gmt":"2014-06-02T13:28:46","slug":"el-circo-dibujo-mi-disfraz","status":"publish","type":"post","link":"https:\/\/www.alqueria.es\/blogs\/alqueriaamarillanaranja\/2014\/06\/02\/el-circo-dibujo-mi-disfraz\/","title":{"rendered":"El circo: dibujo mi disfraz"},"content":{"rendered":"<p><strong><em><span style=\"color: #ff0000\">Hoy les planteo a nuestros ni\u00f1os y ni\u00f1as un taller creativo en el que cada uno tiene la oportunidad de pintar c\u00f3mo va a ser su disfraz de la Fiesta de la Primavera. Como sab\u00e9is el tema de la fiesta ser\u00e1 <span style=\"text-decoration: underline\">\u00abEl circo\u00bb<\/span> y todos tienen clar\u00edsimo de qu\u00e9 quieren venir disfrazados, tendremos: muchos forzudos, un le\u00f3n, varios tigres y leopardos, un elefante, una bailarina y alg\u00fan que otro payaso. Seguro que estar\u00e1n gracios\u00edsimos.<\/span><\/em><\/strong><\/p>\n<p><strong><em><span style=\"color: #ff0000\">Con algunas orientaciones (de las partes del cuerpo y a nivel espacial&#8230;) estos son los dibujos que han hecho. Como pod\u00e9is comprobar son todo colorido, igual que el circo.<\/span><\/em><\/strong><\/p>\n<p class=\"jetpack-slideshow-noscript robots-nocontent\">El pase de diapositivas requiere JavaScript.<\/p><div id=\"gallery-11211-1-slideshow\" class=\"jetpack-slideshow-window jetpack-slideshow jetpack-slideshow-black\" data-trans=\"fade\" data-autostart=\"1\" data-gallery=\"[{&quot;src&quot;:&quot;https:\\\/\\\/www.alqueria.es\\\/blogs\\\/alqueriaamarillanaranja\\\/wp-content\\\/uploads\\\/sites\\\/9\\\/2014\\\/06\\\/IMG_0936.jpg&quot;,&quot;id&quot;:&quot;11212&quot;,&quot;title&quot;:&quot;IMG_0936&quot;,&quot;alt&quot;:&quot;&quot;,&quot;caption&quot;:&quot;&quot;,&quot;itemprop&quot;:&quot;image&quot;},{&quot;src&quot;:&quot;https:\\\/\\\/www.alqueria.es\\\/blogs\\\/alqueriaamarillanaranja\\\/wp-content\\\/uploads\\\/sites\\\/9\\\/2014\\\/06\\\/IMG_0937.jpg&quot;,&quot;id&quot;:&quot;11213&quot;,&quot;title&quot;:&quot;IMG_0937&quot;,&quot;alt&quot;:&quot;&quot;,&quot;caption&quot;:&quot;&quot;,&quot;itemprop&quot;:&quot;image&quot;},{&quot;src&quot;:&quot;https:\\\/\\\/www.alqueria.es\\\/blogs\\\/alqueriaamarillanaranja\\\/wp-content\\\/uploads\\\/sites\\\/9\\\/2014\\\/06\\\/IMG_0938.jpg&quot;,&quot;id&quot;:&quot;11214&quot;,&quot;title&quot;:&quot;IMG_0938&quot;,&quot;alt&quot;:&quot;&quot;,&quot;caption&quot;:&quot;&quot;,&quot;itemprop&quot;:&quot;image&quot;},{&quot;src&quot;:&quot;https:\\\/\\\/www.alqueria.es\\\/blogs\\\/alqueriaamarillanaranja\\\/wp-content\\\/uploads\\\/sites\\\/9\\\/2014\\\/06\\\/IMG_0939.jpg&quot;,&quot;id&quot;:&quot;11215&quot;,&quot;title&quot;:&quot;IMG_0939&quot;,&quot;alt&quot;:&quot;&quot;,&quot;caption&quot;:&quot;&quot;,&quot;itemprop&quot;:&quot;image&quot;},{&quot;src&quot;:&quot;https:\\\/\\\/www.alqueria.es\\\/blogs\\\/alqueriaamarillanaranja\\\/wp-content\\\/uploads\\\/sites\\\/9\\\/2014\\\/06\\\/IMG_0940.jpg&quot;,&quot;id&quot;:&quot;11216&quot;,&quot;title&quot;:&quot;IMG_0940&quot;,&quot;alt&quot;:&quot;&quot;,&quot;caption&quot;:&quot;&quot;,&quot;itemprop&quot;:&quot;image&quot;},{&quot;src&quot;:&quot;https:\\\/\\\/www.alqueria.es\\\/blogs\\\/alqueriaamarillanaranja\\\/wp-content\\\/uploads\\\/sites\\\/9\\\/2014\\\/06\\\/IMG_0941.jpg&quot;,&quot;id&quot;:&quot;11217&quot;,&quot;title&quot;:&quot;IMG_0941&quot;,&quot;alt&quot;:&quot;&quot;,&quot;caption&quot;:&quot;&quot;,&quot;itemprop&quot;:&quot;image&quot;},{&quot;src&quot;:&quot;https:\\\/\\\/www.alqueria.es\\\/blogs\\\/alqueriaamarillanaranja\\\/wp-content\\\/uploads\\\/sites\\\/9\\\/2014\\\/06\\\/IMG_0942.jpg&quot;,&quot;id&quot;:&quot;11218&quot;,&quot;title&quot;:&quot;IMG_0942&quot;,&quot;alt&quot;:&quot;&quot;,&quot;caption&quot;:&quot;&quot;,&quot;itemprop&quot;:&quot;image&quot;},{&quot;src&quot;:&quot;https:\\\/\\\/www.alqueria.es\\\/blogs\\\/alqueriaamarillanaranja\\\/wp-content\\\/uploads\\\/sites\\\/9\\\/2014\\\/06\\\/IMG_0943.jpg&quot;,&quot;id&quot;:&quot;11219&quot;,&quot;title&quot;:&quot;IMG_0943&quot;,&quot;alt&quot;:&quot;&quot;,&quot;caption&quot;:&quot;&quot;,&quot;itemprop&quot;:&quot;image&quot;},{&quot;src&quot;:&quot;https:\\\/\\\/www.alqueria.es\\\/blogs\\\/alqueriaamarillanaranja\\\/wp-content\\\/uploads\\\/sites\\\/9\\\/2014\\\/06\\\/IMG_0944.jpg&quot;,&quot;id&quot;:&quot;11220&quot;,&quot;title&quot;:&quot;IMG_0944&quot;,&quot;alt&quot;:&quot;&quot;,&quot;caption&quot;:&quot;&quot;,&quot;itemprop&quot;:&quot;image&quot;},{&quot;src&quot;:&quot;https:\\\/\\\/www.alqueria.es\\\/blogs\\\/alqueriaamarillanaranja\\\/wp-content\\\/uploads\\\/sites\\\/9\\\/2014\\\/06\\\/IMG_0945.jpg&quot;,&quot;id&quot;:&quot;11221&quot;,&quot;title&quot;:&quot;IMG_0945&quot;,&quot;alt&quot;:&quot;&quot;,&quot;caption&quot;:&quot;&quot;,&quot;itemprop&quot;:&quot;image&quot;},{&quot;src&quot;:&quot;https:\\\/\\\/www.alqueria.es\\\/blogs\\\/alqueriaamarillanaranja\\\/wp-content\\\/uploads\\\/sites\\\/9\\\/2014\\\/06\\\/IMG_0946.jpg&quot;,&quot;id&quot;:&quot;11222&quot;,&quot;title&quot;:&quot;IMG_0946&quot;,&quot;alt&quot;:&quot;&quot;,&quot;caption&quot;:&quot;&quot;,&quot;itemprop&quot;:&quot;image&quot;},{&quot;src&quot;:&quot;https:\\\/\\\/www.alqueria.es\\\/blogs\\\/alqueriaamarillanaranja\\\/wp-content\\\/uploads\\\/sites\\\/9\\\/2014\\\/06\\\/IMG_0947.jpg&quot;,&quot;id&quot;:&quot;11223&quot;,&quot;title&quot;:&quot;IMG_0947&quot;,&quot;alt&quot;:&quot;&quot;,&quot;caption&quot;:&quot;&quot;,&quot;itemprop&quot;:&quot;image&quot;},{&quot;src&quot;:&quot;https:\\\/\\\/www.alqueria.es\\\/blogs\\\/alqueriaamarillanaranja\\\/wp-content\\\/uploads\\\/sites\\\/9\\\/2014\\\/06\\\/IMG_0948.jpg&quot;,&quot;id&quot;:&quot;11224&quot;,&quot;title&quot;:&quot;IMG_0948&quot;,&quot;alt&quot;:&quot;&quot;,&quot;caption&quot;:&quot;&quot;,&quot;itemprop&quot;:&quot;image&quot;},{&quot;src&quot;:&quot;https:\\\/\\\/www.alqueria.es\\\/blogs\\\/alqueriaamarillanaranja\\\/wp-content\\\/uploads\\\/sites\\\/9\\\/2014\\\/06\\\/IMG_0949.jpg&quot;,&quot;id&quot;:&quot;11225&quot;,&quot;title&quot;:&quot;IMG_0949&quot;,&quot;alt&quot;:&quot;&quot;,&quot;caption&quot;:&quot;&quot;,&quot;itemprop&quot;:&quot;image&quot;},{&quot;src&quot;:&quot;https:\\\/\\\/www.alqueria.es\\\/blogs\\\/alqueriaamarillanaranja\\\/wp-content\\\/uploads\\\/sites\\\/9\\\/2014\\\/06\\\/IMG_0950.jpg&quot;,&quot;id&quot;:&quot;11226&quot;,&quot;title&quot;:&quot;IMG_0950&quot;,&quot;alt&quot;:&quot;&quot;,&quot;caption&quot;:&quot;&quot;,&quot;itemprop&quot;:&quot;image&quot;}]\" itemscope itemtype=\"https:\/\/schema.org\/ImageGallery\"><\/div>\n<p><strong><em><span style=\"color: #ff0000\">Os animo a que tambi\u00e9n vosotros (\u00ablos mayores\u00bb) prepar\u00e9is vuestro disfraz, as\u00ed todos lo pasaremos mejor.<\/span><\/em><\/strong><\/p>\n<p><strong><em><span style=\"color: #ff0000\">Hasta ma\u00f1ana<\/span><\/em><\/strong><\/p>\n<p style=\"text-align: right\"><strong><em><span style=\"color: #ff0000\">Loli G\u00e1lvez<\/span><\/em><\/strong><\/p>\n<p>&nbsp;<\/p>\n<p>&nbsp;<\/p>\n","protected":false},"excerpt":{"rendered":"<p>Hoy les planteo a nuestros ni\u00f1os y ni\u00f1as un taller creativo en el que cada uno tiene la oportunidad de pintar c\u00f3mo va a ser su disfraz de la Fiesta de la Primavera. Como sab\u00e9is el tema de la fiesta ser\u00e1 \u00abEl circo\u00bb y todos tienen clar\u00edsimo de qu\u00e9 quieren venir disfrazados, tendremos: muchos forzudos, &hellip; <a href=\"https:\/\/www.alqueria.es\/blogs\/alqueriaamarillanaranja\/2014\/06\/02\/el-circo-dibujo-mi-disfraz\/\" class=\"more-link\">Seguir leyendo <span class=\"screen-reader-text\">El circo: dibujo mi disfraz<\/span> <span class=\"meta-nav\">&rarr;<\/span><\/a><\/p>\n","protected":false},"author":23,"featured_media":0,"comment_status":"open","ping_status":"open","sticky":false,"template":"","format":"standard","meta":{"jetpack_post_was_ever_published":false,"_jetpack_newsletter_access":"","_jetpack_dont_email_post_to_subs":false,"_jetpack_newsletter_tier_id":0,"_jetpack_memberships_contains_paywalled_content":false,"_jetpack_memberships_contains_paid_content":false,"footnotes":"","jetpack_publicize_message":"","jetpack_publicize_feature_enabled":true,"jetpack_social_post_already_shared":true,"jetpack_social_options":{"image_generator_settings":{"template":"highway","default_image_id":0,"font":"","enabled":false},"version":2}},"categories":[6,9,18],"tags":[163,64,116],"class_list":["post-11211","post","type-post","status-publish","format-standard","hentry","category-clase-amarilla","category-diario-clase-amarilla","category-talleres","tag-el-circo","tag-fiesta-de-la-primavera","tag-taller-creativo"],"jetpack_publicize_connections":[],"jetpack_featured_media_url":"","jetpack_sharing_enabled":true,"jetpack_shortlink":"https:\/\/wp.me\/p4lG08-2UP","jetpack-related-posts":[],"_links":{"self":[{"href":"https:\/\/www.alqueria.es\/blogs\/alqueriaamarillanaranja\/wp-json\/wp\/v2\/posts\/11211","targetHints":{"allow":["GET"]}}],"collection":[{"href":"https:\/\/www.alqueria.es\/blogs\/alqueriaamarillanaranja\/wp-json\/wp\/v2\/posts"}],"about":[{"href":"https:\/\/www.alqueria.es\/blogs\/alqueriaamarillanaranja\/wp-json\/wp\/v2\/types\/post"}],"author":[{"embeddable":true,"href":"https:\/\/www.alqueria.es\/blogs\/alqueriaamarillanaranja\/wp-json\/wp\/v2\/users\/23"}],"replies":[{"embeddable":true,"href":"https:\/\/www.alqueria.es\/blogs\/alqueriaamarillanaranja\/wp-json\/wp\/v2\/comments?post=11211"}],"version-history":[{"count":0,"href":"https:\/\/www.alqueria.es\/blogs\/alqueriaamarillanaranja\/wp-json\/wp\/v2\/posts\/11211\/revisions"}],"wp:attachment":[{"href":"https:\/\/www.alqueria.es\/blogs\/alqueriaamarillanaranja\/wp-json\/wp\/v2\/media?parent=11211"}],"wp:term":[{"taxonomy":"category","embeddable":true,"href":"https:\/\/www.alqueria.es\/blogs\/alqueriaamarillanaranja\/wp-json\/wp\/v2\/categories?post=11211"},{"taxonomy":"post_tag","embeddable":true,"href":"https:\/\/www.alqueria.es\/blogs\/alqueriaamarillanaranja\/wp-json\/wp\/v2\/tags?post=11211"}],"curies":[{"name":"wp","href":"https:\/\/api.w.org\/{rel}","templated":true}]}}