{"id":11607,"date":"2014-09-29T16:41:38","date_gmt":"2014-09-29T14:41:38","guid":{"rendered":"https:\/\/www.alqueria.es\/blogs\/alqueriaamarillanaranja\/?p=11607"},"modified":"2014-09-29T16:41:38","modified_gmt":"2014-09-29T14:41:38","slug":"mas-visitas","status":"publish","type":"post","link":"https:\/\/www.alqueria.es\/blogs\/alqueriaamarillanaranja\/2014\/09\/29\/mas-visitas\/","title":{"rendered":"M\u00e1s visitas&#8230;."},"content":{"rendered":"<p><em>Comenzamos la semana con la visita de algunas de las mascotas de nuestros compa\u00f1eros de clase.<\/em><\/p>\n<p><em><a href=\"https:\/\/cloud.alqueria.es\/wp-content\/uploads\/sites\/9\/2014\/09\/IMG_20140929_091637.jpg\"><img decoding=\"async\" data-attachment-id=\"11608\" data-permalink=\"https:\/\/www.alqueria.es\/blogs\/alqueriaamarillanaranja\/2014\/09\/29\/mas-visitas\/img_20140929_091637\/\" data-orig-file=\"https:\/\/www.alqueria.es\/blogs\/alqueriaamarillanaranja\/wp-content\/uploads\/sites\/9\/2014\/09\/IMG_20140929_091637.jpg\" data-orig-size=\"1365,1024\" data-comments-opened=\"1\" data-image-meta=\"{&quot;aperture&quot;:&quot;0&quot;,&quot;credit&quot;:&quot;&quot;,&quot;camera&quot;:&quot;&quot;,&quot;caption&quot;:&quot;&quot;,&quot;created_timestamp&quot;:&quot;0&quot;,&quot;copyright&quot;:&quot;&quot;,&quot;focal_length&quot;:&quot;0&quot;,&quot;iso&quot;:&quot;0&quot;,&quot;shutter_speed&quot;:&quot;0&quot;,&quot;title&quot;:&quot;&quot;,&quot;orientation&quot;:&quot;0&quot;}\" data-image-title=\"IMG_20140929_091637\" data-image-description=\"\" data-image-caption=\"\" data-large-file=\"https:\/\/www.alqueria.es\/blogs\/alqueriaamarillanaranja\/wp-content\/uploads\/sites\/9\/2014\/09\/IMG_20140929_091637-1024x768.jpg\" class=\"alignright size-medium wp-image-11608\" src=\"https:\/\/cloud.alqueria.es\/wp-content\/uploads\/sites\/9\/2014\/09\/IMG_20140929_091637-300x225.jpg\" alt=\"IMG_20140929_091637\" width=\"300\" height=\"225\" srcset=\"https:\/\/www.alqueria.es\/blogs\/alqueriaamarillanaranja\/wp-content\/uploads\/sites\/9\/2014\/09\/IMG_20140929_091637-300x225.jpg 300w, https:\/\/www.alqueria.es\/blogs\/alqueriaamarillanaranja\/wp-content\/uploads\/sites\/9\/2014\/09\/IMG_20140929_091637-1024x768.jpg 1024w, https:\/\/www.alqueria.es\/blogs\/alqueriaamarillanaranja\/wp-content\/uploads\/sites\/9\/2014\/09\/IMG_20140929_091637.jpg 1365w\" sizes=\"(max-width: 300px) 100vw, 300px\" \/><\/a>Alejandro ha querido contarnos cosas de Tuni, el gato de sus abuelos. Hemos hablado sobre su alimentaci\u00f3n, su exquisita limpieza, pero lo que m\u00e1s ha llamado la atenci\u00f3n de nuestros ni\u00f1os y ni\u00f1as ha sido la agilidad y equilibrio que tienen estos animales. Alejandro nos ha contado que para realizar estos ejercicios (de saltar y trepar&#8230;..) son fundamentales sus u\u00f1as y tambi\u00e9n su cola, con la que se ayuda para mantener el equilibrio. Alejandro tambi\u00e9n nos ha tra\u00eddo algunas azofaifas que comeremos cuando est\u00e9n maduras.<\/em><\/p>\n<p class=\"jetpack-slideshow-noscript robots-nocontent\">El pase de diapositivas requiere JavaScript.<\/p><div id=\"gallery-11607-1-slideshow\" class=\"jetpack-slideshow-window jetpack-slideshow jetpack-slideshow-black\" data-trans=\"fade\" data-autostart=\"1\" data-gallery=\"[{&quot;src&quot;:&quot;https:\\\/\\\/www.alqueria.es\\\/blogs\\\/alqueriaamarillanaranja\\\/wp-content\\\/uploads\\\/sites\\\/9\\\/2014\\\/09\\\/IMG_20140929_091620.jpg&quot;,&quot;id&quot;:&quot;11609&quot;,&quot;title&quot;:&quot;IMG_20140929_091620&quot;,&quot;alt&quot;:&quot;&quot;,&quot;caption&quot;:&quot;&quot;,&quot;itemprop&quot;:&quot;image&quot;},{&quot;src&quot;:&quot;https:\\\/\\\/www.alqueria.es\\\/blogs\\\/alqueriaamarillanaranja\\\/wp-content\\\/uploads\\\/sites\\\/9\\\/2014\\\/09\\\/IMG_20140929_092343.jpg&quot;,&quot;id&quot;:&quot;11610&quot;,&quot;title&quot;:&quot;IMG_20140929_092343&quot;,&quot;alt&quot;:&quot;&quot;,&quot;caption&quot;:&quot;&quot;,&quot;itemprop&quot;:&quot;image&quot;},{&quot;src&quot;:&quot;https:\\\/\\\/www.alqueria.es\\\/blogs\\\/alqueriaamarillanaranja\\\/wp-content\\\/uploads\\\/sites\\\/9\\\/2014\\\/09\\\/IMG_20140929_092539.jpg&quot;,&quot;id&quot;:&quot;11611&quot;,&quot;title&quot;:&quot;IMG_20140929_092539&quot;,&quot;alt&quot;:&quot;&quot;,&quot;caption&quot;:&quot;&quot;,&quot;itemprop&quot;:&quot;image&quot;},{&quot;src&quot;:&quot;https:\\\/\\\/www.alqueria.es\\\/blogs\\\/alqueriaamarillanaranja\\\/wp-content\\\/uploads\\\/sites\\\/9\\\/2014\\\/09\\\/IMG_20140929_092855.jpg&quot;,&quot;id&quot;:&quot;11612&quot;,&quot;title&quot;:&quot;IMG_20140929_092855&quot;,&quot;alt&quot;:&quot;&quot;,&quot;caption&quot;:&quot;&quot;,&quot;itemprop&quot;:&quot;image&quot;},{&quot;src&quot;:&quot;https:\\\/\\\/www.alqueria.es\\\/blogs\\\/alqueriaamarillanaranja\\\/wp-content\\\/uploads\\\/sites\\\/9\\\/2014\\\/09\\\/IMG_20140929_092950.jpg&quot;,&quot;id&quot;:&quot;11613&quot;,&quot;title&quot;:&quot;IMG_20140929_092950&quot;,&quot;alt&quot;:&quot;&quot;,&quot;caption&quot;:&quot;&quot;,&quot;itemprop&quot;:&quot;image&quot;}]\" itemscope itemtype=\"https:\/\/schema.org\/ImageGallery\"><\/div>\n<p><em><a href=\"https:\/\/cloud.alqueria.es\/wp-content\/uploads\/sites\/9\/2014\/09\/IMG_20140929_094527.jpg\"><img decoding=\"async\" data-attachment-id=\"11614\" data-permalink=\"https:\/\/www.alqueria.es\/blogs\/alqueriaamarillanaranja\/2014\/09\/29\/mas-visitas\/img_20140929_094527\/\" data-orig-file=\"https:\/\/www.alqueria.es\/blogs\/alqueriaamarillanaranja\/wp-content\/uploads\/sites\/9\/2014\/09\/IMG_20140929_094527.jpg\" data-orig-size=\"1365,1024\" data-comments-opened=\"1\" data-image-meta=\"{&quot;aperture&quot;:&quot;0&quot;,&quot;credit&quot;:&quot;&quot;,&quot;camera&quot;:&quot;&quot;,&quot;caption&quot;:&quot;&quot;,&quot;created_timestamp&quot;:&quot;0&quot;,&quot;copyright&quot;:&quot;&quot;,&quot;focal_length&quot;:&quot;0&quot;,&quot;iso&quot;:&quot;0&quot;,&quot;shutter_speed&quot;:&quot;0&quot;,&quot;title&quot;:&quot;&quot;,&quot;orientation&quot;:&quot;0&quot;}\" data-image-title=\"IMG_20140929_094527\" data-image-description=\"\" data-image-caption=\"\" data-large-file=\"https:\/\/www.alqueria.es\/blogs\/alqueriaamarillanaranja\/wp-content\/uploads\/sites\/9\/2014\/09\/IMG_20140929_094527-1024x768.jpg\" class=\"alignleft size-medium wp-image-11614\" src=\"https:\/\/cloud.alqueria.es\/wp-content\/uploads\/sites\/9\/2014\/09\/IMG_20140929_094527-300x225.jpg\" alt=\"IMG_20140929_094527\" width=\"300\" height=\"225\" srcset=\"https:\/\/www.alqueria.es\/blogs\/alqueriaamarillanaranja\/wp-content\/uploads\/sites\/9\/2014\/09\/IMG_20140929_094527-300x225.jpg 300w, https:\/\/www.alqueria.es\/blogs\/alqueriaamarillanaranja\/wp-content\/uploads\/sites\/9\/2014\/09\/IMG_20140929_094527-1024x768.jpg 1024w, https:\/\/www.alqueria.es\/blogs\/alqueriaamarillanaranja\/wp-content\/uploads\/sites\/9\/2014\/09\/IMG_20140929_094527.jpg 1365w\" sizes=\"(max-width: 300px) 100vw, 300px\" \/><\/a>Daniela y Martina por su parte nos han tra\u00eddo a su gran tortuga Mini, que normalmente vive en casa de su abuela. Nos han contado que es una tortuga de tierra, por lo que no necesita estar en remojo todo el d\u00eda. Tambi\u00e9n nos ha sorprendido que come lechuga, y a c\u00e1scaras de fruta (as\u00ed que le hemos echado una c\u00e1scara del mel\u00f3n que nos acab\u00e1bamos de comer). Hemos podido observar por qu\u00e9 dicen que las tortugas son lentas&#8230;&#8230;&#8230;.., hemos estado al menos cinco minutos esperando a que atravesara nuestra asamblea.<\/em><\/p>\n<p class=\"jetpack-slideshow-noscript robots-nocontent\">El pase de diapositivas requiere JavaScript.<\/p><div id=\"gallery-11607-2-slideshow\" class=\"jetpack-slideshow-window jetpack-slideshow jetpack-slideshow-black\" data-trans=\"fade\" data-autostart=\"1\" data-gallery=\"[{&quot;src&quot;:&quot;https:\\\/\\\/www.alqueria.es\\\/blogs\\\/alqueriaamarillanaranja\\\/wp-content\\\/uploads\\\/sites\\\/9\\\/2014\\\/09\\\/IMG_20140929_094422.jpg&quot;,&quot;id&quot;:&quot;11615&quot;,&quot;title&quot;:&quot;IMG_20140929_094422&quot;,&quot;alt&quot;:&quot;&quot;,&quot;caption&quot;:&quot;&quot;,&quot;itemprop&quot;:&quot;image&quot;},{&quot;src&quot;:&quot;https:\\\/\\\/www.alqueria.es\\\/blogs\\\/alqueriaamarillanaranja\\\/wp-content\\\/uploads\\\/sites\\\/9\\\/2014\\\/09\\\/IMG_20140929_094450.jpg&quot;,&quot;id&quot;:&quot;11616&quot;,&quot;title&quot;:&quot;IMG_20140929_094450&quot;,&quot;alt&quot;:&quot;&quot;,&quot;caption&quot;:&quot;&quot;,&quot;itemprop&quot;:&quot;image&quot;},{&quot;src&quot;:&quot;https:\\\/\\\/www.alqueria.es\\\/blogs\\\/alqueriaamarillanaranja\\\/wp-content\\\/uploads\\\/sites\\\/9\\\/2014\\\/09\\\/IMG_20140929_094513.jpg&quot;,&quot;id&quot;:&quot;11617&quot;,&quot;title&quot;:&quot;IMG_20140929_094513&quot;,&quot;alt&quot;:&quot;&quot;,&quot;caption&quot;:&quot;&quot;,&quot;itemprop&quot;:&quot;image&quot;},{&quot;src&quot;:&quot;https:\\\/\\\/www.alqueria.es\\\/blogs\\\/alqueriaamarillanaranja\\\/wp-content\\\/uploads\\\/sites\\\/9\\\/2014\\\/09\\\/IMG_20140929_094707.jpg&quot;,&quot;id&quot;:&quot;11618&quot;,&quot;title&quot;:&quot;IMG_20140929_094707&quot;,&quot;alt&quot;:&quot;&quot;,&quot;caption&quot;:&quot;&quot;,&quot;itemprop&quot;:&quot;image&quot;},{&quot;src&quot;:&quot;https:\\\/\\\/www.alqueria.es\\\/blogs\\\/alqueriaamarillanaranja\\\/wp-content\\\/uploads\\\/sites\\\/9\\\/2014\\\/09\\\/IMG_20140929_094745.jpg&quot;,&quot;id&quot;:&quot;11619&quot;,&quot;title&quot;:&quot;IMG_20140929_094745&quot;,&quot;alt&quot;:&quot;&quot;,&quot;caption&quot;:&quot;&quot;,&quot;itemprop&quot;:&quot;image&quot;}]\" itemscope itemtype=\"https:\/\/schema.org\/ImageGallery\"><\/div>\n<p><em>Y por \u00faltimo \u00c1lvaro Garc\u00eda ha tra\u00eddo una peque\u00f1a mascota que ha <a href=\"https:\/\/cloud.alqueria.es\/wp-content\/uploads\/sites\/9\/2014\/09\/IMG_20140929_095201.jpg\"><img decoding=\"async\" data-attachment-id=\"11620\" data-permalink=\"https:\/\/www.alqueria.es\/blogs\/alqueriaamarillanaranja\/2014\/09\/29\/mas-visitas\/img_20140929_095201\/\" data-orig-file=\"https:\/\/www.alqueria.es\/blogs\/alqueriaamarillanaranja\/wp-content\/uploads\/sites\/9\/2014\/09\/IMG_20140929_095201.jpg\" data-orig-size=\"1365,1024\" data-comments-opened=\"1\" data-image-meta=\"{&quot;aperture&quot;:&quot;0&quot;,&quot;credit&quot;:&quot;&quot;,&quot;camera&quot;:&quot;&quot;,&quot;caption&quot;:&quot;&quot;,&quot;created_timestamp&quot;:&quot;0&quot;,&quot;copyright&quot;:&quot;&quot;,&quot;focal_length&quot;:&quot;0&quot;,&quot;iso&quot;:&quot;0&quot;,&quot;shutter_speed&quot;:&quot;0&quot;,&quot;title&quot;:&quot;&quot;,&quot;orientation&quot;:&quot;0&quot;}\" data-image-title=\"IMG_20140929_095201\" data-image-description=\"\" data-image-caption=\"\" data-large-file=\"https:\/\/www.alqueria.es\/blogs\/alqueriaamarillanaranja\/wp-content\/uploads\/sites\/9\/2014\/09\/IMG_20140929_095201-1024x768.jpg\" class=\"alignright size-medium wp-image-11620\" src=\"https:\/\/cloud.alqueria.es\/wp-content\/uploads\/sites\/9\/2014\/09\/IMG_20140929_095201-300x225.jpg\" alt=\"IMG_20140929_095201\" width=\"300\" height=\"225\" srcset=\"https:\/\/www.alqueria.es\/blogs\/alqueriaamarillanaranja\/wp-content\/uploads\/sites\/9\/2014\/09\/IMG_20140929_095201-300x225.jpg 300w, https:\/\/www.alqueria.es\/blogs\/alqueriaamarillanaranja\/wp-content\/uploads\/sites\/9\/2014\/09\/IMG_20140929_095201-1024x768.jpg 1024w, https:\/\/www.alqueria.es\/blogs\/alqueriaamarillanaranja\/wp-content\/uploads\/sites\/9\/2014\/09\/IMG_20140929_095201.jpg 1365w\" sizes=\"(max-width: 300px) 100vw, 300px\" \/><\/a>recogido en el campo cuando paseaba con sus padres: un caracol. Lo ha tra\u00eddo en una cajita con agujeros, porque dice que son muy importantes para que pueda respirar sino se morir\u00eda&#8230;&#8230;.Tambi\u00e9n nos ha ense\u00f1ado algunos de los \u00abtesorillos\u00bb de Oto\u00f1o que fue encontrando en su paseo: una ramita de lavanda, otra de olivo, romero, unas ramitas de madro\u00f1o, algunos caparazones de caracol, hojas de diferentes colores&#8230;&#8230;..<\/em><\/p>\n<p><em>\u00a1Much\u00edsimas gracias a todos por vuestra colaboraci\u00f3n!<\/em><\/p>\n<p><em>Tras la exposici\u00f3n de animales de compa\u00f1\u00eda, y mientras el juego se desarrollaba en el aula, hemos tenido un taller de pintura con t\u00e9mpera en el que cada uno ha dibujado la mascota que m\u00e1s le ha gustado (de las tres que hoy nos han visitado). Pod\u00e9is ver los trabajos en el tabl\u00f3n. Durante el juego \u00a0nos hemos convertido en gatitos, maquillaje incluido.\u00a0<\/em><\/p>\n<p><em>Por la tarde hemos realizado un mural en la pizarra en el que hemos ido clasificando las fotograf\u00edas de animales que han tra\u00eddo algunos compa\u00f1eros, dependiendo de si son mascotas o no.<\/em><\/p>\n<p><em>Como veis hemos empezado la semana con mucha energia.<\/em><\/p>\n<p style=\"text-align: right\"><em>Loli G\u00e1lvez<\/em><\/p>\n","protected":false},"excerpt":{"rendered":"<p>Comenzamos la semana con la visita de algunas de las mascotas de nuestros compa\u00f1eros de clase. Alejandro ha querido contarnos cosas de Tuni, el gato de sus abuelos. Hemos hablado sobre su alimentaci\u00f3n, su exquisita limpieza, pero lo que m\u00e1s ha llamado la atenci\u00f3n de nuestros ni\u00f1os y ni\u00f1as ha sido la agilidad y equilibrio &hellip; <a href=\"https:\/\/www.alqueria.es\/blogs\/alqueriaamarillanaranja\/2014\/09\/29\/mas-visitas\/\" class=\"more-link\">Seguir leyendo <span class=\"screen-reader-text\">M\u00e1s visitas&#8230;.<\/span> <span class=\"meta-nav\">&rarr;<\/span><\/a><\/p>\n","protected":false},"author":23,"featured_media":0,"comment_status":"open","ping_status":"open","sticky":false,"template":"","format":"standard","meta":{"jetpack_post_was_ever_published":false,"_jetpack_newsletter_access":"","_jetpack_dont_email_post_to_subs":false,"_jetpack_newsletter_tier_id":0,"_jetpack_memberships_contains_paywalled_content":false,"_jetpack_memberships_contains_paid_content":false,"footnotes":"","jetpack_publicize_message":"","jetpack_publicize_feature_enabled":true,"jetpack_social_post_already_shared":true,"jetpack_social_options":{"image_generator_settings":{"template":"highway","default_image_id":0,"font":"","enabled":false},"version":2}},"categories":[7,8,19],"tags":[88,89,116],"class_list":["post-11607","post","type-post","status-publish","format-standard","hentry","category-clase-naranja","category-diario","category-talleres-creativos","tag-mascotas","tag-metodo-de-propuestas","tag-taller-creativo"],"jetpack_publicize_connections":[],"jetpack_featured_media_url":"","jetpack_sharing_enabled":true,"jetpack_shortlink":"https:\/\/wp.me\/p4lG08-31d","jetpack-related-posts":[],"_links":{"self":[{"href":"https:\/\/www.alqueria.es\/blogs\/alqueriaamarillanaranja\/wp-json\/wp\/v2\/posts\/11607","targetHints":{"allow":["GET"]}}],"collection":[{"href":"https:\/\/www.alqueria.es\/blogs\/alqueriaamarillanaranja\/wp-json\/wp\/v2\/posts"}],"about":[{"href":"https:\/\/www.alqueria.es\/blogs\/alqueriaamarillanaranja\/wp-json\/wp\/v2\/types\/post"}],"author":[{"embeddable":true,"href":"https:\/\/www.alqueria.es\/blogs\/alqueriaamarillanaranja\/wp-json\/wp\/v2\/users\/23"}],"replies":[{"embeddable":true,"href":"https:\/\/www.alqueria.es\/blogs\/alqueriaamarillanaranja\/wp-json\/wp\/v2\/comments?post=11607"}],"version-history":[{"count":0,"href":"https:\/\/www.alqueria.es\/blogs\/alqueriaamarillanaranja\/wp-json\/wp\/v2\/posts\/11607\/revisions"}],"wp:attachment":[{"href":"https:\/\/www.alqueria.es\/blogs\/alqueriaamarillanaranja\/wp-json\/wp\/v2\/media?parent=11607"}],"wp:term":[{"taxonomy":"category","embeddable":true,"href":"https:\/\/www.alqueria.es\/blogs\/alqueriaamarillanaranja\/wp-json\/wp\/v2\/categories?post=11607"},{"taxonomy":"post_tag","embeddable":true,"href":"https:\/\/www.alqueria.es\/blogs\/alqueriaamarillanaranja\/wp-json\/wp\/v2\/tags?post=11607"}],"curies":[{"name":"wp","href":"https:\/\/api.w.org\/{rel}","templated":true}]}}