{"id":11639,"date":"2014-10-01T16:22:53","date_gmt":"2014-10-01T14:22:53","guid":{"rendered":"https:\/\/www.alqueria.es\/blogs\/alqueriaamarillanaranja\/?p=11639"},"modified":"2014-10-01T16:14:40","modified_gmt":"2014-10-01T14:14:40","slug":"somos-uno-mas","status":"publish","type":"post","link":"https:\/\/www.alqueria.es\/blogs\/alqueriaamarillanaranja\/2014\/10\/01\/somos-uno-mas\/","title":{"rendered":"\u00a1Somos uno m\u00e1s!"},"content":{"rendered":"<p><span style=\"color: #800080\"><em><a href=\"https:\/\/cloud.alqueria.es\/wp-content\/uploads\/sites\/9\/2014\/10\/images.jpg\"><img decoding=\"async\" data-attachment-id=\"11649\" data-permalink=\"https:\/\/www.alqueria.es\/blogs\/alqueriaamarillanaranja\/2014\/10\/01\/somos-uno-mas\/images-40\/\" data-orig-file=\"https:\/\/www.alqueria.es\/blogs\/alqueriaamarillanaranja\/wp-content\/uploads\/sites\/9\/2014\/10\/images.jpg\" data-orig-size=\"276,183\" data-comments-opened=\"1\" data-image-meta=\"{&quot;aperture&quot;:&quot;0&quot;,&quot;credit&quot;:&quot;&quot;,&quot;camera&quot;:&quot;&quot;,&quot;caption&quot;:&quot;&quot;,&quot;created_timestamp&quot;:&quot;0&quot;,&quot;copyright&quot;:&quot;&quot;,&quot;focal_length&quot;:&quot;0&quot;,&quot;iso&quot;:&quot;0&quot;,&quot;shutter_speed&quot;:&quot;0&quot;,&quot;title&quot;:&quot;&quot;,&quot;orientation&quot;:&quot;0&quot;}\" data-image-title=\"images\" data-image-description=\"\" data-image-caption=\"\" data-large-file=\"https:\/\/www.alqueria.es\/blogs\/alqueriaamarillanaranja\/wp-content\/uploads\/sites\/9\/2014\/10\/images.jpg\" class=\"alignleft size-full wp-image-11649\" src=\"https:\/\/cloud.alqueria.es\/wp-content\/uploads\/sites\/9\/2014\/10\/images.jpg\" alt=\"images\" width=\"276\" height=\"183\" \/><\/a>Hoy hemos dado la bienvenida a un \u00a0nuevo compa\u00f1ero a nuestro grupo, se llama Hector y hoy ha venido a conocernos solamente, ma\u00f1ana ser\u00e1 su primer d\u00eda oficial con nosotros. \u00a1Bienvenido Hector!<\/em><\/span><\/p>\n<p><span style=\"color: #800080\"><em>En la asamblea hemos estructurado nuestro d\u00eda, de forma que desde primera hora sabemos que \u00abcomo hoy es mi\u00e9rcoles&#8230;&#8230;.\u00bb vamos a tener ingl\u00e9s por la ma\u00f1ana y m\u00fasica por la tarde (para ellos despu\u00e9s de comer, jajaja). Esta actividad nos sirve como un buen trabajo de orientaci\u00f3n temporal; poco a poco iremos reconociendo el nombre de los d\u00edas de la semana, el orden que tienen en la misma, y adem\u00e1s qu\u00e9 hacemos cada uno de esos d\u00edas. \u00a1Todo un reto!<img decoding=\"async\" data-attachment-id=\"11650\" data-permalink=\"https:\/\/www.alqueria.es\/blogs\/alqueriaamarillanaranja\/2014\/10\/01\/somos-uno-mas\/attachment\/09\/\" data-orig-file=\"https:\/\/www.alqueria.es\/blogs\/alqueriaamarillanaranja\/wp-content\/uploads\/sites\/9\/2014\/10\/09.jpg\" data-orig-size=\"200,252\" data-comments-opened=\"1\" data-image-meta=\"{&quot;aperture&quot;:&quot;0&quot;,&quot;credit&quot;:&quot;&quot;,&quot;camera&quot;:&quot;&quot;,&quot;caption&quot;:&quot;&quot;,&quot;created_timestamp&quot;:&quot;0&quot;,&quot;copyright&quot;:&quot;&quot;,&quot;focal_length&quot;:&quot;0&quot;,&quot;iso&quot;:&quot;0&quot;,&quot;shutter_speed&quot;:&quot;0&quot;,&quot;title&quot;:&quot;&quot;,&quot;orientation&quot;:&quot;0&quot;}\" data-image-title=\"09\" data-image-description=\"\" data-image-caption=\"\" data-large-file=\"https:\/\/www.alqueria.es\/blogs\/alqueriaamarillanaranja\/wp-content\/uploads\/sites\/9\/2014\/10\/09.jpg\" class=\"alignright size-full wp-image-11650\" src=\"https:\/\/cloud.alqueria.es\/wp-content\/uploads\/sites\/9\/2014\/10\/09.jpg\" alt=\"09\" width=\"200\" height=\"252\" \/><\/em><\/span><\/p>\n<p><span style=\"color: #800080\"><em>Por la tarde, durante la asamblea hemos le\u00eddo el libro que ha tra\u00eddo de casa Nacho, \u00abFrederick\u00bb.<\/em><\/span><\/p>\n<p><span style=\"color: #800080\"><em>Hasta ma\u00f1ana<\/em><\/span><\/p>\n<p style=\"text-align: left\"><span style=\"color: #800080\"><em>Loli G\u00e1lvez<\/em><\/span><\/p>\n","protected":false},"excerpt":{"rendered":"<p>Hoy hemos dado la bienvenida a un \u00a0nuevo compa\u00f1ero a nuestro grupo, se llama Hector y hoy ha venido a conocernos solamente, ma\u00f1ana ser\u00e1 su primer d\u00eda oficial con nosotros. \u00a1Bienvenido Hector! En la asamblea hemos estructurado nuestro d\u00eda, de forma que desde primera hora sabemos que \u00abcomo hoy es mi\u00e9rcoles&#8230;&#8230;.\u00bb vamos a tener ingl\u00e9s &hellip; <a href=\"https:\/\/www.alqueria.es\/blogs\/alqueriaamarillanaranja\/2014\/10\/01\/somos-uno-mas\/\" class=\"more-link\">Seguir leyendo <span class=\"screen-reader-text\">\u00a1Somos uno m\u00e1s!<\/span> <span class=\"meta-nav\">&rarr;<\/span><\/a><\/p>\n","protected":false},"author":23,"featured_media":0,"comment_status":"open","ping_status":"open","sticky":false,"template":"","format":"standard","meta":{"jetpack_post_was_ever_published":false,"_jetpack_newsletter_access":"","_jetpack_dont_email_post_to_subs":false,"_jetpack_newsletter_tier_id":0,"_jetpack_memberships_contains_paywalled_content":false,"_jetpack_memberships_contains_paid_content":false,"footnotes":"","jetpack_publicize_message":"","jetpack_publicize_feature_enabled":true,"jetpack_social_post_already_shared":true,"jetpack_social_options":{"image_generator_settings":{"template":"highway","default_image_id":0,"font":"","enabled":false},"version":2}},"categories":[7,8],"tags":[285,89],"class_list":["post-11639","post","type-post","status-publish","format-standard","hentry","category-clase-naranja","category-diario","tag-alfabetizacion","tag-metodo-de-propuestas"],"jetpack_publicize_connections":[],"jetpack_featured_media_url":"","jetpack_sharing_enabled":true,"jetpack_shortlink":"https:\/\/wp.me\/p4lG08-31J","jetpack-related-posts":[],"_links":{"self":[{"href":"https:\/\/www.alqueria.es\/blogs\/alqueriaamarillanaranja\/wp-json\/wp\/v2\/posts\/11639","targetHints":{"allow":["GET"]}}],"collection":[{"href":"https:\/\/www.alqueria.es\/blogs\/alqueriaamarillanaranja\/wp-json\/wp\/v2\/posts"}],"about":[{"href":"https:\/\/www.alqueria.es\/blogs\/alqueriaamarillanaranja\/wp-json\/wp\/v2\/types\/post"}],"author":[{"embeddable":true,"href":"https:\/\/www.alqueria.es\/blogs\/alqueriaamarillanaranja\/wp-json\/wp\/v2\/users\/23"}],"replies":[{"embeddable":true,"href":"https:\/\/www.alqueria.es\/blogs\/alqueriaamarillanaranja\/wp-json\/wp\/v2\/comments?post=11639"}],"version-history":[{"count":0,"href":"https:\/\/www.alqueria.es\/blogs\/alqueriaamarillanaranja\/wp-json\/wp\/v2\/posts\/11639\/revisions"}],"wp:attachment":[{"href":"https:\/\/www.alqueria.es\/blogs\/alqueriaamarillanaranja\/wp-json\/wp\/v2\/media?parent=11639"}],"wp:term":[{"taxonomy":"category","embeddable":true,"href":"https:\/\/www.alqueria.es\/blogs\/alqueriaamarillanaranja\/wp-json\/wp\/v2\/categories?post=11639"},{"taxonomy":"post_tag","embeddable":true,"href":"https:\/\/www.alqueria.es\/blogs\/alqueriaamarillanaranja\/wp-json\/wp\/v2\/tags?post=11639"}],"curies":[{"name":"wp","href":"https:\/\/api.w.org\/{rel}","templated":true}]}}