{"id":117,"date":"2012-04-26T08:50:18","date_gmt":"2012-04-26T08:50:18","guid":{"rendered":"http:\/\/alqueriaamarillanaranja.wordpress.com\/?p=117"},"modified":"2014-02-24T12:36:48","modified_gmt":"2014-02-24T12:36:48","slug":"cuento-motor-los-indios-naranjitas","status":"publish","type":"post","link":"https:\/\/www.alqueria.es\/blogs\/alqueriaamarillanaranja\/2012\/04\/26\/cuento-motor-los-indios-naranjitas\/","title":{"rendered":"CUENTO MOTOR: \u00abLOS INDIOS NARANJITAS\u00bb"},"content":{"rendered":"<p><img decoding=\"async\" data-attachment-id=\"121\" data-permalink=\"https:\/\/www.alqueria.es\/blogs\/alqueriaamarillanaranja\/dsc09638\/\" data-orig-file=\"https:\/\/www.alqueria.es\/blogs\/alqueriaamarillanaranja\/wp-content\/uploads\/sites\/9\/2012\/04\/dsc09638.jpg\" data-orig-size=\"640,480\" data-comments-opened=\"1\" data-image-meta=\"{&quot;aperture&quot;:&quot;0&quot;,&quot;credit&quot;:&quot;&quot;,&quot;camera&quot;:&quot;&quot;,&quot;caption&quot;:&quot;&quot;,&quot;created_timestamp&quot;:&quot;0&quot;,&quot;copyright&quot;:&quot;&quot;,&quot;focal_length&quot;:&quot;0&quot;,&quot;iso&quot;:&quot;0&quot;,&quot;shutter_speed&quot;:&quot;0&quot;,&quot;title&quot;:&quot;&quot;}\" data-image-title=\"DSC09638\" data-image-description=\"\" data-image-caption=\"\" data-large-file=\"https:\/\/www.alqueria.es\/blogs\/alqueriaamarillanaranja\/wp-content\/uploads\/sites\/9\/2012\/04\/dsc09638.jpg\" class=\"alignleft  wp-image-121\" title=\"DSC09638\" src=\"https:\/\/cloud.alqueria.es\/wp-content\/uploads\/sites\/9\/2012\/04\/dsc096381.jpg\" alt=\"\" width=\"300\" height=\"239\" \/>A primera hora comenzamos con una actividad de lo m\u00e1s motivadora para los ni\u00f1os y ni\u00f1as, un cuento motor. Los organizadores o \u00abcuentacuentos\u00bb en este caso son Maribel (mam\u00e1 de Alejandra de la clase verde) y Alberto (nuestro profe de educaci\u00f3n f\u00edsica). Nos citan en la pista deportiva y all\u00ed tienen todo el material preparado para que comience la actividad. Se trata de un recorrido que van haciendo \u00abnuestros indios\u00bb a trav\u00e9s de la pradera, un r\u00edo, un puente, a caballo&#8230;.. \u00a1hasta hemos cazado un bisonte! Lo han pasado fenomenal y hemos llegado al aula content\u00edsimos y sedientos. \u00a1OZ\u00da QUE BIEN! Muchas gracias por vuestra colaboraci\u00f3n.<\/p>\n<p>&nbsp;<\/p>\n<p style=\"text-align:right\">Loli G\u00e1lvez<\/p>\n<p style=\"text-align:center\"><a href=\"http:\/\/alqueriaamarillanaranja.files.wordpress.com\/2012\/04\/dsc09620.jpg\"><img decoding=\"async\" data-attachment-id=\"118\" data-permalink=\"https:\/\/www.alqueria.es\/blogs\/alqueriaamarillanaranja\/dsc09620\/\" data-orig-file=\"https:\/\/www.alqueria.es\/blogs\/alqueriaamarillanaranja\/wp-content\/uploads\/sites\/9\/2012\/04\/dsc09620.jpg\" data-orig-size=\"640,480\" data-comments-opened=\"1\" data-image-meta=\"{&quot;aperture&quot;:&quot;0&quot;,&quot;credit&quot;:&quot;&quot;,&quot;camera&quot;:&quot;&quot;,&quot;caption&quot;:&quot;&quot;,&quot;created_timestamp&quot;:&quot;0&quot;,&quot;copyright&quot;:&quot;&quot;,&quot;focal_length&quot;:&quot;0&quot;,&quot;iso&quot;:&quot;0&quot;,&quot;shutter_speed&quot;:&quot;0&quot;,&quot;title&quot;:&quot;&quot;}\" data-image-title=\"DSC09620\" data-image-description=\"\" data-image-caption=\"\" data-large-file=\"https:\/\/www.alqueria.es\/blogs\/alqueriaamarillanaranja\/wp-content\/uploads\/sites\/9\/2012\/04\/dsc09620.jpg\" class=\"alignleft size-medium wp-image-118\" title=\"DSC09620\" src=\"https:\/\/cloud.alqueria.es\/wp-content\/uploads\/sites\/9\/2012\/04\/dsc096201.jpg\" alt=\"\" width=\"300\" height=\"225\" \/><\/a><img decoding=\"async\" data-attachment-id=\"120\" data-permalink=\"https:\/\/www.alqueria.es\/blogs\/alqueriaamarillanaranja\/dsc09627\/\" data-orig-file=\"https:\/\/www.alqueria.es\/blogs\/alqueriaamarillanaranja\/wp-content\/uploads\/sites\/9\/2012\/04\/dsc09627.jpg\" data-orig-size=\"640,480\" data-comments-opened=\"1\" data-image-meta=\"{&quot;aperture&quot;:&quot;0&quot;,&quot;credit&quot;:&quot;&quot;,&quot;camera&quot;:&quot;&quot;,&quot;caption&quot;:&quot;&quot;,&quot;created_timestamp&quot;:&quot;0&quot;,&quot;copyright&quot;:&quot;&quot;,&quot;focal_length&quot;:&quot;0&quot;,&quot;iso&quot;:&quot;0&quot;,&quot;shutter_speed&quot;:&quot;0&quot;,&quot;title&quot;:&quot;&quot;}\" data-image-title=\"DSC09627\" data-image-description=\"\" data-image-caption=\"\" data-large-file=\"https:\/\/www.alqueria.es\/blogs\/alqueriaamarillanaranja\/wp-content\/uploads\/sites\/9\/2012\/04\/dsc09627.jpg\" class=\"alignright  wp-image-120\" title=\"DSC09627\" src=\"https:\/\/cloud.alqueria.es\/wp-content\/uploads\/sites\/9\/2012\/04\/dsc096271.jpg\" alt=\"\" width=\"300\" height=\"225\" \/><\/p>\n","protected":false},"excerpt":{"rendered":"<p>A primera hora comenzamos con una actividad de lo m\u00e1s motivadora para los ni\u00f1os y ni\u00f1as, un cuento motor. Los organizadores o \u00abcuentacuentos\u00bb en este caso son Maribel (mam\u00e1 de Alejandra de la clase verde) y Alberto (nuestro profe de educaci\u00f3n f\u00edsica). Nos citan en la pista deportiva y all\u00ed tienen todo el material preparado &hellip; <a href=\"https:\/\/www.alqueria.es\/blogs\/alqueriaamarillanaranja\/2012\/04\/26\/cuento-motor-los-indios-naranjitas\/\" class=\"more-link\">Seguir leyendo <span class=\"screen-reader-text\">CUENTO MOTOR: \u00abLOS INDIOS NARANJITAS\u00bb<\/span> <span class=\"meta-nav\">&rarr;<\/span><\/a><\/p>\n","protected":false},"author":20,"featured_media":0,"comment_status":"open","ping_status":"open","sticky":false,"template":"","format":"standard","meta":{"jetpack_post_was_ever_published":false,"_jetpack_newsletter_access":"","_jetpack_dont_email_post_to_subs":false,"_jetpack_newsletter_tier_id":0,"_jetpack_memberships_contains_paywalled_content":false,"_jetpack_memberships_contains_paid_content":false,"footnotes":"","jetpack_publicize_message":"","jetpack_publicize_feature_enabled":true,"jetpack_social_post_already_shared":true,"jetpack_social_options":{"image_generator_settings":{"template":"highway","default_image_id":0,"font":"","enabled":false},"version":2}},"categories":[6],"tags":[],"class_list":["post-117","post","type-post","status-publish","format-standard","hentry","category-clase-amarilla"],"jetpack_publicize_connections":[],"jetpack_featured_media_url":"","jetpack_sharing_enabled":true,"jetpack_shortlink":"https:\/\/wp.me\/p4lG08-1T","jetpack-related-posts":[],"_links":{"self":[{"href":"https:\/\/www.alqueria.es\/blogs\/alqueriaamarillanaranja\/wp-json\/wp\/v2\/posts\/117","targetHints":{"allow":["GET"]}}],"collection":[{"href":"https:\/\/www.alqueria.es\/blogs\/alqueriaamarillanaranja\/wp-json\/wp\/v2\/posts"}],"about":[{"href":"https:\/\/www.alqueria.es\/blogs\/alqueriaamarillanaranja\/wp-json\/wp\/v2\/types\/post"}],"author":[{"embeddable":true,"href":"https:\/\/www.alqueria.es\/blogs\/alqueriaamarillanaranja\/wp-json\/wp\/v2\/users\/20"}],"replies":[{"embeddable":true,"href":"https:\/\/www.alqueria.es\/blogs\/alqueriaamarillanaranja\/wp-json\/wp\/v2\/comments?post=117"}],"version-history":[{"count":0,"href":"https:\/\/www.alqueria.es\/blogs\/alqueriaamarillanaranja\/wp-json\/wp\/v2\/posts\/117\/revisions"}],"wp:attachment":[{"href":"https:\/\/www.alqueria.es\/blogs\/alqueriaamarillanaranja\/wp-json\/wp\/v2\/media?parent=117"}],"wp:term":[{"taxonomy":"category","embeddable":true,"href":"https:\/\/www.alqueria.es\/blogs\/alqueriaamarillanaranja\/wp-json\/wp\/v2\/categories?post=117"},{"taxonomy":"post_tag","embeddable":true,"href":"https:\/\/www.alqueria.es\/blogs\/alqueriaamarillanaranja\/wp-json\/wp\/v2\/tags?post=117"}],"curies":[{"name":"wp","href":"https:\/\/api.w.org\/{rel}","templated":true}]}}