{"id":11714,"date":"2014-10-07T15:45:12","date_gmt":"2014-10-07T13:45:12","guid":{"rendered":"https:\/\/www.alqueria.es\/blogs\/alqueriaamarillanaranja\/?p=11714"},"modified":"2014-10-07T15:45:12","modified_gmt":"2014-10-07T13:45:12","slug":"cuento-marina-ya-no-quiere-llevar-panales","status":"publish","type":"post","link":"https:\/\/www.alqueria.es\/blogs\/alqueriaamarillanaranja\/2014\/10\/07\/cuento-marina-ya-no-quiere-llevar-panales\/","title":{"rendered":"CUENTO: \u00abMARINA YA NO QUIERE LLEVAR PA\u00d1ALES\u00bb"},"content":{"rendered":"<h6 style=\"text-align: justify\"><span style=\"color: #ff6600\">En la clase amarilla tambi\u00e9n trabajamos la alfabetizaci\u00f3n. El objetivo en estas actividades es que los ni\u00f1os y las ni\u00f1as desarrollen el inter\u00e9s y la motivaci\u00f3n por los cuentos, la lectura de im\u00e1genes y muy importante el mantener la atenci\u00f3n.<\/span><\/h6>\n<h5 style=\"text-align: justify\"><span style=\"color: #0000ff\">Hoy despu\u00e9s del juego libre, nos sentamos en la asamblea y<a href=\"https:\/\/cloud.alqueria.es\/wp-content\/uploads\/sites\/9\/2014\/10\/IMG_1352.jpg\"><img decoding=\"async\" data-attachment-id=\"11715\" data-permalink=\"https:\/\/www.alqueria.es\/blogs\/alqueriaamarillanaranja\/2014\/10\/07\/cuento-marina-ya-no-quiere-llevar-panales\/img_1352\/\" data-orig-file=\"https:\/\/www.alqueria.es\/blogs\/alqueriaamarillanaranja\/wp-content\/uploads\/sites\/9\/2014\/10\/IMG_1352.jpg\" data-orig-size=\"1024,768\" data-comments-opened=\"1\" data-image-meta=\"{&quot;aperture&quot;:&quot;0&quot;,&quot;credit&quot;:&quot;&quot;,&quot;camera&quot;:&quot;&quot;,&quot;caption&quot;:&quot;&quot;,&quot;created_timestamp&quot;:&quot;0&quot;,&quot;copyright&quot;:&quot;&quot;,&quot;focal_length&quot;:&quot;0&quot;,&quot;iso&quot;:&quot;0&quot;,&quot;shutter_speed&quot;:&quot;0&quot;,&quot;title&quot;:&quot;&quot;,&quot;orientation&quot;:&quot;0&quot;}\" data-image-title=\"IMG_1352\" data-image-description=\"\" data-image-caption=\"\" data-large-file=\"https:\/\/www.alqueria.es\/blogs\/alqueriaamarillanaranja\/wp-content\/uploads\/sites\/9\/2014\/10\/IMG_1352.jpg\" class=\"alignright size-medium wp-image-11715\" src=\"https:\/\/cloud.alqueria.es\/wp-content\/uploads\/sites\/9\/2014\/10\/IMG_1352-300x225.jpg\" alt=\"IMG_1352\" width=\"300\" height=\"225\" srcset=\"https:\/\/www.alqueria.es\/blogs\/alqueriaamarillanaranja\/wp-content\/uploads\/sites\/9\/2014\/10\/IMG_1352-300x225.jpg 300w, https:\/\/www.alqueria.es\/blogs\/alqueriaamarillanaranja\/wp-content\/uploads\/sites\/9\/2014\/10\/IMG_1352.jpg 1024w\" sizes=\"(max-width: 300px) 100vw, 300px\" \/><\/a> les leo un cuento cuyo tema es muy interesante para aquellos que est\u00e1n en proceso de retirarles el pa\u00f1al y as\u00ed trabajarlo a trav\u00e9s de los cuentos.<\/span><\/h5>\n<h5><span style=\"color: #0000ff\">\u00a0Han estado muy atentos\/as,les ha gustado mucho y se han motivado mucho al escuchar la historia de Marina.<\/span><\/h5>\n<h5><span style=\"color: #ff0000\">El s\u00faper de hoy ha sido Sergio Romero.<\/span><\/h5>\n<p><span style=\"color: #000000\">Hasta ma\u00f1ana que pas\u00e9is buena tarde<\/span><\/p>\n<h5><span style=\"color: #000000\">Carmen Jim\u00e9nez<\/span><\/h5>\n<h5><\/h5>\n","protected":false},"excerpt":{"rendered":"<p>En la clase amarilla tambi\u00e9n trabajamos la alfabetizaci\u00f3n. El objetivo en estas actividades es que los ni\u00f1os y las ni\u00f1as desarrollen el inter\u00e9s y la motivaci\u00f3n por los cuentos, la lectura de im\u00e1genes y muy importante el mantener la atenci\u00f3n. Hoy despu\u00e9s del juego libre, nos sentamos en la asamblea y les leo un cuento &hellip; <a href=\"https:\/\/www.alqueria.es\/blogs\/alqueriaamarillanaranja\/2014\/10\/07\/cuento-marina-ya-no-quiere-llevar-panales\/\" class=\"more-link\">Seguir leyendo <span class=\"screen-reader-text\">CUENTO: \u00abMARINA YA NO QUIERE LLEVAR PA\u00d1ALES\u00bb<\/span> <span class=\"meta-nav\">&rarr;<\/span><\/a><\/p>\n","protected":false},"author":23,"featured_media":0,"comment_status":"open","ping_status":"open","sticky":false,"template":"","format":"standard","meta":{"jetpack_post_was_ever_published":false,"_jetpack_newsletter_access":"","_jetpack_dont_email_post_to_subs":false,"_jetpack_newsletter_tier_id":0,"_jetpack_memberships_contains_paywalled_content":false,"_jetpack_memberships_contains_paid_content":false,"footnotes":"","jetpack_publicize_message":"","jetpack_publicize_feature_enabled":true,"jetpack_social_post_already_shared":true,"jetpack_social_options":{"image_generator_settings":{"template":"highway","default_image_id":0,"font":"","enabled":false},"version":2}},"categories":[6,9],"tags":[],"class_list":["post-11714","post","type-post","status-publish","format-standard","hentry","category-clase-amarilla","category-diario-clase-amarilla"],"jetpack_publicize_connections":[],"jetpack_featured_media_url":"","jetpack_sharing_enabled":true,"jetpack_shortlink":"https:\/\/wp.me\/p4lG08-32W","jetpack-related-posts":[],"_links":{"self":[{"href":"https:\/\/www.alqueria.es\/blogs\/alqueriaamarillanaranja\/wp-json\/wp\/v2\/posts\/11714","targetHints":{"allow":["GET"]}}],"collection":[{"href":"https:\/\/www.alqueria.es\/blogs\/alqueriaamarillanaranja\/wp-json\/wp\/v2\/posts"}],"about":[{"href":"https:\/\/www.alqueria.es\/blogs\/alqueriaamarillanaranja\/wp-json\/wp\/v2\/types\/post"}],"author":[{"embeddable":true,"href":"https:\/\/www.alqueria.es\/blogs\/alqueriaamarillanaranja\/wp-json\/wp\/v2\/users\/23"}],"replies":[{"embeddable":true,"href":"https:\/\/www.alqueria.es\/blogs\/alqueriaamarillanaranja\/wp-json\/wp\/v2\/comments?post=11714"}],"version-history":[{"count":0,"href":"https:\/\/www.alqueria.es\/blogs\/alqueriaamarillanaranja\/wp-json\/wp\/v2\/posts\/11714\/revisions"}],"wp:attachment":[{"href":"https:\/\/www.alqueria.es\/blogs\/alqueriaamarillanaranja\/wp-json\/wp\/v2\/media?parent=11714"}],"wp:term":[{"taxonomy":"category","embeddable":true,"href":"https:\/\/www.alqueria.es\/blogs\/alqueriaamarillanaranja\/wp-json\/wp\/v2\/categories?post=11714"},{"taxonomy":"post_tag","embeddable":true,"href":"https:\/\/www.alqueria.es\/blogs\/alqueriaamarillanaranja\/wp-json\/wp\/v2\/tags?post=11714"}],"curies":[{"name":"wp","href":"https:\/\/api.w.org\/{rel}","templated":true}]}}