{"id":11905,"date":"2014-10-21T16:35:31","date_gmt":"2014-10-21T14:35:31","guid":{"rendered":"https:\/\/www.alqueria.es\/blogs\/alqueriaamarillanaranja\/?p=11905"},"modified":"2014-10-21T16:18:49","modified_gmt":"2014-10-21T14:18:49","slug":"proyecto-de-lectura-17","status":"publish","type":"post","link":"https:\/\/www.alqueria.es\/blogs\/alqueriaamarillanaranja\/2014\/10\/21\/proyecto-de-lectura-17\/","title":{"rendered":"Proyecto de lectura"},"content":{"rendered":"<p><strong><em><img decoding=\"async\" data-attachment-id=\"11906\" data-permalink=\"https:\/\/www.alqueria.es\/blogs\/alqueriaamarillanaranja\/2014\/10\/21\/proyecto-de-lectura-17\/descarga-18\/\" data-orig-file=\"https:\/\/www.alqueria.es\/blogs\/alqueriaamarillanaranja\/wp-content\/uploads\/sites\/9\/2014\/10\/descarga1.jpg\" data-orig-size=\"231,218\" data-comments-opened=\"1\" data-image-meta=\"{&quot;aperture&quot;:&quot;0&quot;,&quot;credit&quot;:&quot;&quot;,&quot;camera&quot;:&quot;&quot;,&quot;caption&quot;:&quot;&quot;,&quot;created_timestamp&quot;:&quot;0&quot;,&quot;copyright&quot;:&quot;&quot;,&quot;focal_length&quot;:&quot;0&quot;,&quot;iso&quot;:&quot;0&quot;,&quot;shutter_speed&quot;:&quot;0&quot;,&quot;title&quot;:&quot;&quot;,&quot;orientation&quot;:&quot;0&quot;}\" data-image-title=\"descarga\" data-image-description=\"\" data-image-caption=\"\" data-large-file=\"https:\/\/www.alqueria.es\/blogs\/alqueriaamarillanaranja\/wp-content\/uploads\/sites\/9\/2014\/10\/descarga1.jpg\" class=\"alignleft  wp-image-11906\" src=\"https:\/\/cloud.alqueria.es\/wp-content\/uploads\/sites\/9\/2014\/10\/descarga1.jpg\" alt=\"descarga\" width=\"199\" height=\"188\" \/>Hoy hemos tenido la segunda sesi\u00f3n de este taller. En realidad ha sido casi la primera&#8230;., pues es la primera vez que los ni\u00f1os\/as traen sus dibujos y registran sus lecturas. De nuevo han vuelto a escoger libremente los libros que llevan a casa para esta semana.<\/em><\/strong><\/p>\n<p><strong><em>La actitud que me han demostrado durante la actividad ha sido positiva en todo momento, todos estaban contentos con las lecturas realizadas y han recordado perfectamente tanto el t\u00edtulo del libro como los personajes que en \u00e9l sal\u00edan.<\/em><\/strong><\/p>\n<p><strong><em>Mi valoraci\u00f3n tambi\u00e9n ha sido muy positiva despu\u00e9s del registro.<\/em><\/strong><\/p>\n<p><strong><em>Ma\u00f1ana&#8230;&#8230;&#8230;todos con ropa c\u00f3moda que nos vamos a la vega. \u00a1Y ahora a descansar!<\/em><\/strong><\/p>\n<p style=\"text-align: right\"><strong><em>Loli G\u00e1lvez.<\/em><\/strong><\/p>\n","protected":false},"excerpt":{"rendered":"<p>Hoy hemos tenido la segunda sesi\u00f3n de este taller. En realidad ha sido casi la primera&#8230;., pues es la primera vez que los ni\u00f1os\/as traen sus dibujos y registran sus lecturas. De nuevo han vuelto a escoger libremente los libros que llevan a casa para esta semana. La actitud que me han demostrado durante la &hellip; <a href=\"https:\/\/www.alqueria.es\/blogs\/alqueriaamarillanaranja\/2014\/10\/21\/proyecto-de-lectura-17\/\" class=\"more-link\">Seguir leyendo <span class=\"screen-reader-text\">Proyecto de lectura<\/span> <span class=\"meta-nav\">&rarr;<\/span><\/a><\/p>\n","protected":false},"author":23,"featured_media":0,"comment_status":"open","ping_status":"open","sticky":false,"template":"","format":"standard","meta":{"jetpack_post_was_ever_published":false,"_jetpack_newsletter_access":"","_jetpack_dont_email_post_to_subs":false,"_jetpack_newsletter_tier_id":0,"_jetpack_memberships_contains_paywalled_content":false,"_jetpack_memberships_contains_paid_content":false,"footnotes":"","jetpack_publicize_message":"","jetpack_publicize_feature_enabled":true,"jetpack_social_post_already_shared":true,"jetpack_social_options":{"image_generator_settings":{"template":"highway","default_image_id":0,"font":"","enabled":false},"version":2}},"categories":[7,8],"tags":[103],"class_list":["post-11905","post","type-post","status-publish","format-standard","hentry","category-clase-naranja","category-diario","tag-proyecto-de-lectura"],"jetpack_publicize_connections":[],"jetpack_featured_media_url":"","jetpack_sharing_enabled":true,"jetpack_shortlink":"https:\/\/wp.me\/p4lG08-361","jetpack-related-posts":[],"_links":{"self":[{"href":"https:\/\/www.alqueria.es\/blogs\/alqueriaamarillanaranja\/wp-json\/wp\/v2\/posts\/11905","targetHints":{"allow":["GET"]}}],"collection":[{"href":"https:\/\/www.alqueria.es\/blogs\/alqueriaamarillanaranja\/wp-json\/wp\/v2\/posts"}],"about":[{"href":"https:\/\/www.alqueria.es\/blogs\/alqueriaamarillanaranja\/wp-json\/wp\/v2\/types\/post"}],"author":[{"embeddable":true,"href":"https:\/\/www.alqueria.es\/blogs\/alqueriaamarillanaranja\/wp-json\/wp\/v2\/users\/23"}],"replies":[{"embeddable":true,"href":"https:\/\/www.alqueria.es\/blogs\/alqueriaamarillanaranja\/wp-json\/wp\/v2\/comments?post=11905"}],"version-history":[{"count":0,"href":"https:\/\/www.alqueria.es\/blogs\/alqueriaamarillanaranja\/wp-json\/wp\/v2\/posts\/11905\/revisions"}],"wp:attachment":[{"href":"https:\/\/www.alqueria.es\/blogs\/alqueriaamarillanaranja\/wp-json\/wp\/v2\/media?parent=11905"}],"wp:term":[{"taxonomy":"category","embeddable":true,"href":"https:\/\/www.alqueria.es\/blogs\/alqueriaamarillanaranja\/wp-json\/wp\/v2\/categories?post=11905"},{"taxonomy":"post_tag","embeddable":true,"href":"https:\/\/www.alqueria.es\/blogs\/alqueriaamarillanaranja\/wp-json\/wp\/v2\/tags?post=11905"}],"curies":[{"name":"wp","href":"https:\/\/api.w.org\/{rel}","templated":true}]}}