{"id":12369,"date":"2014-11-18T16:37:12","date_gmt":"2014-11-18T15:37:12","guid":{"rendered":"https:\/\/www.alqueria.es\/blogs\/alqueriaamarillanaranja\/?p=12369"},"modified":"2014-11-18T16:01:35","modified_gmt":"2014-11-18T15:01:35","slug":"fotos","status":"publish","type":"post","link":"https:\/\/www.alqueria.es\/blogs\/alqueriaamarillanaranja\/2014\/11\/18\/fotos\/","title":{"rendered":"\u00a1\u00a1FOTOS!!"},"content":{"rendered":"<p><span style=\"color: #ff6600\"><strong><em><img decoding=\"async\" data-attachment-id=\"12380\" data-permalink=\"https:\/\/www.alqueria.es\/blogs\/alqueriaamarillanaranja\/2014\/11\/18\/fotos\/images-44\/\" data-orig-file=\"https:\/\/www.alqueria.es\/blogs\/alqueriaamarillanaranja\/wp-content\/uploads\/sites\/9\/2014\/11\/images1.jpg\" data-orig-size=\"300,168\" data-comments-opened=\"1\" data-image-meta=\"{&quot;aperture&quot;:&quot;0&quot;,&quot;credit&quot;:&quot;&quot;,&quot;camera&quot;:&quot;&quot;,&quot;caption&quot;:&quot;&quot;,&quot;created_timestamp&quot;:&quot;0&quot;,&quot;copyright&quot;:&quot;&quot;,&quot;focal_length&quot;:&quot;0&quot;,&quot;iso&quot;:&quot;0&quot;,&quot;shutter_speed&quot;:&quot;0&quot;,&quot;title&quot;:&quot;&quot;,&quot;orientation&quot;:&quot;0&quot;}\" data-image-title=\"images\" data-image-description=\"\" data-image-caption=\"\" data-large-file=\"https:\/\/www.alqueria.es\/blogs\/alqueriaamarillanaranja\/wp-content\/uploads\/sites\/9\/2014\/11\/images1.jpg\" class=\"alignleft size-full wp-image-12380\" src=\"https:\/\/cloud.alqueria.es\/wp-content\/uploads\/sites\/9\/2014\/11\/images1.jpg\" alt=\"images\" width=\"300\" height=\"168\" \/>En clase continuamos con la propuesta de \u00abLa familia\u00bb, seguimos jugando a diario y hablando en la asamblea sobre diferentes parentescos que nos unen a los diferentes miembros de nuestra familia.\u00a0<\/em><\/strong><\/span><\/p>\n<p><span style=\"color: #ff6600\"><strong><em>Han empezado a llegar las fotos de familia de los ni\u00f1os y ni\u00f1as, pero todav\u00eda son muchas las que faltan, por favor las necesitamos en clase en estos d\u00edas. Gracias.<\/em><\/strong><\/span><\/p>\n<p><span style=\"color: #ff6600\"><strong><em>Adem\u00e1s hoy hemos aprendido gracias a Oliver (que nos ha prestado el <img decoding=\"async\" data-attachment-id=\"12381\" data-permalink=\"https:\/\/www.alqueria.es\/blogs\/alqueriaamarillanaranja\/2014\/11\/18\/fotos\/images-45\/\" data-orig-file=\"https:\/\/www.alqueria.es\/blogs\/alqueriaamarillanaranja\/wp-content\/uploads\/sites\/9\/2014\/11\/images2.jpg\" data-orig-size=\"254,199\" data-comments-opened=\"1\" data-image-meta=\"{&quot;aperture&quot;:&quot;0&quot;,&quot;credit&quot;:&quot;&quot;,&quot;camera&quot;:&quot;&quot;,&quot;caption&quot;:&quot;&quot;,&quot;created_timestamp&quot;:&quot;0&quot;,&quot;copyright&quot;:&quot;&quot;,&quot;focal_length&quot;:&quot;0&quot;,&quot;iso&quot;:&quot;0&quot;,&quot;shutter_speed&quot;:&quot;0&quot;,&quot;title&quot;:&quot;&quot;,&quot;orientation&quot;:&quot;0&quot;}\" data-image-title=\"images\" data-image-description=\"\" data-image-caption=\"\" data-large-file=\"https:\/\/www.alqueria.es\/blogs\/alqueriaamarillanaranja\/wp-content\/uploads\/sites\/9\/2014\/11\/images2.jpg\" class=\"alignright size-full wp-image-12381\" src=\"https:\/\/cloud.alqueria.es\/wp-content\/uploads\/sites\/9\/2014\/11\/images2.jpg\" alt=\"images\" width=\"254\" height=\"199\" \/>suyo&#8230;..) para qu\u00e9 sirve el carnet de la biblioteca. Hemos conocido cuales son las funciones de un bibliotecario\/a y cuales son los tr\u00e1mites a realizar en caso de querer llevarnos un libro en pr\u00e9stamo. Con el carnet de Oliver el viernes escogeremos algunos libros de la Biblioteca de la Chana y los traeremos a clase prestados hasta la siguiente semana. \u00a1Cu\u00e1ntas cosas interesantes&#8230;&#8230;.!<\/em><\/strong><\/span><\/p>\n<p><span style=\"color: #ff6600\"><strong><em>En nuestra asamblea de hoy hemos le\u00eddo: \u00abLas palabras dulces\u00bb, un cuento que les ha encantado porque como su t\u00edtulo dice&#8230;&#8230;.es muy dulce.<\/em><\/strong><\/span><\/p>\n<p><span style=\"color: #ff6600\"><strong><em>Nuestro s\u00faper ha sido \u00c1lvaro Torrente.<\/em><\/strong><\/span><\/p>\n<p><span style=\"color: #ff6600\"><strong><em>Recordad llevaros los libros de esta semana.<\/em><\/strong><\/span><\/p>\n<p><span style=\"color: #ff6600\"><strong><em>Esta tarde despide el grupo Mati, os veo ma\u00f1ana.<\/em><\/strong><\/span><\/p>\n<p style=\"text-align: right\"><span style=\"color: #ff6600\"><strong><em>Loli G\u00e1lvez\u00a0<\/em><\/strong><\/span><\/p>\n","protected":false},"excerpt":{"rendered":"<p>En clase continuamos con la propuesta de \u00abLa familia\u00bb, seguimos jugando a diario y hablando en la asamblea sobre diferentes parentescos que nos unen a los diferentes miembros de nuestra familia.\u00a0 Han empezado a llegar las fotos de familia de los ni\u00f1os y ni\u00f1as, pero todav\u00eda son muchas las que faltan, por favor las necesitamos &hellip; <a href=\"https:\/\/www.alqueria.es\/blogs\/alqueriaamarillanaranja\/2014\/11\/18\/fotos\/\" class=\"more-link\">Seguir leyendo <span class=\"screen-reader-text\">\u00a1\u00a1FOTOS!!<\/span> <span class=\"meta-nav\">&rarr;<\/span><\/a><\/p>\n","protected":false},"author":23,"featured_media":0,"comment_status":"open","ping_status":"open","sticky":false,"template":"","format":"standard","meta":{"jetpack_post_was_ever_published":false,"_jetpack_newsletter_access":"","_jetpack_dont_email_post_to_subs":false,"_jetpack_newsletter_tier_id":0,"_jetpack_memberships_contains_paywalled_content":false,"_jetpack_memberships_contains_paid_content":false,"footnotes":"","jetpack_publicize_message":"","jetpack_publicize_feature_enabled":true,"jetpack_social_post_already_shared":true,"jetpack_social_options":{"image_generator_settings":{"template":"highway","default_image_id":0,"font":"","enabled":false},"version":2}},"categories":[7,8],"tags":[198,92,103],"class_list":["post-12369","post","type-post","status-publish","format-standard","hentry","category-clase-naranja","category-diario","tag-la-biblioteca","tag-mi-familia","tag-proyecto-de-lectura"],"jetpack_publicize_connections":[],"jetpack_featured_media_url":"","jetpack_sharing_enabled":true,"jetpack_shortlink":"https:\/\/wp.me\/s4lG08-fotos","jetpack-related-posts":[],"_links":{"self":[{"href":"https:\/\/www.alqueria.es\/blogs\/alqueriaamarillanaranja\/wp-json\/wp\/v2\/posts\/12369","targetHints":{"allow":["GET"]}}],"collection":[{"href":"https:\/\/www.alqueria.es\/blogs\/alqueriaamarillanaranja\/wp-json\/wp\/v2\/posts"}],"about":[{"href":"https:\/\/www.alqueria.es\/blogs\/alqueriaamarillanaranja\/wp-json\/wp\/v2\/types\/post"}],"author":[{"embeddable":true,"href":"https:\/\/www.alqueria.es\/blogs\/alqueriaamarillanaranja\/wp-json\/wp\/v2\/users\/23"}],"replies":[{"embeddable":true,"href":"https:\/\/www.alqueria.es\/blogs\/alqueriaamarillanaranja\/wp-json\/wp\/v2\/comments?post=12369"}],"version-history":[{"count":0,"href":"https:\/\/www.alqueria.es\/blogs\/alqueriaamarillanaranja\/wp-json\/wp\/v2\/posts\/12369\/revisions"}],"wp:attachment":[{"href":"https:\/\/www.alqueria.es\/blogs\/alqueriaamarillanaranja\/wp-json\/wp\/v2\/media?parent=12369"}],"wp:term":[{"taxonomy":"category","embeddable":true,"href":"https:\/\/www.alqueria.es\/blogs\/alqueriaamarillanaranja\/wp-json\/wp\/v2\/categories?post=12369"},{"taxonomy":"post_tag","embeddable":true,"href":"https:\/\/www.alqueria.es\/blogs\/alqueriaamarillanaranja\/wp-json\/wp\/v2\/tags?post=12369"}],"curies":[{"name":"wp","href":"https:\/\/api.w.org\/{rel}","templated":true}]}}