{"id":1275,"date":"2012-10-01T15:30:53","date_gmt":"2012-10-01T13:30:53","guid":{"rendered":"http:\/\/alqueriaamarillanaranja.wordpress.com\/?p=1275"},"modified":"2014-02-24T12:39:51","modified_gmt":"2014-02-24T12:39:51","slug":"la-figura-humana","status":"publish","type":"post","link":"https:\/\/www.alqueria.es\/blogs\/alqueriaamarillanaranja\/2012\/10\/01\/la-figura-humana\/","title":{"rendered":"LA FIGURA HUMANA"},"content":{"rendered":"<p><a href=\"https:\/\/cloud.alqueria.es\/wp-content\/uploads\/sites\/9\/2012\/10\/foto16pequena11.jpg\"><img decoding=\"async\" data-attachment-id=\"1277\" data-permalink=\"https:\/\/www.alqueria.es\/blogs\/alqueriaamarillanaranja\/foto16pequena1\/\" data-orig-file=\"https:\/\/www.alqueria.es\/blogs\/alqueriaamarillanaranja\/wp-content\/uploads\/sites\/9\/2012\/10\/foto16pequena1.jpg\" data-orig-size=\"242,205\" data-comments-opened=\"1\" data-image-meta=\"{&quot;aperture&quot;:&quot;0&quot;,&quot;credit&quot;:&quot;&quot;,&quot;camera&quot;:&quot;&quot;,&quot;caption&quot;:&quot;&quot;,&quot;created_timestamp&quot;:&quot;0&quot;,&quot;copyright&quot;:&quot;&quot;,&quot;focal_length&quot;:&quot;0&quot;,&quot;iso&quot;:&quot;0&quot;,&quot;shutter_speed&quot;:&quot;0&quot;,&quot;title&quot;:&quot;&quot;}\" data-image-title=\"foto16pequena[1]\" data-image-description=\"\" data-image-caption=\"\" data-large-file=\"https:\/\/www.alqueria.es\/blogs\/alqueriaamarillanaranja\/wp-content\/uploads\/sites\/9\/2012\/10\/foto16pequena1.jpg\" class=\"alignright size-full wp-image-1277\" title=\"foto16pequena[1]\" src=\"https:\/\/cloud.alqueria.es\/wp-content\/uploads\/sites\/9\/2012\/10\/foto16pequena11.jpg\" alt=\"\" width=\"242\" height=\"205\" \/><\/a><span style=\"color:#0000ff\"><em>Esta ma\u00f1ana inauguramos la semana con una asamblea de lo m\u00e1s entretenida; en primer lugar cantamos nuestra canci\u00f3n de \u00abLos d\u00edas de la semana\u00bb y nos hacemos conscientes de que hoy es lunes (los lunes no tenemos ning\u00fan especialista as\u00ed que tenemos toda la ma\u00f1ana para el juego en el aula y para el taller creativo). Tambi\u00e9n hablamos de lo que hemos hecho durante el f\u00edn de semana, y esto es lo que me han contado (ya me direis si se corresponde con la realidad&#8230;..):<\/em><\/span><\/p>\n<p><em><span style=\"color:#ff0000\">&#8211; GABRIELA: he ido al parque con pap\u00e1 y mam\u00e1.<\/span><\/em><\/p>\n<p><em><span style=\"color:#ff0000\">&#8211; CLARA: he estado en casa y he jugado a las princesas.<\/span><\/em><\/p>\n<p><em><span style=\"color:#ff0000\">&#8211; JOSE: he estado en la virgen con mi pap\u00e1 y hab\u00eda mucha gente andando por el camino.<\/span><\/em><\/p>\n<p><em><span style=\"color:#ff0000\">&#8211; MARIO: (cuando le pregunto si ha estado con pap\u00e1 y mam\u00e1, asiente)<\/span><\/em><\/p>\n<p><em><span style=\"color:#ff0000\">&#8211; RAQUEL: he visto la virgen de las Angustias con su carroza por el camino hasta su iglesia. Iba con mi pap\u00e1, mi mam\u00e1 y mi tita Roc\u00edo.<\/span><\/em><\/p>\n<p><em><span style=\"color:#ff0000\">&#8211; SELMA: me he quedado en casa durmiendo y jugando con Idris al ordenador.<\/span><\/em><\/p>\n<p><em><span style=\"color:#ff0000\">&#8211; BLANCA: he jugado con Ana al escondite.<\/span><\/em><\/p>\n<p><em><span style=\"color:#ff0000\">&#8211; FRANCIS: he ido al parque a jugar al pilla-pilla con mi papi y mi mami.<\/span><\/em><\/p>\n<p><em><span style=\"color:#ff0000\">&#8211; RAFA: con mi mami he estado jugando a los coches.<\/span><\/em><\/p>\n<p><em><span style=\"color:#ff0000\">&#8211; HELENA: he estado con mi abuela que se llama Encarna.<\/span><\/em><\/p>\n<p><em><span style=\"color:#ff0000\">&#8211; MIGUEL: ha sido el cumple de Pablo y mi santo, y ha venido la abuela y el abu, y la madrina y el padrino, y opa y oma, y hemos jugado.<\/span><\/em><\/p>\n<p><em><span style=\"color:#ff0000\">&#8211; ENRIQUE: he ido al cine y me he metido en las bolas.<\/span><\/em><\/p>\n<p><em><span style=\"color:#ff0000\">&#8211; MAR: he ido al cine con mi abuela Carmen.<\/span><\/em><\/p>\n<p><em><span style=\"color:#ff0000\">&#8211; CANDELA: yo jugaba con mi abuela Mar\u00eda a la cocinita, y hemos ido a ver los perros de pap\u00e1 en su trabajo.<\/span><\/em><\/p>\n<p><em><span style=\"color:#008000\">Tras esta conversaci\u00f3n tan animada escojemos las propuestas de juego de la ma\u00f1ana, levantando la mano y por turnos vamos proponiendo juegos para ver si son secundados por la mayor\u00eda del grupo. Estos han sido los m\u00e1s votado: cocina, beb\u00e9s, tel\u00e9fonos m\u00f3viles y dinosaurios&#8230; \u00a1lo pasan fenomenal!<\/span><\/em><\/p>\n<p><em><span style=\"color:#333399\">Y alternativamente al juego realizamos un taller de dibujo (por equipos de trabajo) en el que pido a los ni\u00f1os\/as que dibujen c\u00f3mo es su cuerpo. Antes de empezar a dibujar repasamos nuestras partes b\u00e1sicas para luego pasar a plasmarlas sobre el papel. Los dibujos son fant\u00e1sticos, tenemos que tener en cuenta que todav\u00eda estamos en el primer trimestre&#8230;.<\/span><\/em><\/p>\n<p><em><span style=\"color:#ff00ff\">Por la tarde nos reunimos con nuestros compa\u00f1eros de las clases roja y verde para compartir actividades y merienda en la TARDE COOPERATIVA (no os preocupeis si todav\u00eda no sabeis muy bien de que se trata, en la reuni\u00f3n del mi\u00e9rcoles d\u00eda 10 os contar\u00e9 todos los detalles). Hoy despiden el grupo mis compa\u00f1eras de ciclo pues yo estoy en una reuni\u00f3n.<\/span><\/em><\/p>\n<p><em><span style=\"color:#ff6600\">\u00a1Hasta ma\u00f1ana!<\/span><\/em><\/p>\n<p style=\"text-align:center\"><a href=\"http:\/\/alqueriaamarillanaranja.files.wordpress.com\/2012\/10\/foto15pequena1.jpg\"><img decoding=\"async\" data-attachment-id=\"1279\" data-permalink=\"https:\/\/www.alqueria.es\/blogs\/alqueriaamarillanaranja\/foto15pequena1\/\" data-orig-file=\"https:\/\/www.alqueria.es\/blogs\/alqueriaamarillanaranja\/wp-content\/uploads\/sites\/9\/2012\/10\/foto15pequena1.jpg\" data-orig-size=\"330,240\" data-comments-opened=\"1\" data-image-meta=\"{&quot;aperture&quot;:&quot;0&quot;,&quot;credit&quot;:&quot;&quot;,&quot;camera&quot;:&quot;&quot;,&quot;caption&quot;:&quot;&quot;,&quot;created_timestamp&quot;:&quot;0&quot;,&quot;copyright&quot;:&quot;&quot;,&quot;focal_length&quot;:&quot;0&quot;,&quot;iso&quot;:&quot;0&quot;,&quot;shutter_speed&quot;:&quot;0&quot;,&quot;title&quot;:&quot;&quot;}\" data-image-title=\"foto15pequena[1]\" data-image-description=\"\" data-image-caption=\"\" data-large-file=\"https:\/\/www.alqueria.es\/blogs\/alqueriaamarillanaranja\/wp-content\/uploads\/sites\/9\/2012\/10\/foto15pequena1.jpg\" class=\"aligncenter size-medium wp-image-1279\" title=\"foto15pequena[1]\" src=\"https:\/\/cloud.alqueria.es\/wp-content\/uploads\/sites\/9\/2012\/10\/foto15pequena11.jpg\" alt=\"\" width=\"300\" height=\"218\" \/><\/a><\/p>\n<p style=\"text-align:right\"><em><span style=\"color:#ff6600\">Loli G\u00e1lvez<\/span><\/em><\/p>\n","protected":false},"excerpt":{"rendered":"<p>Esta ma\u00f1ana inauguramos la semana con una asamblea de lo m\u00e1s entretenida; en primer lugar cantamos nuestra canci\u00f3n de \u00abLos d\u00edas de la semana\u00bb y nos hacemos conscientes de que hoy es lunes (los lunes no tenemos ning\u00fan especialista as\u00ed que tenemos toda la ma\u00f1ana para el juego en el aula y para el taller &hellip; <a href=\"https:\/\/www.alqueria.es\/blogs\/alqueriaamarillanaranja\/2012\/10\/01\/la-figura-humana\/\" class=\"more-link\">Seguir leyendo <span class=\"screen-reader-text\">LA FIGURA HUMANA<\/span> <span class=\"meta-nav\">&rarr;<\/span><\/a><\/p>\n","protected":false},"author":23,"featured_media":0,"comment_status":"open","ping_status":"open","sticky":false,"template":"","format":"standard","meta":{"jetpack_post_was_ever_published":false,"_jetpack_newsletter_access":"","_jetpack_dont_email_post_to_subs":false,"_jetpack_newsletter_tier_id":0,"_jetpack_memberships_contains_paywalled_content":false,"_jetpack_memberships_contains_paid_content":false,"footnotes":"","jetpack_publicize_message":"","jetpack_publicize_feature_enabled":true,"jetpack_social_post_already_shared":true,"jetpack_social_options":{"image_generator_settings":{"template":"highway","default_image_id":0,"font":"","enabled":false},"version":2}},"categories":[7,8],"tags":[],"class_list":["post-1275","post","type-post","status-publish","format-standard","hentry","category-clase-naranja","category-diario"],"jetpack_publicize_connections":[],"jetpack_featured_media_url":"","jetpack_sharing_enabled":true,"jetpack_shortlink":"https:\/\/wp.me\/p4lG08-kz","jetpack-related-posts":[],"_links":{"self":[{"href":"https:\/\/www.alqueria.es\/blogs\/alqueriaamarillanaranja\/wp-json\/wp\/v2\/posts\/1275","targetHints":{"allow":["GET"]}}],"collection":[{"href":"https:\/\/www.alqueria.es\/blogs\/alqueriaamarillanaranja\/wp-json\/wp\/v2\/posts"}],"about":[{"href":"https:\/\/www.alqueria.es\/blogs\/alqueriaamarillanaranja\/wp-json\/wp\/v2\/types\/post"}],"author":[{"embeddable":true,"href":"https:\/\/www.alqueria.es\/blogs\/alqueriaamarillanaranja\/wp-json\/wp\/v2\/users\/23"}],"replies":[{"embeddable":true,"href":"https:\/\/www.alqueria.es\/blogs\/alqueriaamarillanaranja\/wp-json\/wp\/v2\/comments?post=1275"}],"version-history":[{"count":0,"href":"https:\/\/www.alqueria.es\/blogs\/alqueriaamarillanaranja\/wp-json\/wp\/v2\/posts\/1275\/revisions"}],"wp:attachment":[{"href":"https:\/\/www.alqueria.es\/blogs\/alqueriaamarillanaranja\/wp-json\/wp\/v2\/media?parent=1275"}],"wp:term":[{"taxonomy":"category","embeddable":true,"href":"https:\/\/www.alqueria.es\/blogs\/alqueriaamarillanaranja\/wp-json\/wp\/v2\/categories?post=1275"},{"taxonomy":"post_tag","embeddable":true,"href":"https:\/\/www.alqueria.es\/blogs\/alqueriaamarillanaranja\/wp-json\/wp\/v2\/tags?post=1275"}],"curies":[{"name":"wp","href":"https:\/\/api.w.org\/{rel}","templated":true}]}}