{"id":128,"date":"2012-04-25T09:44:28","date_gmt":"2012-04-25T09:44:28","guid":{"rendered":"http:\/\/alqueriaamarillanaranja.wordpress.com\/?p=128"},"modified":"2014-02-24T12:36:39","modified_gmt":"2014-02-24T12:36:39","slug":"abuelita-cuentame-un-cuento","status":"publish","type":"post","link":"https:\/\/www.alqueria.es\/blogs\/alqueriaamarillanaranja\/2012\/04\/25\/abuelita-cuentame-un-cuento\/","title":{"rendered":"ABUELITA, CUENTAME UN CUENTO"},"content":{"rendered":"<p>Esta tarde tenemos como cuentacuentos a unas personas de excepci\u00f3n; To\u00f1i y Rosa, abuelas de Sara y Elena nos visitan en la biblioteca del centro y nos traen algunas de las historias que conocemos por transmisi\u00f3n oral desde que nacemos. Los t\u00edtulos escogidos son \u00abGarbancito\u00bb y\u00a0 \u00abEl gato con botas\u00bb. Los ni\u00f1os se muestran ensimismados en todo momento y nos envuelve un ambiente muy familiar. Las \u00ababuelitas\u00bb se sientan en el sof\u00e1 junto\u00a0a la mesita y nosotros nos sentamos alrededor para escuchar mejor la historia. Cada una nos trae una sorpresa, Rosa cambia su aspecto y se transforma en una aut\u00e9ntica abuelita como la de caperucita (con mo\u00f1o y toquilla incluidas) y To\u00f1i regala a los ni\u00f1os y ni\u00f1as globos antes de despedirse. Ha sido una actividad llena de ilusi\u00f3n por ambas partes que merece la pena repetir. \u00a1\u00a1Much\u00edsimas gracias a las dos!!<\/p>\n<p style=\"text-align:right\">Loli G\u00e1lvez<\/p>\n<p style=\"text-align:right\">\n<p><a href=\"http:\/\/alqueriaamarillanaranja.files.wordpress.com\/2012\/04\/abuelita1.jpg\"><img decoding=\"async\" data-attachment-id=\"129\" data-permalink=\"https:\/\/www.alqueria.es\/blogs\/alqueriaamarillanaranja\/abuelita1\/\" data-orig-file=\"https:\/\/www.alqueria.es\/blogs\/alqueriaamarillanaranja\/wp-content\/uploads\/sites\/9\/2012\/04\/abuelita1.jpg\" data-orig-size=\"270,320\" data-comments-opened=\"1\" data-image-meta=\"{&quot;aperture&quot;:&quot;0&quot;,&quot;credit&quot;:&quot;&quot;,&quot;camera&quot;:&quot;&quot;,&quot;caption&quot;:&quot;&quot;,&quot;created_timestamp&quot;:&quot;0&quot;,&quot;copyright&quot;:&quot;&quot;,&quot;focal_length&quot;:&quot;0&quot;,&quot;iso&quot;:&quot;0&quot;,&quot;shutter_speed&quot;:&quot;0&quot;,&quot;title&quot;:&quot;&quot;}\" data-image-title=\"abuelita[1]\" data-image-description=\"\" data-image-caption=\"\" data-large-file=\"https:\/\/www.alqueria.es\/blogs\/alqueriaamarillanaranja\/wp-content\/uploads\/sites\/9\/2012\/04\/abuelita1.jpg\" class=\"aligncenter size-medium wp-image-129\" title=\"abuelita[1]\" src=\"https:\/\/cloud.alqueria.es\/wp-content\/uploads\/sites\/9\/2012\/04\/abuelita11.jpg\" alt=\"\" width=\"253\" height=\"300\" \/><\/a><\/p>\n","protected":false},"excerpt":{"rendered":"<p>Esta tarde tenemos como cuentacuentos a unas personas de excepci\u00f3n; To\u00f1i y Rosa, abuelas de Sara y Elena nos visitan en la biblioteca del centro y nos traen algunas de las historias que conocemos por transmisi\u00f3n oral desde que nacemos. Los t\u00edtulos escogidos son \u00abGarbancito\u00bb y\u00a0 \u00abEl gato con botas\u00bb. Los ni\u00f1os se muestran ensimismados &hellip; <a href=\"https:\/\/www.alqueria.es\/blogs\/alqueriaamarillanaranja\/2012\/04\/25\/abuelita-cuentame-un-cuento\/\" class=\"more-link\">Seguir leyendo <span class=\"screen-reader-text\">ABUELITA, CUENTAME UN CUENTO<\/span> <span class=\"meta-nav\">&rarr;<\/span><\/a><\/p>\n","protected":false},"author":20,"featured_media":0,"comment_status":"open","ping_status":"open","sticky":false,"template":"","format":"standard","meta":{"jetpack_post_was_ever_published":false,"_jetpack_newsletter_access":"","_jetpack_dont_email_post_to_subs":false,"_jetpack_newsletter_tier_id":0,"_jetpack_memberships_contains_paywalled_content":false,"_jetpack_memberships_contains_paid_content":false,"footnotes":"","jetpack_publicize_message":"","jetpack_publicize_feature_enabled":true,"jetpack_social_post_already_shared":true,"jetpack_social_options":{"image_generator_settings":{"template":"highway","default_image_id":0,"font":"","enabled":false},"version":2}},"categories":[6],"tags":[],"class_list":["post-128","post","type-post","status-publish","format-standard","hentry","category-clase-amarilla"],"jetpack_publicize_connections":[],"jetpack_featured_media_url":"","jetpack_sharing_enabled":true,"jetpack_shortlink":"https:\/\/wp.me\/p4lG08-24","jetpack-related-posts":[],"_links":{"self":[{"href":"https:\/\/www.alqueria.es\/blogs\/alqueriaamarillanaranja\/wp-json\/wp\/v2\/posts\/128","targetHints":{"allow":["GET"]}}],"collection":[{"href":"https:\/\/www.alqueria.es\/blogs\/alqueriaamarillanaranja\/wp-json\/wp\/v2\/posts"}],"about":[{"href":"https:\/\/www.alqueria.es\/blogs\/alqueriaamarillanaranja\/wp-json\/wp\/v2\/types\/post"}],"author":[{"embeddable":true,"href":"https:\/\/www.alqueria.es\/blogs\/alqueriaamarillanaranja\/wp-json\/wp\/v2\/users\/20"}],"replies":[{"embeddable":true,"href":"https:\/\/www.alqueria.es\/blogs\/alqueriaamarillanaranja\/wp-json\/wp\/v2\/comments?post=128"}],"version-history":[{"count":0,"href":"https:\/\/www.alqueria.es\/blogs\/alqueriaamarillanaranja\/wp-json\/wp\/v2\/posts\/128\/revisions"}],"wp:attachment":[{"href":"https:\/\/www.alqueria.es\/blogs\/alqueriaamarillanaranja\/wp-json\/wp\/v2\/media?parent=128"}],"wp:term":[{"taxonomy":"category","embeddable":true,"href":"https:\/\/www.alqueria.es\/blogs\/alqueriaamarillanaranja\/wp-json\/wp\/v2\/categories?post=128"},{"taxonomy":"post_tag","embeddable":true,"href":"https:\/\/www.alqueria.es\/blogs\/alqueriaamarillanaranja\/wp-json\/wp\/v2\/tags?post=128"}],"curies":[{"name":"wp","href":"https:\/\/api.w.org\/{rel}","templated":true}]}}