{"id":13051,"date":"2015-01-30T16:10:37","date_gmt":"2015-01-30T15:10:37","guid":{"rendered":"https:\/\/www.alqueria.es\/blogs\/alqueriaamarillanaranja\/?p=13051"},"modified":"2015-01-30T16:07:28","modified_gmt":"2015-01-30T15:07:28","slug":"dia-de-la-paz-tolerancia-y-respeto","status":"publish","type":"post","link":"https:\/\/www.alqueria.es\/blogs\/alqueriaamarillanaranja\/2015\/01\/30\/dia-de-la-paz-tolerancia-y-respeto\/","title":{"rendered":"D\u00eda de la paz: tolerancia y respeto"},"content":{"rendered":"<p><strong><em><span style=\"color: #008000\">Hemos comenzado la ma\u00f1ana hablando en nuestra asamblea de la importancia del d\u00eda de hoy, el D\u00cdA DE LA PAZ. Para los naranjitas hablar sobre la paz es un tanto abstracto, por lo que hay que simplificarlo y \u00abbajarlo\u00bb hasta el nivel de sus relaciones sociales. As\u00ed, hemos tratado conceptos como:<\/span><\/em><\/strong><\/p>\n<p><strong><em><span style=\"color: #008000\">&#8211; Amor: \u00bfa qui\u00e9n queremos?, \u00bfc\u00f3mo lo demostramos?, \u00bfqu\u00e9 muestras de amor\/cari\u00f1o conocemos?&#8230;&#8230;todo esto nos lleva a hablar de los besos, los abrazos, las caricias, las miradas de cari\u00f1o y complicidad.<\/span><\/em><\/strong><\/p>\n<p><strong><em><span style=\"color: #008000\">&#8211; Amistad: para nosotros es muy importante tener amigos y poder compartir experiencias, \u00bfc\u00f3mo debemos comportarnos con nuestros amig@s?.<\/span><\/em><\/strong><\/p>\n<p><strong><em><span style=\"color: #008000\">&#8211; Respeto: cuando nos dirigimos a otra persona debemos hacerlo con respeto, no le gritamos, NI POR SUPUESTO le pegamos (esta es su parte favorita&#8230;.porque empiezan a enumerar todo lo que no hay que hacer: pegar, morder, ara\u00f1ar, tirar del pelo&#8230;..jajajaja, hay multitud de posibilidades).<\/span><\/em><\/strong><\/p>\n<p><strong><em><span style=\"color: #008000\">Tras nuestra charla hemos visionado un corto que nos ense\u00f1a que hay que respetar las diferencias en los dem\u00e1s, y respetar a cada uno tal y como es. Les ha parecido muy gracioso, y yo les he ido comentando algunas de las reacciones de los protagonistas a medida que \u00edbamos vi\u00e9ndolo.<\/span><\/em><\/strong><\/p>\n<p><span class=\"embed-youtube\" style=\"text-align:center; display: block;\"><div class=\"a25-CTUOC-hidding-box\" data-original-content=\"&lt;iframe loading=&quot;lazy&quot; class=&quot;youtube-player&quot; width=&quot;474&quot; height=&quot;267&quot; src=&quot;https:\/\/www.youtube.com\/embed\/SGwEp4Sm3w8?version=3&amp;#038;rel=1&amp;#038;showsearch=0&amp;#038;showinfo=1&amp;#038;iv_load_policy=1&amp;#038;fs=1&amp;#038;hl=es-ES&amp;#038;autohide=2&amp;#038;wmode=transparent&quot; allowfullscreen=&quot;true&quot; style=&quot;border:0;&quot; sandbox=&quot;allow-scripts allow-same-origin allow-popups allow-presentation allow-popups-to-escape-sandbox&quot;&gt;&lt;\/iframe&gt;\">Esta p\u00e1gina incluye contenido multimedia que requiere aceptar todas las cookies. Pulse aqu\u00ed para abrir la configuraci\u00f3n de cookies.<\/div><\/span><\/p>\n<p><strong><em><span style=\"color: #008000\">Despu\u00e9s hemos participado en una actividad cooperativa entre el segundo ciclo de infantil y primaria. En cada clase del colegio se han mezclado ni\u00f1os y ni\u00f1as del resto de clases, de manera que los naranjitas se han repartido por todo el centro, y a nuestra clase han venido ni\u00f1os\/as del resto de cursos.<\/span><\/em><\/strong><\/p>\n<p><strong><em><span style=\"color: #008000\">Lo que hemos hecho b\u00e1sicamente ha sido colorear cooperando unos con otros, unos l\u00e1pices en los que han puesto sus mensajes de paz. Estos l\u00e1pices han ido saliendo de cada una de las clases hasta confluir en el vest\u00edbulo central de primaria en una gran paloma con todos nuestros mensajes y una poes\u00eda de Blas de Otero.<\/span><\/em><\/strong><\/p>\n<p><strong><em><span style=\"color: #008000\">Hemos compartido actividad, pensamientos, experiencias&#8230;&#8230;.y sobre todo hemos creado entre todos un ambiente muy especial en el que la diversidad ha sido la protagonista.<\/span><\/em><\/strong><\/p>\n<p class=\"jetpack-slideshow-noscript robots-nocontent\">El pase de diapositivas requiere JavaScript.<\/p><div id=\"gallery-13051-1-slideshow\" class=\"jetpack-slideshow-window jetpack-slideshow jetpack-slideshow-black\" data-trans=\"fade\" data-autostart=\"1\" data-gallery=\"[{&quot;src&quot;:&quot;https:\\\/\\\/www.alqueria.es\\\/blogs\\\/alqueriaamarillanaranja\\\/wp-content\\\/uploads\\\/sites\\\/9\\\/2015\\\/01\\\/IMG_2277.jpg&quot;,&quot;id&quot;:&quot;13295&quot;,&quot;title&quot;:&quot;IMG_2277&quot;,&quot;alt&quot;:&quot;&quot;,&quot;caption&quot;:&quot;&quot;,&quot;itemprop&quot;:&quot;image&quot;},{&quot;src&quot;:&quot;https:\\\/\\\/www.alqueria.es\\\/blogs\\\/alqueriaamarillanaranja\\\/wp-content\\\/uploads\\\/sites\\\/9\\\/2015\\\/01\\\/IMG_2278.jpg&quot;,&quot;id&quot;:&quot;13296&quot;,&quot;title&quot;:&quot;IMG_2278&quot;,&quot;alt&quot;:&quot;&quot;,&quot;caption&quot;:&quot;&quot;,&quot;itemprop&quot;:&quot;image&quot;},{&quot;src&quot;:&quot;https:\\\/\\\/www.alqueria.es\\\/blogs\\\/alqueriaamarillanaranja\\\/wp-content\\\/uploads\\\/sites\\\/9\\\/2015\\\/01\\\/IMG_2279.jpg&quot;,&quot;id&quot;:&quot;13297&quot;,&quot;title&quot;:&quot;IMG_2279&quot;,&quot;alt&quot;:&quot;&quot;,&quot;caption&quot;:&quot;&quot;,&quot;itemprop&quot;:&quot;image&quot;},{&quot;src&quot;:&quot;https:\\\/\\\/www.alqueria.es\\\/blogs\\\/alqueriaamarillanaranja\\\/wp-content\\\/uploads\\\/sites\\\/9\\\/2015\\\/01\\\/IMG_2280.jpg&quot;,&quot;id&quot;:&quot;13298&quot;,&quot;title&quot;:&quot;IMG_2280&quot;,&quot;alt&quot;:&quot;&quot;,&quot;caption&quot;:&quot;&quot;,&quot;itemprop&quot;:&quot;image&quot;},{&quot;src&quot;:&quot;https:\\\/\\\/www.alqueria.es\\\/blogs\\\/alqueriaamarillanaranja\\\/wp-content\\\/uploads\\\/sites\\\/9\\\/2015\\\/01\\\/IMG_2281.jpg&quot;,&quot;id&quot;:&quot;13299&quot;,&quot;title&quot;:&quot;IMG_2281&quot;,&quot;alt&quot;:&quot;&quot;,&quot;caption&quot;:&quot;&quot;,&quot;itemprop&quot;:&quot;image&quot;},{&quot;src&quot;:&quot;https:\\\/\\\/www.alqueria.es\\\/blogs\\\/alqueriaamarillanaranja\\\/wp-content\\\/uploads\\\/sites\\\/9\\\/2015\\\/01\\\/IMG_2283.jpg&quot;,&quot;id&quot;:&quot;13300&quot;,&quot;title&quot;:&quot;IMG_2283&quot;,&quot;alt&quot;:&quot;&quot;,&quot;caption&quot;:&quot;&quot;,&quot;itemprop&quot;:&quot;image&quot;},{&quot;src&quot;:&quot;https:\\\/\\\/www.alqueria.es\\\/blogs\\\/alqueriaamarillanaranja\\\/wp-content\\\/uploads\\\/sites\\\/9\\\/2015\\\/01\\\/IMG_2285.jpg&quot;,&quot;id&quot;:&quot;13301&quot;,&quot;title&quot;:&quot;IMG_2285&quot;,&quot;alt&quot;:&quot;&quot;,&quot;caption&quot;:&quot;&quot;,&quot;itemprop&quot;:&quot;image&quot;},{&quot;src&quot;:&quot;https:\\\/\\\/www.alqueria.es\\\/blogs\\\/alqueriaamarillanaranja\\\/wp-content\\\/uploads\\\/sites\\\/9\\\/2015\\\/01\\\/IMG_2286.jpg&quot;,&quot;id&quot;:&quot;13304&quot;,&quot;title&quot;:&quot;IMG_2286&quot;,&quot;alt&quot;:&quot;&quot;,&quot;caption&quot;:&quot;&quot;,&quot;itemprop&quot;:&quot;image&quot;},{&quot;src&quot;:&quot;https:\\\/\\\/www.alqueria.es\\\/blogs\\\/alqueriaamarillanaranja\\\/wp-content\\\/uploads\\\/sites\\\/9\\\/2015\\\/01\\\/IMG_2287.jpg&quot;,&quot;id&quot;:&quot;13305&quot;,&quot;title&quot;:&quot;IMG_2287&quot;,&quot;alt&quot;:&quot;&quot;,&quot;caption&quot;:&quot;&quot;,&quot;itemprop&quot;:&quot;image&quot;},{&quot;src&quot;:&quot;https:\\\/\\\/www.alqueria.es\\\/blogs\\\/alqueriaamarillanaranja\\\/wp-content\\\/uploads\\\/sites\\\/9\\\/2015\\\/01\\\/IMG_2288.jpg&quot;,&quot;id&quot;:&quot;13307&quot;,&quot;title&quot;:&quot;IMG_2288&quot;,&quot;alt&quot;:&quot;&quot;,&quot;caption&quot;:&quot;&quot;,&quot;itemprop&quot;:&quot;image&quot;},{&quot;src&quot;:&quot;https:\\\/\\\/www.alqueria.es\\\/blogs\\\/alqueriaamarillanaranja\\\/wp-content\\\/uploads\\\/sites\\\/9\\\/2015\\\/01\\\/IMG_2289.jpg&quot;,&quot;id&quot;:&quot;13308&quot;,&quot;title&quot;:&quot;IMG_2289&quot;,&quot;alt&quot;:&quot;&quot;,&quot;caption&quot;:&quot;&quot;,&quot;itemprop&quot;:&quot;image&quot;},{&quot;src&quot;:&quot;https:\\\/\\\/www.alqueria.es\\\/blogs\\\/alqueriaamarillanaranja\\\/wp-content\\\/uploads\\\/sites\\\/9\\\/2015\\\/01\\\/IMG_2290.jpg&quot;,&quot;id&quot;:&quot;13309&quot;,&quot;title&quot;:&quot;IMG_2290&quot;,&quot;alt&quot;:&quot;&quot;,&quot;caption&quot;:&quot;&quot;,&quot;itemprop&quot;:&quot;image&quot;},{&quot;src&quot;:&quot;https:\\\/\\\/www.alqueria.es\\\/blogs\\\/alqueriaamarillanaranja\\\/wp-content\\\/uploads\\\/sites\\\/9\\\/2015\\\/01\\\/IMG_2292.jpg&quot;,&quot;id&quot;:&quot;13310&quot;,&quot;title&quot;:&quot;IMG_2292&quot;,&quot;alt&quot;:&quot;&quot;,&quot;caption&quot;:&quot;&quot;,&quot;itemprop&quot;:&quot;image&quot;},{&quot;src&quot;:&quot;https:\\\/\\\/www.alqueria.es\\\/blogs\\\/alqueriaamarillanaranja\\\/wp-content\\\/uploads\\\/sites\\\/9\\\/2015\\\/01\\\/IMG_2293.jpg&quot;,&quot;id&quot;:&quot;13311&quot;,&quot;title&quot;:&quot;IMG_2293&quot;,&quot;alt&quot;:&quot;&quot;,&quot;caption&quot;:&quot;&quot;,&quot;itemprop&quot;:&quot;image&quot;},{&quot;src&quot;:&quot;https:\\\/\\\/www.alqueria.es\\\/blogs\\\/alqueriaamarillanaranja\\\/wp-content\\\/uploads\\\/sites\\\/9\\\/2015\\\/01\\\/IMG_22931.jpg&quot;,&quot;id&quot;:&quot;13312&quot;,&quot;title&quot;:&quot;IMG_2293&quot;,&quot;alt&quot;:&quot;&quot;,&quot;caption&quot;:&quot;&quot;,&quot;itemprop&quot;:&quot;image&quot;},{&quot;src&quot;:&quot;https:\\\/\\\/www.alqueria.es\\\/blogs\\\/alqueriaamarillanaranja\\\/wp-content\\\/uploads\\\/sites\\\/9\\\/2015\\\/01\\\/IMG_2294.jpg&quot;,&quot;id&quot;:&quot;13313&quot;,&quot;title&quot;:&quot;IMG_2294&quot;,&quot;alt&quot;:&quot;&quot;,&quot;caption&quot;:&quot;&quot;,&quot;itemprop&quot;:&quot;image&quot;},{&quot;src&quot;:&quot;https:\\\/\\\/www.alqueria.es\\\/blogs\\\/alqueriaamarillanaranja\\\/wp-content\\\/uploads\\\/sites\\\/9\\\/2015\\\/01\\\/IMG_2295.jpg&quot;,&quot;id&quot;:&quot;13314&quot;,&quot;title&quot;:&quot;IMG_2295&quot;,&quot;alt&quot;:&quot;&quot;,&quot;caption&quot;:&quot;&quot;,&quot;itemprop&quot;:&quot;image&quot;},{&quot;src&quot;:&quot;https:\\\/\\\/www.alqueria.es\\\/blogs\\\/alqueriaamarillanaranja\\\/wp-content\\\/uploads\\\/sites\\\/9\\\/2015\\\/01\\\/IMG_2296.jpg&quot;,&quot;id&quot;:&quot;13315&quot;,&quot;title&quot;:&quot;IMG_2296&quot;,&quot;alt&quot;:&quot;&quot;,&quot;caption&quot;:&quot;&quot;,&quot;itemprop&quot;:&quot;image&quot;},{&quot;src&quot;:&quot;https:\\\/\\\/www.alqueria.es\\\/blogs\\\/alqueriaamarillanaranja\\\/wp-content\\\/uploads\\\/sites\\\/9\\\/2015\\\/01\\\/IMG_2297.jpg&quot;,&quot;id&quot;:&quot;13316&quot;,&quot;title&quot;:&quot;IMG_2297&quot;,&quot;alt&quot;:&quot;&quot;,&quot;caption&quot;:&quot;&quot;,&quot;itemprop&quot;:&quot;image&quot;},{&quot;src&quot;:&quot;https:\\\/\\\/www.alqueria.es\\\/blogs\\\/alqueriaamarillanaranja\\\/wp-content\\\/uploads\\\/sites\\\/9\\\/2015\\\/01\\\/IMG_2311.jpg&quot;,&quot;id&quot;:&quot;13317&quot;,&quot;title&quot;:&quot;IMG_2311&quot;,&quot;alt&quot;:&quot;&quot;,&quot;caption&quot;:&quot;&quot;,&quot;itemprop&quot;:&quot;image&quot;},{&quot;src&quot;:&quot;https:\\\/\\\/www.alqueria.es\\\/blogs\\\/alqueriaamarillanaranja\\\/wp-content\\\/uploads\\\/sites\\\/9\\\/2015\\\/01\\\/IMG_2312.jpg&quot;,&quot;id&quot;:&quot;13318&quot;,&quot;title&quot;:&quot;IMG_2312&quot;,&quot;alt&quot;:&quot;&quot;,&quot;caption&quot;:&quot;&quot;,&quot;itemprop&quot;:&quot;image&quot;},{&quot;src&quot;:&quot;https:\\\/\\\/www.alqueria.es\\\/blogs\\\/alqueriaamarillanaranja\\\/wp-content\\\/uploads\\\/sites\\\/9\\\/2015\\\/01\\\/IMG_2313.jpg&quot;,&quot;id&quot;:&quot;13319&quot;,&quot;title&quot;:&quot;IMG_2313&quot;,&quot;alt&quot;:&quot;&quot;,&quot;caption&quot;:&quot;&quot;,&quot;itemprop&quot;:&quot;image&quot;},{&quot;src&quot;:&quot;https:\\\/\\\/www.alqueria.es\\\/blogs\\\/alqueriaamarillanaranja\\\/wp-content\\\/uploads\\\/sites\\\/9\\\/2015\\\/01\\\/IMG_2314.jpg&quot;,&quot;id&quot;:&quot;13320&quot;,&quot;title&quot;:&quot;IMG_2314&quot;,&quot;alt&quot;:&quot;&quot;,&quot;caption&quot;:&quot;&quot;,&quot;itemprop&quot;:&quot;image&quot;},{&quot;src&quot;:&quot;https:\\\/\\\/www.alqueria.es\\\/blogs\\\/alqueriaamarillanaranja\\\/wp-content\\\/uploads\\\/sites\\\/9\\\/2015\\\/01\\\/IMG_2315.jpg&quot;,&quot;id&quot;:&quot;13321&quot;,&quot;title&quot;:&quot;IMG_2315&quot;,&quot;alt&quot;:&quot;&quot;,&quot;caption&quot;:&quot;&quot;,&quot;itemprop&quot;:&quot;image&quot;}]\" itemscope itemtype=\"https:\/\/schema.org\/ImageGallery\"><\/div>\n<p><strong><em><span style=\"color: #008000\"><a href=\"https:\/\/cloud.alqueria.es\/wp-content\/uploads\/sites\/9\/2015\/01\/IMG_2316.jpg\"><img decoding=\"async\" data-attachment-id=\"13323\" data-permalink=\"https:\/\/www.alqueria.es\/blogs\/alqueriaamarillanaranja\/2015\/01\/30\/dia-de-la-paz-tolerancia-y-respeto\/img_2316\/\" data-orig-file=\"https:\/\/www.alqueria.es\/blogs\/alqueriaamarillanaranja\/wp-content\/uploads\/sites\/9\/2015\/01\/IMG_2316.jpg\" data-orig-size=\"1024,768\" data-comments-opened=\"1\" data-image-meta=\"{&quot;aperture&quot;:&quot;0&quot;,&quot;credit&quot;:&quot;&quot;,&quot;camera&quot;:&quot;&quot;,&quot;caption&quot;:&quot;&quot;,&quot;created_timestamp&quot;:&quot;0&quot;,&quot;copyright&quot;:&quot;&quot;,&quot;focal_length&quot;:&quot;0&quot;,&quot;iso&quot;:&quot;0&quot;,&quot;shutter_speed&quot;:&quot;0&quot;,&quot;title&quot;:&quot;&quot;,&quot;orientation&quot;:&quot;0&quot;}\" data-image-title=\"IMG_2316\" data-image-description=\"\" data-image-caption=\"\" data-large-file=\"https:\/\/www.alqueria.es\/blogs\/alqueriaamarillanaranja\/wp-content\/uploads\/sites\/9\/2015\/01\/IMG_2316-1024x768.jpg\" class=\"alignleft size-medium wp-image-13323\" src=\"https:\/\/cloud.alqueria.es\/wp-content\/uploads\/sites\/9\/2015\/01\/IMG_2316-300x225.jpg\" alt=\"IMG_2316\" width=\"300\" height=\"225\" srcset=\"https:\/\/www.alqueria.es\/blogs\/alqueriaamarillanaranja\/wp-content\/uploads\/sites\/9\/2015\/01\/IMG_2316-300x225.jpg 300w, https:\/\/www.alqueria.es\/blogs\/alqueriaamarillanaranja\/wp-content\/uploads\/sites\/9\/2015\/01\/IMG_2316.jpg 1024w\" sizes=\"(max-width: 300px) 100vw, 300px\" \/><\/a>Por la tarde hemos tenido un taller creativo en clase en el que cada uno ha plasmado sus manos blancas en se\u00f1al de paz, y le hemos pegado un coraz\u00f3n rojo como s\u00edmbolo de amor. Espero que os guste.<\/span><\/em><\/strong><\/p>\n<p><strong><em><span style=\"color: #008000\">Buen fin de semana.<\/span><\/em><\/strong><\/p>\n<p style=\"text-align: right\"><strong><em><span style=\"color: #008000\">Loli G\u00e1lvez<\/span><\/em><\/strong><\/p>\n<p><strong><em><span style=\"color: #008000\">\u00a0<\/span><\/em><\/strong><\/p>\n","protected":false},"excerpt":{"rendered":"<p>Hemos comenzado la ma\u00f1ana hablando en nuestra asamblea de la importancia del d\u00eda de hoy, el D\u00cdA DE LA PAZ. Para los naranjitas hablar sobre la paz es un tanto abstracto, por lo que hay que simplificarlo y \u00abbajarlo\u00bb hasta el nivel de sus relaciones sociales. As\u00ed, hemos tratado conceptos como: &#8211; Amor: \u00bfa qui\u00e9n &hellip; <a href=\"https:\/\/www.alqueria.es\/blogs\/alqueriaamarillanaranja\/2015\/01\/30\/dia-de-la-paz-tolerancia-y-respeto\/\" class=\"more-link\">Seguir leyendo <span class=\"screen-reader-text\">D\u00eda de la paz: tolerancia y respeto<\/span> <span class=\"meta-nav\">&rarr;<\/span><\/a><\/p>\n","protected":false},"author":23,"featured_media":0,"comment_status":"open","ping_status":"open","sticky":false,"template":"","format":"standard","meta":{"jetpack_post_was_ever_published":false,"_jetpack_newsletter_access":"","_jetpack_dont_email_post_to_subs":false,"_jetpack_newsletter_tier_id":0,"_jetpack_memberships_contains_paywalled_content":false,"_jetpack_memberships_contains_paid_content":false,"footnotes":"","jetpack_publicize_message":"","jetpack_publicize_feature_enabled":true,"jetpack_social_post_already_shared":true,"jetpack_social_options":{"image_generator_settings":{"template":"highway","default_image_id":0,"font":"","enabled":false},"version":2}},"categories":[7,8,13],"tags":[44,218],"class_list":["post-13051","post","type-post","status-publish","format-standard","hentry","category-clase-naranja","category-diario","category-fiestas-y-dias-de-significacion-especial","tag-dia-de-la-paz","tag-educacion-en-valores"],"jetpack_publicize_connections":[],"jetpack_featured_media_url":"","jetpack_sharing_enabled":true,"jetpack_shortlink":"https:\/\/wp.me\/p4lG08-3ov","jetpack-related-posts":[],"_links":{"self":[{"href":"https:\/\/www.alqueria.es\/blogs\/alqueriaamarillanaranja\/wp-json\/wp\/v2\/posts\/13051","targetHints":{"allow":["GET"]}}],"collection":[{"href":"https:\/\/www.alqueria.es\/blogs\/alqueriaamarillanaranja\/wp-json\/wp\/v2\/posts"}],"about":[{"href":"https:\/\/www.alqueria.es\/blogs\/alqueriaamarillanaranja\/wp-json\/wp\/v2\/types\/post"}],"author":[{"embeddable":true,"href":"https:\/\/www.alqueria.es\/blogs\/alqueriaamarillanaranja\/wp-json\/wp\/v2\/users\/23"}],"replies":[{"embeddable":true,"href":"https:\/\/www.alqueria.es\/blogs\/alqueriaamarillanaranja\/wp-json\/wp\/v2\/comments?post=13051"}],"version-history":[{"count":0,"href":"https:\/\/www.alqueria.es\/blogs\/alqueriaamarillanaranja\/wp-json\/wp\/v2\/posts\/13051\/revisions"}],"wp:attachment":[{"href":"https:\/\/www.alqueria.es\/blogs\/alqueriaamarillanaranja\/wp-json\/wp\/v2\/media?parent=13051"}],"wp:term":[{"taxonomy":"category","embeddable":true,"href":"https:\/\/www.alqueria.es\/blogs\/alqueriaamarillanaranja\/wp-json\/wp\/v2\/categories?post=13051"},{"taxonomy":"post_tag","embeddable":true,"href":"https:\/\/www.alqueria.es\/blogs\/alqueriaamarillanaranja\/wp-json\/wp\/v2\/tags?post=13051"}],"curies":[{"name":"wp","href":"https:\/\/api.w.org\/{rel}","templated":true}]}}