{"id":132,"date":"2012-04-26T08:50:21","date_gmt":"2012-04-26T08:50:21","guid":{"rendered":"http:\/\/alqueriaamarillanaranja.wordpress.com\/?p=132"},"modified":"2014-02-24T12:36:47","modified_gmt":"2014-02-24T12:36:47","slug":"cuentacuentos-multimedia","status":"publish","type":"post","link":"https:\/\/www.alqueria.es\/blogs\/alqueriaamarillanaranja\/2012\/04\/26\/cuentacuentos-multimedia\/","title":{"rendered":"CUENTACUENTOS MULTIMEDIA"},"content":{"rendered":"<p>A media ma\u00f1ana nos reunimos todo el ciclo en la clase verde para disfrutar de una actividad multimedia de la mano de Sonia (madre de Guillermo). Nos cuenta tres cuentos que proyecta en la pantalla y que est\u00e1n amenizados con m\u00fasica y movimiento. A los ni\u00f1os y ni\u00f1as les ha entusiasmado y aunque en un principio la idea era que nos contase uno, termina contando tres pues cada vez que acaba, el p\u00fablico no para de gritar: \u00ab\u00a1otro, otro, otro&#8230;! y ella muy voluntariosa, nos regala uno m\u00e1s. Nos han encantado, muchas gracias.<\/p>\n<p>Estos son los t\u00edtulos:<\/p>\n<p>&#8211; \u00abLa f\u00e1brica de caramelos\u00bb<\/p>\n<p>&#8211; \u00abLos caprichos de Martina\u00bb<\/p>\n<p>&#8211; \u00abLos meses del a\u00f1o\u00bb<\/p>\n<p>&nbsp;<\/p>\n<p style=\"text-align:right\">Loli G\u00e1lvez<\/p>\n<p><img decoding=\"async\" data-attachment-id=\"137\" data-permalink=\"https:\/\/www.alqueria.es\/blogs\/alqueriaamarillanaranja\/dsc09641\/\" data-orig-file=\"https:\/\/www.alqueria.es\/blogs\/alqueriaamarillanaranja\/wp-content\/uploads\/sites\/9\/2012\/04\/dsc09641.jpg\" data-orig-size=\"640,480\" data-comments-opened=\"1\" data-image-meta=\"{&quot;aperture&quot;:&quot;0&quot;,&quot;credit&quot;:&quot;&quot;,&quot;camera&quot;:&quot;&quot;,&quot;caption&quot;:&quot;&quot;,&quot;created_timestamp&quot;:&quot;0&quot;,&quot;copyright&quot;:&quot;&quot;,&quot;focal_length&quot;:&quot;0&quot;,&quot;iso&quot;:&quot;0&quot;,&quot;shutter_speed&quot;:&quot;0&quot;,&quot;title&quot;:&quot;&quot;}\" data-image-title=\"DSC09641\" data-image-description=\"\" data-image-caption=\"\" data-large-file=\"https:\/\/www.alqueria.es\/blogs\/alqueriaamarillanaranja\/wp-content\/uploads\/sites\/9\/2012\/04\/dsc09641.jpg\" class=\"alignleft size-medium wp-image-137\" title=\"DSC09641\" src=\"https:\/\/cloud.alqueria.es\/wp-content\/uploads\/sites\/9\/2012\/04\/dsc096411.jpg\" alt=\"\" width=\"300\" height=\"225\" \/> <img decoding=\"async\" data-attachment-id=\"138\" data-permalink=\"https:\/\/www.alqueria.es\/blogs\/alqueriaamarillanaranja\/dsc09642\/\" data-orig-file=\"https:\/\/www.alqueria.es\/blogs\/alqueriaamarillanaranja\/wp-content\/uploads\/sites\/9\/2012\/04\/dsc09642.jpg\" data-orig-size=\"640,480\" data-comments-opened=\"1\" data-image-meta=\"{&quot;aperture&quot;:&quot;0&quot;,&quot;credit&quot;:&quot;&quot;,&quot;camera&quot;:&quot;&quot;,&quot;caption&quot;:&quot;&quot;,&quot;created_timestamp&quot;:&quot;0&quot;,&quot;copyright&quot;:&quot;&quot;,&quot;focal_length&quot;:&quot;0&quot;,&quot;iso&quot;:&quot;0&quot;,&quot;shutter_speed&quot;:&quot;0&quot;,&quot;title&quot;:&quot;&quot;}\" data-image-title=\"DSC09642\" data-image-description=\"\" data-image-caption=\"\" data-large-file=\"https:\/\/www.alqueria.es\/blogs\/alqueriaamarillanaranja\/wp-content\/uploads\/sites\/9\/2012\/04\/dsc09642.jpg\" class=\"aligncenter size-medium wp-image-138\" title=\"DSC09642\" src=\"https:\/\/cloud.alqueria.es\/wp-content\/uploads\/sites\/9\/2012\/04\/dsc096421.jpg\" alt=\"\" width=\"300\" height=\"225\" \/><\/p>\n","protected":false},"excerpt":{"rendered":"<p>A media ma\u00f1ana nos reunimos todo el ciclo en la clase verde para disfrutar de una actividad multimedia de la mano de Sonia (madre de Guillermo). Nos cuenta tres cuentos que proyecta en la pantalla y que est\u00e1n amenizados con m\u00fasica y movimiento. A los ni\u00f1os y ni\u00f1as les ha entusiasmado y aunque en un &hellip; <a href=\"https:\/\/www.alqueria.es\/blogs\/alqueriaamarillanaranja\/2012\/04\/26\/cuentacuentos-multimedia\/\" class=\"more-link\">Seguir leyendo <span class=\"screen-reader-text\">CUENTACUENTOS MULTIMEDIA<\/span> <span class=\"meta-nav\">&rarr;<\/span><\/a><\/p>\n","protected":false},"author":20,"featured_media":0,"comment_status":"open","ping_status":"open","sticky":false,"template":"","format":"standard","meta":{"jetpack_post_was_ever_published":false,"_jetpack_newsletter_access":"","_jetpack_dont_email_post_to_subs":false,"_jetpack_newsletter_tier_id":0,"_jetpack_memberships_contains_paywalled_content":false,"_jetpack_memberships_contains_paid_content":false,"footnotes":"","jetpack_publicize_message":"","jetpack_publicize_feature_enabled":true,"jetpack_social_post_already_shared":true,"jetpack_social_options":{"image_generator_settings":{"template":"highway","default_image_id":0,"font":"","enabled":false},"version":2}},"categories":[6],"tags":[],"class_list":["post-132","post","type-post","status-publish","format-standard","hentry","category-clase-amarilla"],"jetpack_publicize_connections":[],"jetpack_featured_media_url":"","jetpack_sharing_enabled":true,"jetpack_shortlink":"https:\/\/wp.me\/p4lG08-28","jetpack-related-posts":[],"_links":{"self":[{"href":"https:\/\/www.alqueria.es\/blogs\/alqueriaamarillanaranja\/wp-json\/wp\/v2\/posts\/132","targetHints":{"allow":["GET"]}}],"collection":[{"href":"https:\/\/www.alqueria.es\/blogs\/alqueriaamarillanaranja\/wp-json\/wp\/v2\/posts"}],"about":[{"href":"https:\/\/www.alqueria.es\/blogs\/alqueriaamarillanaranja\/wp-json\/wp\/v2\/types\/post"}],"author":[{"embeddable":true,"href":"https:\/\/www.alqueria.es\/blogs\/alqueriaamarillanaranja\/wp-json\/wp\/v2\/users\/20"}],"replies":[{"embeddable":true,"href":"https:\/\/www.alqueria.es\/blogs\/alqueriaamarillanaranja\/wp-json\/wp\/v2\/comments?post=132"}],"version-history":[{"count":0,"href":"https:\/\/www.alqueria.es\/blogs\/alqueriaamarillanaranja\/wp-json\/wp\/v2\/posts\/132\/revisions"}],"wp:attachment":[{"href":"https:\/\/www.alqueria.es\/blogs\/alqueriaamarillanaranja\/wp-json\/wp\/v2\/media?parent=132"}],"wp:term":[{"taxonomy":"category","embeddable":true,"href":"https:\/\/www.alqueria.es\/blogs\/alqueriaamarillanaranja\/wp-json\/wp\/v2\/categories?post=132"},{"taxonomy":"post_tag","embeddable":true,"href":"https:\/\/www.alqueria.es\/blogs\/alqueriaamarillanaranja\/wp-json\/wp\/v2\/tags?post=132"}],"curies":[{"name":"wp","href":"https:\/\/api.w.org\/{rel}","templated":true}]}}