{"id":13568,"date":"2015-02-16T16:25:38","date_gmt":"2015-02-16T15:25:38","guid":{"rendered":"https:\/\/www.alqueria.es\/blogs\/alqueriaamarillanaranja\/?p=13568"},"modified":"2015-02-16T16:17:18","modified_gmt":"2015-02-16T15:17:18","slug":"mascaras-de-carnaval-2","status":"publish","type":"post","link":"https:\/\/www.alqueria.es\/blogs\/alqueriaamarillanaranja\/2015\/02\/16\/mascaras-de-carnaval-2\/","title":{"rendered":"M\u00e1scaras de Carnaval"},"content":{"rendered":"<p><strong><em><span style=\"color: #008000\"><img decoding=\"async\" data-attachment-id=\"13569\" data-permalink=\"https:\/\/www.alqueria.es\/blogs\/alqueriaamarillanaranja\/2015\/02\/16\/mascaras-de-carnaval-2\/images-28-3\/\" data-orig-file=\"https:\/\/www.alqueria.es\/blogs\/alqueriaamarillanaranja\/wp-content\/uploads\/sites\/9\/2015\/02\/images-28.jpg\" data-orig-size=\"379,133\" data-comments-opened=\"1\" data-image-meta=\"{&quot;aperture&quot;:&quot;0&quot;,&quot;credit&quot;:&quot;&quot;,&quot;camera&quot;:&quot;&quot;,&quot;caption&quot;:&quot;&quot;,&quot;created_timestamp&quot;:&quot;0&quot;,&quot;copyright&quot;:&quot;&quot;,&quot;focal_length&quot;:&quot;0&quot;,&quot;iso&quot;:&quot;0&quot;,&quot;shutter_speed&quot;:&quot;0&quot;,&quot;title&quot;:&quot;&quot;,&quot;orientation&quot;:&quot;0&quot;}\" data-image-title=\"images (28)\" data-image-description=\"\" data-image-caption=\"\" data-large-file=\"https:\/\/www.alqueria.es\/blogs\/alqueriaamarillanaranja\/wp-content\/uploads\/sites\/9\/2015\/02\/images-28.jpg\" class=\"alignleft size-medium wp-image-13569\" src=\"https:\/\/cloud.alqueria.es\/wp-content\/uploads\/sites\/9\/2015\/02\/images-28-300x105.jpg\" alt=\"images (28)\" width=\"300\" height=\"105\" srcset=\"https:\/\/www.alqueria.es\/blogs\/alqueriaamarillanaranja\/wp-content\/uploads\/sites\/9\/2015\/02\/images-28-300x105.jpg 300w, https:\/\/www.alqueria.es\/blogs\/alqueriaamarillanaranja\/wp-content\/uploads\/sites\/9\/2015\/02\/images-28.jpg 379w\" sizes=\"(max-width: 300px) 100vw, 300px\" \/>Hoy hemos dedicado gran parte de la ma\u00f1ana a realizar nuestras m\u00e1scaras de carnaval. El viernes pasado dejamos preparados (los ni\u00f1os y ni\u00f1as los puntearon) todos los elementos que van a formar la cara de nuestras \u00abM\u00c1SCARAS LOCAS\u00bb, pues ya ver\u00e9is que el resultado ha quedado de lo m\u00e1s grotesco y a la vez gracioso. Hoy hemos pintado la base (un plato de cart\u00f3n) y cuando ha secado la pintura, cada uno ha pegado sobre el mismo los componentes de la cara (una boca, dos ojos y una nariz). Hemos vuelto a dejarlo secar&#8230;&#8230;. Y como este trabajo es muy meticuloso, vamos a necesitar ma\u00f1ana dedicar una sesi\u00f3n m\u00e1s, para conseguir el resultado final. Ma\u00f1ana podr\u00e9is ver nuestras m\u00e1scaras terminadas.<\/span><\/em><\/strong><\/p>\n<p><strong><em><span style=\"color: #008000\">Por la tarde trabajan en el huerto los equipos n\u00famero tres de cada clase.<img decoding=\"async\" data-attachment-id=\"13571\" data-permalink=\"https:\/\/www.alqueria.es\/blogs\/alqueriaamarillanaranja\/2015\/02\/16\/mascaras-de-carnaval-2\/7879546-campesinos-con-la-carretilla-verduras-y-frutas-dibujos-animados-e-ilustracion-objetos-aislados1\/\" data-orig-file=\"https:\/\/www.alqueria.es\/blogs\/alqueriaamarillanaranja\/wp-content\/uploads\/sites\/9\/2015\/02\/7879546-campesinos-con-la-carretilla-verduras-y-frutas-dibujos-animados-e-ilustracion-objetos-aislados1.jpg\" data-orig-size=\"1024,913\" data-comments-opened=\"1\" data-image-meta=\"{&quot;aperture&quot;:&quot;0&quot;,&quot;credit&quot;:&quot;&quot;,&quot;camera&quot;:&quot;&quot;,&quot;caption&quot;:&quot;&quot;,&quot;created_timestamp&quot;:&quot;0&quot;,&quot;copyright&quot;:&quot;&quot;,&quot;focal_length&quot;:&quot;0&quot;,&quot;iso&quot;:&quot;0&quot;,&quot;shutter_speed&quot;:&quot;0&quot;,&quot;title&quot;:&quot;&quot;,&quot;orientation&quot;:&quot;0&quot;}\" data-image-title=\"7879546-campesinos-con-la-carretilla-verduras-y-frutas-dibujos-animados-e-ilustracion-objetos-aislados[1]\" data-image-description=\"\" data-image-caption=\"\" data-large-file=\"https:\/\/www.alqueria.es\/blogs\/alqueriaamarillanaranja\/wp-content\/uploads\/sites\/9\/2015\/02\/7879546-campesinos-con-la-carretilla-verduras-y-frutas-dibujos-animados-e-ilustracion-objetos-aislados1-1024x913.jpg\" class=\"alignright size-medium wp-image-13571\" src=\"https:\/\/cloud.alqueria.es\/wp-content\/uploads\/sites\/9\/2015\/02\/7879546-campesinos-con-la-carretilla-verduras-y-frutas-dibujos-animados-e-ilustracion-objetos-aislados1-300x267.jpg\" alt=\"7879546-campesinos-con-la-carretilla-verduras-y-frutas-dibujos-animados-e-ilustracion-objetos-aislados[1]\" width=\"300\" height=\"267\" srcset=\"https:\/\/www.alqueria.es\/blogs\/alqueriaamarillanaranja\/wp-content\/uploads\/sites\/9\/2015\/02\/7879546-campesinos-con-la-carretilla-verduras-y-frutas-dibujos-animados-e-ilustracion-objetos-aislados1-300x267.jpg 300w, https:\/\/www.alqueria.es\/blogs\/alqueriaamarillanaranja\/wp-content\/uploads\/sites\/9\/2015\/02\/7879546-campesinos-con-la-carretilla-verduras-y-frutas-dibujos-animados-e-ilustracion-objetos-aislados1.jpg 1024w\" sizes=\"(max-width: 300px) 100vw, 300px\" \/> Hoy han trasplantado aloe veras, cactus crasas, y han sembrado semillas de pensamientos. \u00a1Muy bien!.<\/span><\/em><\/strong><\/p>\n<p><strong><em><span style=\"color: #008000\">Hasta ma\u00f1ana, Loli G\u00e1lvez.<\/span><\/em><\/strong><\/p>\n","protected":false},"excerpt":{"rendered":"<p>Hoy hemos dedicado gran parte de la ma\u00f1ana a realizar nuestras m\u00e1scaras de carnaval. El viernes pasado dejamos preparados (los ni\u00f1os y ni\u00f1as los puntearon) todos los elementos que van a formar la cara de nuestras \u00abM\u00c1SCARAS LOCAS\u00bb, pues ya ver\u00e9is que el resultado ha quedado de lo m\u00e1s grotesco y a la vez gracioso. &hellip; <a href=\"https:\/\/www.alqueria.es\/blogs\/alqueriaamarillanaranja\/2015\/02\/16\/mascaras-de-carnaval-2\/\" class=\"more-link\">Seguir leyendo <span class=\"screen-reader-text\">M\u00e1scaras de Carnaval<\/span> <span class=\"meta-nav\">&rarr;<\/span><\/a><\/p>\n","protected":false},"author":23,"featured_media":0,"comment_status":"open","ping_status":"open","sticky":false,"template":"","format":"standard","meta":{"jetpack_post_was_ever_published":false,"_jetpack_newsletter_access":"","_jetpack_dont_email_post_to_subs":false,"_jetpack_newsletter_tier_id":0,"_jetpack_memberships_contains_paywalled_content":false,"_jetpack_memberships_contains_paid_content":false,"footnotes":"","jetpack_publicize_message":"","jetpack_publicize_feature_enabled":true,"jetpack_social_post_already_shared":true,"jetpack_social_options":{"image_generator_settings":{"template":"highway","default_image_id":0,"font":"","enabled":false},"version":2}},"categories":[7,8,19],"tags":[134,127],"class_list":["post-13568","post","type-post","status-publish","format-standard","hentry","category-clase-naranja","category-diario","category-talleres-creativos","tag-fiesta-de-carnaval","tag-vivero"],"jetpack_publicize_connections":[],"jetpack_featured_media_url":"","jetpack_sharing_enabled":true,"jetpack_shortlink":"https:\/\/wp.me\/p4lG08-3wQ","jetpack-related-posts":[],"_links":{"self":[{"href":"https:\/\/www.alqueria.es\/blogs\/alqueriaamarillanaranja\/wp-json\/wp\/v2\/posts\/13568","targetHints":{"allow":["GET"]}}],"collection":[{"href":"https:\/\/www.alqueria.es\/blogs\/alqueriaamarillanaranja\/wp-json\/wp\/v2\/posts"}],"about":[{"href":"https:\/\/www.alqueria.es\/blogs\/alqueriaamarillanaranja\/wp-json\/wp\/v2\/types\/post"}],"author":[{"embeddable":true,"href":"https:\/\/www.alqueria.es\/blogs\/alqueriaamarillanaranja\/wp-json\/wp\/v2\/users\/23"}],"replies":[{"embeddable":true,"href":"https:\/\/www.alqueria.es\/blogs\/alqueriaamarillanaranja\/wp-json\/wp\/v2\/comments?post=13568"}],"version-history":[{"count":0,"href":"https:\/\/www.alqueria.es\/blogs\/alqueriaamarillanaranja\/wp-json\/wp\/v2\/posts\/13568\/revisions"}],"wp:attachment":[{"href":"https:\/\/www.alqueria.es\/blogs\/alqueriaamarillanaranja\/wp-json\/wp\/v2\/media?parent=13568"}],"wp:term":[{"taxonomy":"category","embeddable":true,"href":"https:\/\/www.alqueria.es\/blogs\/alqueriaamarillanaranja\/wp-json\/wp\/v2\/categories?post=13568"},{"taxonomy":"post_tag","embeddable":true,"href":"https:\/\/www.alqueria.es\/blogs\/alqueriaamarillanaranja\/wp-json\/wp\/v2\/tags?post=13568"}],"curies":[{"name":"wp","href":"https:\/\/api.w.org\/{rel}","templated":true}]}}