{"id":13788,"date":"2015-02-26T16:12:28","date_gmt":"2015-02-26T15:12:28","guid":{"rendered":"https:\/\/www.alqueria.es\/blogs\/alqueriaamarillanaranja\/?p=13788"},"modified":"2015-02-26T11:33:24","modified_gmt":"2015-02-26T10:33:24","slug":"un-dia-muy-tranquilo-3","status":"publish","type":"post","link":"https:\/\/www.alqueria.es\/blogs\/alqueriaamarillanaranja\/2015\/02\/26\/un-dia-muy-tranquilo-3\/","title":{"rendered":"Un d\u00eda muy tranquilo&#8230;&#8230;"},"content":{"rendered":"<p><span style=\"color: #000000\"><strong><em>Hoy hemos dedicado la ma\u00f1ana a organizar un poquito la clase entre todos. En nuestra asamblea inicial hemos decidido que volver\u00edamos a jugar a las propuestas del d\u00eda de ayer (ya que les motivan much\u00edsimo): cocinita, beb\u00e9s y coches. Pero en esta ocasi\u00f3n adem\u00e1s de jugar, hemos aprovechado para \u00ablimpiar\u00bb un poquito nuestros juguetes (sobre todo los beb\u00e9s, que ya necesitaban un ba\u00f1o, jajajja). A todos les encanta participar en este tipo de tareas, y han disfrutado de lo lindo limpi\u00e1ndolo todo con toallitas, y lo hemos dejado s\u00faper limpio. \u00a1Muy bien! Es importante que desde peque\u00f1itos vayan comprendiendo la importancia de la limpieza y el orden.<\/em><\/strong><\/span><\/p>\n<p><span style=\"color: #000000\"><strong><em><img decoding=\"async\" data-attachment-id=\"13791\" data-permalink=\"https:\/\/www.alqueria.es\/blogs\/alqueriaamarillanaranja\/2015\/02\/26\/un-dia-muy-tranquilo-3\/descarga-24\/\" data-orig-file=\"https:\/\/www.alqueria.es\/blogs\/alqueriaamarillanaranja\/wp-content\/uploads\/sites\/9\/2015\/02\/descarga1.jpg\" data-orig-size=\"267,189\" data-comments-opened=\"1\" data-image-meta=\"{&quot;aperture&quot;:&quot;0&quot;,&quot;credit&quot;:&quot;&quot;,&quot;camera&quot;:&quot;&quot;,&quot;caption&quot;:&quot;&quot;,&quot;created_timestamp&quot;:&quot;0&quot;,&quot;copyright&quot;:&quot;&quot;,&quot;focal_length&quot;:&quot;0&quot;,&quot;iso&quot;:&quot;0&quot;,&quot;shutter_speed&quot;:&quot;0&quot;,&quot;title&quot;:&quot;&quot;,&quot;orientation&quot;:&quot;0&quot;}\" data-image-title=\"descarga\" data-image-description=\"\" data-image-caption=\"\" data-large-file=\"https:\/\/www.alqueria.es\/blogs\/alqueriaamarillanaranja\/wp-content\/uploads\/sites\/9\/2015\/02\/descarga1.jpg\" class=\"alignleft  wp-image-13791\" src=\"https:\/\/cloud.alqueria.es\/wp-content\/uploads\/sites\/9\/2015\/02\/descarga1.jpg\" alt=\"descarga\" width=\"201\" height=\"142\" \/>En la asamblea de comunicaci\u00f3n, en la que hoy nos reparte la fruta Guillermo, hemos recordado muchas de las canciones que m\u00e1s nos gustan: \u00abla fruta\u00bb, \u00abel invierno\u00bb, \u00ablos d\u00edas de la semana\u00bb&#8230;&#8230;&#8230;adem\u00e1s de muchas otras que ellos mismos me han pedido que les cante (\u00abdebajo de un bot\u00f3n\u00bb, \u00ablos indios\u00bb, \u00aben mi cara redondita\u00bb&#8230;..). Les encanta que les cante, es uno de los momentos m\u00e1s tranquilos que disfrutamos a lo largo del d\u00eda.<\/em><\/strong><\/span><\/p>\n<p><span style=\"color: #000000\"><strong><em>Por la tarde hemos dibujado c\u00f3mo es el proceso de crecimiento de una <img decoding=\"async\" data-attachment-id=\"13789\" data-permalink=\"https:\/\/www.alqueria.es\/blogs\/alqueriaamarillanaranja\/2015\/02\/26\/un-dia-muy-tranquilo-3\/attachment\/8493521\/\" data-orig-file=\"https:\/\/www.alqueria.es\/blogs\/alqueriaamarillanaranja\/wp-content\/uploads\/sites\/9\/2015\/02\/8493521.jpg\" data-orig-size=\"370,277\" data-comments-opened=\"1\" data-image-meta=\"{&quot;aperture&quot;:&quot;0&quot;,&quot;credit&quot;:&quot;&quot;,&quot;camera&quot;:&quot;&quot;,&quot;caption&quot;:&quot;&quot;,&quot;created_timestamp&quot;:&quot;0&quot;,&quot;copyright&quot;:&quot;&quot;,&quot;focal_length&quot;:&quot;0&quot;,&quot;iso&quot;:&quot;0&quot;,&quot;shutter_speed&quot;:&quot;0&quot;,&quot;title&quot;:&quot;&quot;,&quot;orientation&quot;:&quot;0&quot;}\" data-image-title=\"849352[1]\" data-image-description=\"\" data-image-caption=\"\" data-large-file=\"https:\/\/www.alqueria.es\/blogs\/alqueriaamarillanaranja\/wp-content\/uploads\/sites\/9\/2015\/02\/8493521.jpg\" class=\"alignright  wp-image-13789\" src=\"https:\/\/cloud.alqueria.es\/wp-content\/uploads\/sites\/9\/2015\/02\/8493521-300x225.jpg\" alt=\"849352[1]\" width=\"236\" height=\"177\" srcset=\"https:\/\/www.alqueria.es\/blogs\/alqueriaamarillanaranja\/wp-content\/uploads\/sites\/9\/2015\/02\/8493521-300x225.jpg 300w, https:\/\/www.alqueria.es\/blogs\/alqueriaamarillanaranja\/wp-content\/uploads\/sites\/9\/2015\/02\/8493521.jpg 370w\" sizes=\"(max-width: 236px) 100vw, 236px\" \/>planta a partir de una semilla. Les explico que ese ser\u00e1 el proceso que seguir\u00e1n nuestras semillas de soja (las que germinamos ayer). Pod\u00e9is ver los dibujos expuestos en nuestro tabl\u00f3n.<\/em><\/strong><\/span><\/p>\n<p>&nbsp;<\/p>\n<p><span style=\"color: #000000\"><strong><em><img decoding=\"async\" data-attachment-id=\"13790\" data-permalink=\"https:\/\/www.alqueria.es\/blogs\/alqueriaamarillanaranja\/2015\/02\/26\/un-dia-muy-tranquilo-3\/images-48\/\" data-orig-file=\"https:\/\/www.alqueria.es\/blogs\/alqueriaamarillanaranja\/wp-content\/uploads\/sites\/9\/2015\/02\/images1.jpg\" data-orig-size=\"270,186\" data-comments-opened=\"1\" data-image-meta=\"{&quot;aperture&quot;:&quot;0&quot;,&quot;credit&quot;:&quot;&quot;,&quot;camera&quot;:&quot;&quot;,&quot;caption&quot;:&quot;&quot;,&quot;created_timestamp&quot;:&quot;0&quot;,&quot;copyright&quot;:&quot;&quot;,&quot;focal_length&quot;:&quot;0&quot;,&quot;iso&quot;:&quot;0&quot;,&quot;shutter_speed&quot;:&quot;0&quot;,&quot;title&quot;:&quot;&quot;,&quot;orientation&quot;:&quot;0&quot;}\" data-image-title=\"images\" data-image-description=\"\" data-image-caption=\"\" data-large-file=\"https:\/\/www.alqueria.es\/blogs\/alqueriaamarillanaranja\/wp-content\/uploads\/sites\/9\/2015\/02\/images1.jpg\" class=\"alignleft wp-image-13790 \" src=\"https:\/\/cloud.alqueria.es\/wp-content\/uploads\/sites\/9\/2015\/02\/images1.jpg\" alt=\"images\" width=\"241\" height=\"166\" \/>PD: os recuerdo que <span style=\"color: #ff0000\">ma\u00f1ana viernes y el pr\u00f3ximo lunes NO HAY COLE.<\/span> Espero que \u00a0pas\u00e9is un buen puente, \u00a1nos vemos el martes!<\/em><\/strong><\/span><\/p>\n<p><strong><em>Loli G\u00e1lvez<\/em><\/strong><\/p>\n","protected":false},"excerpt":{"rendered":"<p>Hoy hemos dedicado la ma\u00f1ana a organizar un poquito la clase entre todos. En nuestra asamblea inicial hemos decidido que volver\u00edamos a jugar a las propuestas del d\u00eda de ayer (ya que les motivan much\u00edsimo): cocinita, beb\u00e9s y coches. Pero en esta ocasi\u00f3n adem\u00e1s de jugar, hemos aprovechado para \u00ablimpiar\u00bb un poquito nuestros juguetes (sobre &hellip; <a href=\"https:\/\/www.alqueria.es\/blogs\/alqueriaamarillanaranja\/2015\/02\/26\/un-dia-muy-tranquilo-3\/\" class=\"more-link\">Seguir leyendo <span class=\"screen-reader-text\">Un d\u00eda muy tranquilo&#8230;&#8230;<\/span> <span class=\"meta-nav\">&rarr;<\/span><\/a><\/p>\n","protected":false},"author":23,"featured_media":0,"comment_status":"open","ping_status":"open","sticky":false,"template":"","format":"standard","meta":{"jetpack_post_was_ever_published":false,"_jetpack_newsletter_access":"","_jetpack_dont_email_post_to_subs":false,"_jetpack_newsletter_tier_id":0,"_jetpack_memberships_contains_paywalled_content":false,"_jetpack_memberships_contains_paid_content":false,"footnotes":"","jetpack_publicize_message":"","jetpack_publicize_feature_enabled":true,"jetpack_social_post_already_shared":true,"jetpack_social_options":{"image_generator_settings":{"template":"highway","default_image_id":0,"font":"","enabled":false},"version":2}},"categories":[7,8],"tags":[89,290],"class_list":["post-13788","post","type-post","status-publish","format-standard","hentry","category-clase-naranja","category-diario","tag-metodo-de-propuestas","tag-talleres-medioambientales"],"jetpack_publicize_connections":[],"jetpack_featured_media_url":"","jetpack_sharing_enabled":true,"jetpack_shortlink":"https:\/\/wp.me\/p4lG08-3Ao","jetpack-related-posts":[],"_links":{"self":[{"href":"https:\/\/www.alqueria.es\/blogs\/alqueriaamarillanaranja\/wp-json\/wp\/v2\/posts\/13788","targetHints":{"allow":["GET"]}}],"collection":[{"href":"https:\/\/www.alqueria.es\/blogs\/alqueriaamarillanaranja\/wp-json\/wp\/v2\/posts"}],"about":[{"href":"https:\/\/www.alqueria.es\/blogs\/alqueriaamarillanaranja\/wp-json\/wp\/v2\/types\/post"}],"author":[{"embeddable":true,"href":"https:\/\/www.alqueria.es\/blogs\/alqueriaamarillanaranja\/wp-json\/wp\/v2\/users\/23"}],"replies":[{"embeddable":true,"href":"https:\/\/www.alqueria.es\/blogs\/alqueriaamarillanaranja\/wp-json\/wp\/v2\/comments?post=13788"}],"version-history":[{"count":0,"href":"https:\/\/www.alqueria.es\/blogs\/alqueriaamarillanaranja\/wp-json\/wp\/v2\/posts\/13788\/revisions"}],"wp:attachment":[{"href":"https:\/\/www.alqueria.es\/blogs\/alqueriaamarillanaranja\/wp-json\/wp\/v2\/media?parent=13788"}],"wp:term":[{"taxonomy":"category","embeddable":true,"href":"https:\/\/www.alqueria.es\/blogs\/alqueriaamarillanaranja\/wp-json\/wp\/v2\/categories?post=13788"},{"taxonomy":"post_tag","embeddable":true,"href":"https:\/\/www.alqueria.es\/blogs\/alqueriaamarillanaranja\/wp-json\/wp\/v2\/tags?post=13788"}],"curies":[{"name":"wp","href":"https:\/\/api.w.org\/{rel}","templated":true}]}}