{"id":14568,"date":"2015-04-17T18:07:37","date_gmt":"2015-04-17T16:07:37","guid":{"rendered":"https:\/\/www.alqueria.es\/blogs\/alqueriaamarillanaranja\/?p=14568"},"modified":"2015-05-04T16:02:25","modified_gmt":"2015-05-04T14:02:25","slug":"semana-de-la-lectura","status":"publish","type":"post","link":"https:\/\/www.alqueria.es\/blogs\/alqueriaamarillanaranja\/2015\/04\/17\/semana-de-la-lectura\/","title":{"rendered":"SEMANA DE LA LECTURA"},"content":{"rendered":"<p><img decoding=\"async\" data-attachment-id=\"14570\" data-permalink=\"https:\/\/www.alqueria.es\/blogs\/alqueriaamarillanaranja\/2015\/04\/17\/semana-de-la-lectura\/descarga-27\/\" data-orig-file=\"https:\/\/www.alqueria.es\/blogs\/alqueriaamarillanaranja\/wp-content\/uploads\/sites\/9\/2015\/04\/descarga1.jpg\" data-orig-size=\"282,179\" data-comments-opened=\"1\" data-image-meta=\"{&quot;aperture&quot;:&quot;0&quot;,&quot;credit&quot;:&quot;&quot;,&quot;camera&quot;:&quot;&quot;,&quot;caption&quot;:&quot;&quot;,&quot;created_timestamp&quot;:&quot;0&quot;,&quot;copyright&quot;:&quot;&quot;,&quot;focal_length&quot;:&quot;0&quot;,&quot;iso&quot;:&quot;0&quot;,&quot;shutter_speed&quot;:&quot;0&quot;,&quot;title&quot;:&quot;&quot;,&quot;orientation&quot;:&quot;0&quot;}\" data-image-title=\"descarga\" data-image-description=\"\" data-image-caption=\"\" data-large-file=\"https:\/\/www.alqueria.es\/blogs\/alqueriaamarillanaranja\/wp-content\/uploads\/sites\/9\/2015\/04\/descarga1.jpg\" class=\"alignleft size-full wp-image-14570\" src=\"https:\/\/cloud.alqueria.es\/wp-content\/uploads\/sites\/9\/2015\/04\/descarga1.jpg\" alt=\"descarga\" width=\"282\" height=\"179\" \/><strong><em><span style=\"color: #0000ff\">La semana pr\u00f3xima tendr\u00e1 lugar nuestra \u00abSemana de la Lectura\u00bb en la etapa infantil de Alquer\u00eda.<\/span><\/em><\/strong><\/p>\n<p><strong><em><span style=\"color: #ff6600\">Tenemos un programa lleno de actividades y talleres preparados con mucha ilusi\u00f3n y en el que participan diferentes familiares del alumnado como parte fundamental del mismo (padres y madres,<img decoding=\"async\" data-attachment-id=\"14571\" data-permalink=\"https:\/\/www.alqueria.es\/blogs\/alqueriaamarillanaranja\/2015\/04\/17\/semana-de-la-lectura\/images-49\/\" data-orig-file=\"https:\/\/www.alqueria.es\/blogs\/alqueriaamarillanaranja\/wp-content\/uploads\/sites\/9\/2015\/04\/images.jpg\" data-orig-size=\"241,210\" data-comments-opened=\"1\" data-image-meta=\"{&quot;aperture&quot;:&quot;0&quot;,&quot;credit&quot;:&quot;&quot;,&quot;camera&quot;:&quot;&quot;,&quot;caption&quot;:&quot;&quot;,&quot;created_timestamp&quot;:&quot;0&quot;,&quot;copyright&quot;:&quot;&quot;,&quot;focal_length&quot;:&quot;0&quot;,&quot;iso&quot;:&quot;0&quot;,&quot;shutter_speed&quot;:&quot;0&quot;,&quot;title&quot;:&quot;&quot;,&quot;orientation&quot;:&quot;0&quot;}\" data-image-title=\"images\" data-image-description=\"\" data-image-caption=\"\" data-large-file=\"https:\/\/www.alqueria.es\/blogs\/alqueriaamarillanaranja\/wp-content\/uploads\/sites\/9\/2015\/04\/images.jpg\" class=\"alignright size-full wp-image-14571\" src=\"https:\/\/cloud.alqueria.es\/wp-content\/uploads\/sites\/9\/2015\/04\/images.jpg\" alt=\"images\" width=\"241\" height=\"210\" \/> t\u00edos, abuelas&#8230;&#8230;). Entre todos haremos que sea una semana fant\u00e1stica en la que nuestro objetivo fundamental ser\u00e1 el de promover la lectura y aprender a valorar y a disfrutar todo lo relacionado con la creaci\u00f3n literaria (diferentes tipos de cuentos, historias, teatro, canciones, cine&#8230;..). Todo ello estar\u00e1 enfocado como siempre desde el punto de vista l\u00fadico y creativo.<\/span><\/em><\/strong><\/p>\n<p><strong><em><span style=\"color: #008000\">Os aseguro que va a ser una semana muy especial para todos. El lunes os llegar\u00e1 la programaci\u00f3n completa.<\/span><\/em><\/strong><\/p>\n<p><img decoding=\"async\" src=\"https:\/\/encrypted-tbn3.gstatic.com\/images?q=tbn:ANd9GcS_xp_gWZ-wtWSixuSSg6lyaMaTDyv48Hu4dk_u7Jwc1OXy-d2iyQ\" alt=\"Resultado de imagen de DIBUJOS CUENTA CUENTOS\" \/><\/p>\n<p><strong><em><span style=\"color: #800080\">NOTA: os recuerdo que el mi\u00e9rcoles pueden venir de casa disfrazados de principes y\/o princesas para nuestro cuento musical \u00abLas mil y una noches\u00bb. Importante traer pa\u00f1uelos para hacer nuestra danza.<\/span><\/em><\/strong><\/p>\n<p style=\"text-align: right\"><strong><em><span style=\"color: #800080\">Loli G\u00e1lvez<\/span><\/em><\/strong><\/p>\n","protected":false},"excerpt":{"rendered":"<p>La semana pr\u00f3xima tendr\u00e1 lugar nuestra \u00abSemana de la Lectura\u00bb en la etapa infantil de Alquer\u00eda. Tenemos un programa lleno de actividades y talleres preparados con mucha ilusi\u00f3n y en el que participan diferentes familiares del alumnado como parte fundamental del mismo (padres y madres, t\u00edos, abuelas&#8230;&#8230;). Entre todos haremos que sea una semana fant\u00e1stica &hellip; <a href=\"https:\/\/www.alqueria.es\/blogs\/alqueriaamarillanaranja\/2015\/04\/17\/semana-de-la-lectura\/\" class=\"more-link\">Seguir leyendo <span class=\"screen-reader-text\">SEMANA DE LA LECTURA<\/span> <span class=\"meta-nav\">&rarr;<\/span><\/a><\/p>\n","protected":false},"author":23,"featured_media":0,"comment_status":"open","ping_status":"open","sticky":false,"template":"","format":"standard","meta":{"jetpack_post_was_ever_published":false,"_jetpack_newsletter_access":"","_jetpack_dont_email_post_to_subs":false,"_jetpack_newsletter_tier_id":0,"_jetpack_memberships_contains_paywalled_content":false,"_jetpack_memberships_contains_paid_content":false,"footnotes":"","jetpack_publicize_message":"","jetpack_publicize_feature_enabled":true,"jetpack_social_post_already_shared":true,"jetpack_social_options":{"image_generator_settings":{"template":"highway","default_image_id":0,"font":"","enabled":false},"version":2}},"categories":[7,8],"tags":[268],"class_list":["post-14568","post","type-post","status-publish","format-standard","hentry","category-clase-naranja","category-diario","tag-semana-lectura-infantil-2015"],"jetpack_publicize_connections":[],"jetpack_featured_media_url":"","jetpack_sharing_enabled":true,"jetpack_shortlink":"https:\/\/wp.me\/p4lG08-3MY","jetpack-related-posts":[],"_links":{"self":[{"href":"https:\/\/www.alqueria.es\/blogs\/alqueriaamarillanaranja\/wp-json\/wp\/v2\/posts\/14568","targetHints":{"allow":["GET"]}}],"collection":[{"href":"https:\/\/www.alqueria.es\/blogs\/alqueriaamarillanaranja\/wp-json\/wp\/v2\/posts"}],"about":[{"href":"https:\/\/www.alqueria.es\/blogs\/alqueriaamarillanaranja\/wp-json\/wp\/v2\/types\/post"}],"author":[{"embeddable":true,"href":"https:\/\/www.alqueria.es\/blogs\/alqueriaamarillanaranja\/wp-json\/wp\/v2\/users\/23"}],"replies":[{"embeddable":true,"href":"https:\/\/www.alqueria.es\/blogs\/alqueriaamarillanaranja\/wp-json\/wp\/v2\/comments?post=14568"}],"version-history":[{"count":0,"href":"https:\/\/www.alqueria.es\/blogs\/alqueriaamarillanaranja\/wp-json\/wp\/v2\/posts\/14568\/revisions"}],"wp:attachment":[{"href":"https:\/\/www.alqueria.es\/blogs\/alqueriaamarillanaranja\/wp-json\/wp\/v2\/media?parent=14568"}],"wp:term":[{"taxonomy":"category","embeddable":true,"href":"https:\/\/www.alqueria.es\/blogs\/alqueriaamarillanaranja\/wp-json\/wp\/v2\/categories?post=14568"},{"taxonomy":"post_tag","embeddable":true,"href":"https:\/\/www.alqueria.es\/blogs\/alqueriaamarillanaranja\/wp-json\/wp\/v2\/tags?post=14568"}],"curies":[{"name":"wp","href":"https:\/\/api.w.org\/{rel}","templated":true}]}}