{"id":1468,"date":"2012-10-15T15:17:58","date_gmt":"2012-10-15T13:17:58","guid":{"rendered":"http:\/\/alqueriaamarillanaranja.wordpress.com\/?p=1468"},"modified":"2012-10-15T15:17:58","modified_gmt":"2012-10-15T13:17:58","slug":"el-otono-la-canela-tiene-el-color-de-algunas-hojas","status":"publish","type":"post","link":"https:\/\/www.alqueria.es\/blogs\/alqueriaamarillanaranja\/2012\/10\/15\/el-otono-la-canela-tiene-el-color-de-algunas-hojas\/","title":{"rendered":"EL OTO\u00d1O: \u00bfLA CANELA TIENE EL COLOR DE ALGUNAS HOJAS?"},"content":{"rendered":"<p>Hola a todos\/as,<\/p>\n<p>seguimos esta semana trabajando el oto\u00f1o y para ello en nuestra actividad de hoy, decoramos la silueta de una hoja oto\u00f1al con canela\u00a0por su\u00a0color similar a las hojas de esta estaci\u00f3n. Primero hablamos de los colores del oto\u00f1o y seguidamente de uno en uno va decorando su hoja\u00a0agit\u00e1ndo el bote de canela y utilizando las manos y los dedos. Han quedado unas\u00a1\u00a1 hojas preciosas!!, que nos servir\u00e1n para decorar nuestra clase. En este taller no solo trabajamos la motricidad fina y\u00a0la expresi\u00f3n pl\u00e1stica, tambi\u00e9n los sentidos: el gusto, el tacto y la vista.<\/p>\n\n<p>En nuestra asamblea presentamos m\u00e1s frutos de oto\u00f1o aportados a la clase, en este caso Elio nos ense\u00f1a casta\u00f1as que cogi\u00f3 con sus pap\u00e1s. Reparte la manzana como super del d\u00eda <strong>CARLOS <\/strong>y lo hace muy bien con un poco de ayuda al principio.<\/p>\n<p>Disfrutamos de un buen d\u00eda en el patio y vamos a visitar como muchos d\u00edas a las gallinas y conejos.<\/p>\n<p>Carmen Jim\u00e9nez<\/p>\n","protected":false},"excerpt":{"rendered":"<p>Hola a todos\/as, seguimos esta semana trabajando el oto\u00f1o y para ello en nuestra actividad de hoy, decoramos la silueta de una hoja oto\u00f1al con canela\u00a0por su\u00a0color similar a las hojas de esta estaci\u00f3n. Primero hablamos de los colores del oto\u00f1o y seguidamente de uno en uno va decorando su hoja\u00a0agit\u00e1ndo el bote de canela &hellip; <a href=\"https:\/\/www.alqueria.es\/blogs\/alqueriaamarillanaranja\/2012\/10\/15\/el-otono-la-canela-tiene-el-color-de-algunas-hojas\/\" class=\"more-link\">Seguir leyendo <span class=\"screen-reader-text\">EL OTO\u00d1O: \u00bfLA CANELA TIENE EL COLOR DE ALGUNAS HOJAS?<\/span> <span class=\"meta-nav\">&rarr;<\/span><\/a><\/p>\n","protected":false},"author":23,"featured_media":0,"comment_status":"open","ping_status":"open","sticky":false,"template":"","format":"standard","meta":{"jetpack_post_was_ever_published":false,"_jetpack_newsletter_access":"","_jetpack_dont_email_post_to_subs":false,"_jetpack_newsletter_tier_id":0,"_jetpack_memberships_contains_paywalled_content":false,"_jetpack_memberships_contains_paid_content":false,"footnotes":"","jetpack_publicize_message":"","jetpack_publicize_feature_enabled":true,"jetpack_social_post_already_shared":true,"jetpack_social_options":{"image_generator_settings":{"template":"highway","default_image_id":0,"font":"","enabled":false},"version":2}},"categories":[6,9,18],"tags":[],"class_list":["post-1468","post","type-post","status-publish","format-standard","hentry","category-clase-amarilla","category-diario-clase-amarilla","category-talleres"],"jetpack_publicize_connections":[],"jetpack_featured_media_url":"","jetpack_sharing_enabled":true,"jetpack_shortlink":"https:\/\/wp.me\/p4lG08-nG","jetpack-related-posts":[],"_links":{"self":[{"href":"https:\/\/www.alqueria.es\/blogs\/alqueriaamarillanaranja\/wp-json\/wp\/v2\/posts\/1468","targetHints":{"allow":["GET"]}}],"collection":[{"href":"https:\/\/www.alqueria.es\/blogs\/alqueriaamarillanaranja\/wp-json\/wp\/v2\/posts"}],"about":[{"href":"https:\/\/www.alqueria.es\/blogs\/alqueriaamarillanaranja\/wp-json\/wp\/v2\/types\/post"}],"author":[{"embeddable":true,"href":"https:\/\/www.alqueria.es\/blogs\/alqueriaamarillanaranja\/wp-json\/wp\/v2\/users\/23"}],"replies":[{"embeddable":true,"href":"https:\/\/www.alqueria.es\/blogs\/alqueriaamarillanaranja\/wp-json\/wp\/v2\/comments?post=1468"}],"version-history":[{"count":0,"href":"https:\/\/www.alqueria.es\/blogs\/alqueriaamarillanaranja\/wp-json\/wp\/v2\/posts\/1468\/revisions"}],"wp:attachment":[{"href":"https:\/\/www.alqueria.es\/blogs\/alqueriaamarillanaranja\/wp-json\/wp\/v2\/media?parent=1468"}],"wp:term":[{"taxonomy":"category","embeddable":true,"href":"https:\/\/www.alqueria.es\/blogs\/alqueriaamarillanaranja\/wp-json\/wp\/v2\/categories?post=1468"},{"taxonomy":"post_tag","embeddable":true,"href":"https:\/\/www.alqueria.es\/blogs\/alqueriaamarillanaranja\/wp-json\/wp\/v2\/tags?post=1468"}],"curies":[{"name":"wp","href":"https:\/\/api.w.org\/{rel}","templated":true}]}}