{"id":14811,"date":"2015-04-28T17:00:08","date_gmt":"2015-04-28T15:00:08","guid":{"rendered":"https:\/\/www.alqueria.es\/blogs\/alqueriaamarillanaranja\/?p=14811"},"modified":"2015-04-28T15:23:04","modified_gmt":"2015-04-28T13:23:04","slug":"alfabetizacion-7","status":"publish","type":"post","link":"https:\/\/www.alqueria.es\/blogs\/alqueriaamarillanaranja\/2015\/04\/28\/alfabetizacion-7\/","title":{"rendered":"ALFABETIZACI\u00d3N"},"content":{"rendered":"<p style=\"text-align: justify\"><span style=\"color: #003300\"><em><img decoding=\"async\" data-attachment-id=\"14812\" data-permalink=\"https:\/\/www.alqueria.es\/blogs\/alqueriaamarillanaranja\/2015\/04\/28\/alfabetizacion-7\/img_20150428_103207\/\" data-orig-file=\"https:\/\/www.alqueria.es\/blogs\/alqueriaamarillanaranja\/wp-content\/uploads\/sites\/9\/2015\/04\/IMG_20150428_103207.jpg\" data-orig-size=\"640,480\" data-comments-opened=\"1\" data-image-meta=\"{&quot;aperture&quot;:&quot;0&quot;,&quot;credit&quot;:&quot;&quot;,&quot;camera&quot;:&quot;&quot;,&quot;caption&quot;:&quot;&quot;,&quot;created_timestamp&quot;:&quot;0&quot;,&quot;copyright&quot;:&quot;&quot;,&quot;focal_length&quot;:&quot;0&quot;,&quot;iso&quot;:&quot;0&quot;,&quot;shutter_speed&quot;:&quot;0&quot;,&quot;title&quot;:&quot;&quot;,&quot;orientation&quot;:&quot;0&quot;}\" data-image-title=\"IMG_20150428_103207\" data-image-description=\"\" data-image-caption=\"\" data-large-file=\"https:\/\/www.alqueria.es\/blogs\/alqueriaamarillanaranja\/wp-content\/uploads\/sites\/9\/2015\/04\/IMG_20150428_103207.jpg\" class=\"alignleft size-medium wp-image-14812\" src=\"https:\/\/cloud.alqueria.es\/wp-content\/uploads\/sites\/9\/2015\/04\/IMG_20150428_103207-300x225.jpg\" alt=\"IMG_20150428_103207\" width=\"300\" height=\"225\" srcset=\"https:\/\/www.alqueria.es\/blogs\/alqueriaamarillanaranja\/wp-content\/uploads\/sites\/9\/2015\/04\/IMG_20150428_103207-300x225.jpg 300w, https:\/\/www.alqueria.es\/blogs\/alqueriaamarillanaranja\/wp-content\/uploads\/sites\/9\/2015\/04\/IMG_20150428_103207.jpg 640w\" sizes=\"(max-width: 300px) 100vw, 300px\" \/>Seguimos trabajando con los amarillos la alfabetizaci\u00f3n a partir del nombre propio. Delante de ellos\/as les voy poniendo en may\u00fasculas a cada uno\/a su nombre. Vamos viendo cual es m\u00e1s largo y cual es m\u00e1s corto por la cantidad de letras que escribo.<\/em><\/span><\/p>\n<p style=\"text-align: justify\"><span style=\"color: #003300\"><em>Primero lo \u00abescriben\u00bb cada uno a su manera, aqu\u00ed vemos si diferencian el dibujo de la escritura y la gran mayor\u00eda ya lo diferencian y hay quien reproduce las letras, el grupo lleva una evoluci\u00f3n propia de la etapa de desarrollo en la que se encuentran para ir avanzando en cursos posteriores.<\/em><\/span><\/p>\n<p style=\"text-align: justify\"><em><span style=\"color: #003300\">Despu\u00e9s trabajamos tambi\u00e9n la motricidad fina utilizando el punz\u00f3n, tienen que puntear cada una de las letras siguiendo la linea, practicamos la atenci\u00f3n, precisi\u00f3n y presi\u00f3n.<\/span><\/em><\/p>\n<p style=\"text-align: justify\"><img decoding=\"async\" data-attachment-id=\"14813\" data-permalink=\"https:\/\/www.alqueria.es\/blogs\/alqueriaamarillanaranja\/2015\/04\/28\/alfabetizacion-7\/img_20150428_103240_1cs\/\" data-orig-file=\"https:\/\/www.alqueria.es\/blogs\/alqueriaamarillanaranja\/wp-content\/uploads\/sites\/9\/2015\/04\/IMG_20150428_103240_1CS.jpg\" data-orig-size=\"640,480\" data-comments-opened=\"1\" data-image-meta=\"{&quot;aperture&quot;:&quot;0&quot;,&quot;credit&quot;:&quot;&quot;,&quot;camera&quot;:&quot;&quot;,&quot;caption&quot;:&quot;&quot;,&quot;created_timestamp&quot;:&quot;0&quot;,&quot;copyright&quot;:&quot;&quot;,&quot;focal_length&quot;:&quot;0&quot;,&quot;iso&quot;:&quot;0&quot;,&quot;shutter_speed&quot;:&quot;0&quot;,&quot;title&quot;:&quot;&quot;,&quot;orientation&quot;:&quot;0&quot;}\" data-image-title=\"IMG_20150428_103240_1CS\" data-image-description=\"\" data-image-caption=\"\" data-large-file=\"https:\/\/www.alqueria.es\/blogs\/alqueriaamarillanaranja\/wp-content\/uploads\/sites\/9\/2015\/04\/IMG_20150428_103240_1CS.jpg\" class=\"aligncenter size-full wp-image-14813\" src=\"https:\/\/cloud.alqueria.es\/wp-content\/uploads\/sites\/9\/2015\/04\/IMG_20150428_103240_1CS.jpg\" alt=\"IMG_20150428_103240_1CS\" width=\"640\" height=\"480\" srcset=\"https:\/\/www.alqueria.es\/blogs\/alqueriaamarillanaranja\/wp-content\/uploads\/sites\/9\/2015\/04\/IMG_20150428_103240_1CS.jpg 640w, https:\/\/www.alqueria.es\/blogs\/alqueriaamarillanaranja\/wp-content\/uploads\/sites\/9\/2015\/04\/IMG_20150428_103240_1CS-300x225.jpg 300w\" sizes=\"(max-width: 640px) 100vw, 640px\" \/><\/p>\n<p style=\"text-align: justify\"><span style=\"color: #003300\"><em>En la Asamblea elegimos al s\u00faper de hoy que ha sido <strong>ALEJANDRO\u00a0<\/strong>y vemos c\u00f3mo han crecido nuestros gusanos de seda. Contamos el cuento por im\u00e1genes de \u00bb Casos y cosas de gusanos a \u00a0mariposas\u00bb y recitamos las poes\u00edas que ya nos sabemos: \u00abLa Primavera\u00bb y \u00abMi maceta\u00bb.<\/em><\/span><\/p>\n<p style=\"text-align: justify\"><em><span style=\"color: #003300\">Por la tarde jugamos con las construcciones, merendamos y nos despedimos hasta ma\u00f1ana.<\/span><\/em><\/p>\n<p style=\"text-align: justify\"><em><span style=\"color: #003300\">Carmen Jim\u00e9nez<\/span><\/em><\/p>\n","protected":false},"excerpt":{"rendered":"<p>Seguimos trabajando con los amarillos la alfabetizaci\u00f3n a partir del nombre propio. Delante de ellos\/as les voy poniendo en may\u00fasculas a cada uno\/a su nombre. Vamos viendo cual es m\u00e1s largo y cual es m\u00e1s corto por la cantidad de letras que escribo. Primero lo \u00abescriben\u00bb cada uno a su manera, aqu\u00ed vemos si diferencian &hellip; <a href=\"https:\/\/www.alqueria.es\/blogs\/alqueriaamarillanaranja\/2015\/04\/28\/alfabetizacion-7\/\" class=\"more-link\">Seguir leyendo <span class=\"screen-reader-text\">ALFABETIZACI\u00d3N<\/span> <span class=\"meta-nav\">&rarr;<\/span><\/a><\/p>\n","protected":false},"author":23,"featured_media":0,"comment_status":"open","ping_status":"open","sticky":false,"template":"","format":"standard","meta":{"jetpack_post_was_ever_published":false,"_jetpack_newsletter_access":"","_jetpack_dont_email_post_to_subs":false,"_jetpack_newsletter_tier_id":0,"_jetpack_memberships_contains_paywalled_content":false,"_jetpack_memberships_contains_paid_content":false,"footnotes":"","jetpack_publicize_message":"","jetpack_publicize_feature_enabled":true,"jetpack_social_post_already_shared":true,"jetpack_social_options":{"image_generator_settings":{"template":"highway","default_image_id":0,"font":"","enabled":false},"version":2}},"categories":[6,9,18],"tags":[285,265],"class_list":["post-14811","post","type-post","status-publish","format-standard","hentry","category-clase-amarilla","category-diario-clase-amarilla","category-talleres","tag-alfabetizacion","tag-motricidad-f"],"jetpack_publicize_connections":[],"jetpack_featured_media_url":"","jetpack_sharing_enabled":true,"jetpack_shortlink":"https:\/\/wp.me\/p4lG08-3QT","jetpack-related-posts":[],"_links":{"self":[{"href":"https:\/\/www.alqueria.es\/blogs\/alqueriaamarillanaranja\/wp-json\/wp\/v2\/posts\/14811","targetHints":{"allow":["GET"]}}],"collection":[{"href":"https:\/\/www.alqueria.es\/blogs\/alqueriaamarillanaranja\/wp-json\/wp\/v2\/posts"}],"about":[{"href":"https:\/\/www.alqueria.es\/blogs\/alqueriaamarillanaranja\/wp-json\/wp\/v2\/types\/post"}],"author":[{"embeddable":true,"href":"https:\/\/www.alqueria.es\/blogs\/alqueriaamarillanaranja\/wp-json\/wp\/v2\/users\/23"}],"replies":[{"embeddable":true,"href":"https:\/\/www.alqueria.es\/blogs\/alqueriaamarillanaranja\/wp-json\/wp\/v2\/comments?post=14811"}],"version-history":[{"count":0,"href":"https:\/\/www.alqueria.es\/blogs\/alqueriaamarillanaranja\/wp-json\/wp\/v2\/posts\/14811\/revisions"}],"wp:attachment":[{"href":"https:\/\/www.alqueria.es\/blogs\/alqueriaamarillanaranja\/wp-json\/wp\/v2\/media?parent=14811"}],"wp:term":[{"taxonomy":"category","embeddable":true,"href":"https:\/\/www.alqueria.es\/blogs\/alqueriaamarillanaranja\/wp-json\/wp\/v2\/categories?post=14811"},{"taxonomy":"post_tag","embeddable":true,"href":"https:\/\/www.alqueria.es\/blogs\/alqueriaamarillanaranja\/wp-json\/wp\/v2\/tags?post=14811"}],"curies":[{"name":"wp","href":"https:\/\/api.w.org\/{rel}","templated":true}]}}