{"id":15056,"date":"2015-05-14T16:20:02","date_gmt":"2015-05-14T14:20:02","guid":{"rendered":"https:\/\/www.alqueria.es\/blogs\/alqueriaamarillanaranja\/?p=15056"},"modified":"2015-05-14T16:19:29","modified_gmt":"2015-05-14T14:19:29","slug":"15056","status":"publish","type":"post","link":"https:\/\/www.alqueria.es\/blogs\/alqueriaamarillanaranja\/2015\/05\/14\/15056\/","title":{"rendered":"Organizando el tiempo&#8230;."},"content":{"rendered":"<p><strong><em><span style=\"color: #ff6600\">Esta ma\u00f1ana durante la asamblea inicial me han sorprendido <img decoding=\"async\" data-attachment-id=\"15063\" data-permalink=\"https:\/\/www.alqueria.es\/blogs\/alqueriaamarillanaranja\/2015\/05\/14\/15056\/descarga-29\/\" data-orig-file=\"https:\/\/www.alqueria.es\/blogs\/alqueriaamarillanaranja\/wp-content\/uploads\/sites\/9\/2015\/05\/descarga.jpg\" data-orig-size=\"200,200\" data-comments-opened=\"1\" data-image-meta=\"{&quot;aperture&quot;:&quot;0&quot;,&quot;credit&quot;:&quot;&quot;,&quot;camera&quot;:&quot;&quot;,&quot;caption&quot;:&quot;&quot;,&quot;created_timestamp&quot;:&quot;0&quot;,&quot;copyright&quot;:&quot;&quot;,&quot;focal_length&quot;:&quot;0&quot;,&quot;iso&quot;:&quot;0&quot;,&quot;shutter_speed&quot;:&quot;0&quot;,&quot;title&quot;:&quot;&quot;,&quot;orientation&quot;:&quot;0&quot;}\" data-image-title=\"descarga\" data-image-description=\"\" data-image-caption=\"\" data-large-file=\"https:\/\/www.alqueria.es\/blogs\/alqueriaamarillanaranja\/wp-content\/uploads\/sites\/9\/2015\/05\/descarga.jpg\" class=\"alignright size-full wp-image-15063\" src=\"https:\/\/cloud.alqueria.es\/wp-content\/uploads\/sites\/9\/2015\/05\/descarga.jpg\" alt=\"descarga\" width=\"200\" height=\"200\" srcset=\"https:\/\/www.alqueria.es\/blogs\/alqueriaamarillanaranja\/wp-content\/uploads\/sites\/9\/2015\/05\/descarga.jpg 200w, https:\/\/www.alqueria.es\/blogs\/alqueriaamarillanaranja\/wp-content\/uploads\/sites\/9\/2015\/05\/descarga-150x150.jpg 150w\" sizes=\"(max-width: 200px) 100vw, 200px\" \/>gratamente los ni\u00f1os y ni\u00f1as con la cantidad de contenidos que est\u00e1n asimilando respecto a la propuesta de \u00abLa granja\u00bb. Poco a poco son ellos los que van orientando la asamblea, y los que me piden que quieren continuar con esta propuesta. Lo que seguimos sin tener claro es el \u00abfactor tiempo\u00bb&#8230;&#8230;..pues todav\u00eda no tienen claro qu\u00e9 d\u00eda nos vamos. En la pizarra les he dibujado un calendario en el que he marcado los d\u00edas que faltan, de manera que cada d\u00eda que pase vayamos tachando uno y nos sirva como referencia en nuestra cuenta atr\u00e1s.<\/span><\/em><\/strong><\/p>\n<p><strong><em><span style=\"color: #ff6600\"><img decoding=\"async\" data-attachment-id=\"15065\" data-permalink=\"https:\/\/www.alqueria.es\/blogs\/alqueriaamarillanaranja\/2015\/05\/14\/15056\/images-1-13\/\" data-orig-file=\"https:\/\/www.alqueria.es\/blogs\/alqueriaamarillanaranja\/wp-content\/uploads\/sites\/9\/2015\/05\/images-12.jpg\" data-orig-size=\"269,188\" data-comments-opened=\"1\" data-image-meta=\"{&quot;aperture&quot;:&quot;0&quot;,&quot;credit&quot;:&quot;&quot;,&quot;camera&quot;:&quot;&quot;,&quot;caption&quot;:&quot;&quot;,&quot;created_timestamp&quot;:&quot;0&quot;,&quot;copyright&quot;:&quot;&quot;,&quot;focal_length&quot;:&quot;0&quot;,&quot;iso&quot;:&quot;0&quot;,&quot;shutter_speed&quot;:&quot;0&quot;,&quot;title&quot;:&quot;&quot;,&quot;orientation&quot;:&quot;0&quot;}\" data-image-title=\"images (1)\" data-image-description=\"\" data-image-caption=\"\" data-large-file=\"https:\/\/www.alqueria.es\/blogs\/alqueriaamarillanaranja\/wp-content\/uploads\/sites\/9\/2015\/05\/images-12.jpg\" class=\" size-full wp-image-15065 alignleft\" src=\"https:\/\/cloud.alqueria.es\/wp-content\/uploads\/sites\/9\/2015\/05\/images-12.jpg\" alt=\"images (1)\" width=\"269\" height=\"188\" \/>Los juegos que se dan en el aula durante la ma\u00f1ana est\u00e1n siendo cada vez m\u00e1s diversos y los ni\u00f1os y ni\u00f1as est\u00e1n participando de forma activa en cada uno de ellos. Creo que ya todos los componentes del grupo han tenido la oportunidad de jugar con todos los materiales que han ido aportando los compa\u00f1er@s de casa.\u00a0<\/span><\/em><\/strong><\/p>\n<p><strong><em><span style=\"color: #ff6600\">Por la tarde hemos realizado la representaci\u00f3n gr\u00e1fica del juego de la ma\u00f1ana, y para intentar plasmar los juguetes utilizados hemos usado los sellos de animales que ha tra\u00eddo Alejandro.<\/span><\/em><\/strong><\/p>\n<p><strong><em><span style=\"color: #ff6600\">Aqu\u00ed os dejo uno de los juegos a los que hemos jugado durante esta semana en la pizarra digital, as\u00ed podr\u00e9is practicar tambi\u00e9n en casa:<\/span><\/em><\/strong><\/p>\n<p><a href=\"http:\/\/http:\/\/www.aula365.com\/Tutoriales\/IUD3\/IUD3_pres_i01.htm\"><img decoding=\"async\" data-attachment-id=\"15057\" data-permalink=\"https:\/\/www.alqueria.es\/blogs\/alqueriaamarillanaranja\/2015\/05\/14\/15056\/la-granja-4\/\" data-orig-file=\"https:\/\/www.alqueria.es\/blogs\/alqueriaamarillanaranja\/wp-content\/uploads\/sites\/9\/2015\/05\/La-granja.png\" data-orig-size=\"636,476\" data-comments-opened=\"1\" data-image-meta=\"{&quot;aperture&quot;:&quot;0&quot;,&quot;credit&quot;:&quot;&quot;,&quot;camera&quot;:&quot;&quot;,&quot;caption&quot;:&quot;&quot;,&quot;created_timestamp&quot;:&quot;0&quot;,&quot;copyright&quot;:&quot;&quot;,&quot;focal_length&quot;:&quot;0&quot;,&quot;iso&quot;:&quot;0&quot;,&quot;shutter_speed&quot;:&quot;0&quot;,&quot;title&quot;:&quot;&quot;,&quot;orientation&quot;:&quot;0&quot;}\" data-image-title=\"La granja\" data-image-description=\"\" data-image-caption=\"\" data-large-file=\"https:\/\/www.alqueria.es\/blogs\/alqueriaamarillanaranja\/wp-content\/uploads\/sites\/9\/2015\/05\/La-granja.png\" class=\"aligncenter size-medium wp-image-15057\" src=\"https:\/\/cloud.alqueria.es\/wp-content\/uploads\/sites\/9\/2015\/05\/La-granja-300x225.png\" alt=\"La granja\" width=\"300\" height=\"225\" srcset=\"https:\/\/www.alqueria.es\/blogs\/alqueriaamarillanaranja\/wp-content\/uploads\/sites\/9\/2015\/05\/La-granja-300x225.png 300w, https:\/\/www.alqueria.es\/blogs\/alqueriaamarillanaranja\/wp-content\/uploads\/sites\/9\/2015\/05\/La-granja.png 636w\" sizes=\"(max-width: 300px) 100vw, 300px\" \/><\/a><\/p>\n<p><strong><em><span style=\"color: #ff6600\">Y ma\u00f1ana&#8230;&#8230;&#8230;..\u00a1M\u00c1S!<\/span><\/em><\/strong><\/p>\n<p style=\"text-align: right\"><strong><em><span style=\"color: #ff6600\">Loli G\u00e1lvez<\/span><\/em><\/strong><\/p>\n<p>&nbsp;<\/p>\n<p>&nbsp;<\/p>\n","protected":false},"excerpt":{"rendered":"<p>Esta ma\u00f1ana durante la asamblea inicial me han sorprendido gratamente los ni\u00f1os y ni\u00f1as con la cantidad de contenidos que est\u00e1n asimilando respecto a la propuesta de \u00abLa granja\u00bb. Poco a poco son ellos los que van orientando la asamblea, y los que me piden que quieren continuar con esta propuesta. Lo que seguimos sin &hellip; <a href=\"https:\/\/www.alqueria.es\/blogs\/alqueriaamarillanaranja\/2015\/05\/14\/15056\/\" class=\"more-link\">Seguir leyendo <span class=\"screen-reader-text\">Organizando el tiempo&#8230;.<\/span> <span class=\"meta-nav\">&rarr;<\/span><\/a><\/p>\n","protected":false},"author":23,"featured_media":0,"comment_status":"open","ping_status":"open","sticky":false,"template":"","format":"standard","meta":{"jetpack_post_was_ever_published":false,"_jetpack_newsletter_access":"","_jetpack_dont_email_post_to_subs":false,"_jetpack_newsletter_tier_id":0,"_jetpack_memberships_contains_paywalled_content":false,"_jetpack_memberships_contains_paid_content":false,"footnotes":"","jetpack_publicize_message":"","jetpack_publicize_feature_enabled":true,"jetpack_social_post_already_shared":true,"jetpack_social_options":{"image_generator_settings":{"template":"highway","default_image_id":0,"font":"","enabled":false},"version":2}},"categories":[7,8],"tags":[136,183],"class_list":["post-15056","post","type-post","status-publish","format-standard","hentry","category-clase-naranja","category-diario","tag-la-granja","tag-recursos-tics"],"jetpack_publicize_connections":[],"jetpack_featured_media_url":"","jetpack_sharing_enabled":true,"jetpack_shortlink":"https:\/\/wp.me\/s4lG08-15056","jetpack-related-posts":[],"_links":{"self":[{"href":"https:\/\/www.alqueria.es\/blogs\/alqueriaamarillanaranja\/wp-json\/wp\/v2\/posts\/15056","targetHints":{"allow":["GET"]}}],"collection":[{"href":"https:\/\/www.alqueria.es\/blogs\/alqueriaamarillanaranja\/wp-json\/wp\/v2\/posts"}],"about":[{"href":"https:\/\/www.alqueria.es\/blogs\/alqueriaamarillanaranja\/wp-json\/wp\/v2\/types\/post"}],"author":[{"embeddable":true,"href":"https:\/\/www.alqueria.es\/blogs\/alqueriaamarillanaranja\/wp-json\/wp\/v2\/users\/23"}],"replies":[{"embeddable":true,"href":"https:\/\/www.alqueria.es\/blogs\/alqueriaamarillanaranja\/wp-json\/wp\/v2\/comments?post=15056"}],"version-history":[{"count":0,"href":"https:\/\/www.alqueria.es\/blogs\/alqueriaamarillanaranja\/wp-json\/wp\/v2\/posts\/15056\/revisions"}],"wp:attachment":[{"href":"https:\/\/www.alqueria.es\/blogs\/alqueriaamarillanaranja\/wp-json\/wp\/v2\/media?parent=15056"}],"wp:term":[{"taxonomy":"category","embeddable":true,"href":"https:\/\/www.alqueria.es\/blogs\/alqueriaamarillanaranja\/wp-json\/wp\/v2\/categories?post=15056"},{"taxonomy":"post_tag","embeddable":true,"href":"https:\/\/www.alqueria.es\/blogs\/alqueriaamarillanaranja\/wp-json\/wp\/v2\/tags?post=15056"}],"curies":[{"name":"wp","href":"https:\/\/api.w.org\/{rel}","templated":true}]}}