{"id":156,"date":"2012-05-02T11:00:23","date_gmt":"2012-05-02T11:00:23","guid":{"rendered":"http:\/\/alqueriaamarillanaranja.wordpress.com\/?p=156"},"modified":"2014-02-24T12:36:55","modified_gmt":"2014-02-24T12:36:55","slug":"sembramos-calendulas","status":"publish","type":"post","link":"https:\/\/www.alqueria.es\/blogs\/alqueriaamarillanaranja\/2012\/05\/02\/sembramos-calendulas\/","title":{"rendered":"SEMBRAMOS CAL\u00c9NDULAS"},"content":{"rendered":"<p>En la asamblea inicial Marco ense\u00f1a a sus compa\u00f1eros un avi\u00f3n de papel que ha traido que casa y todos quedan entusiasmados as\u00ed que les propongo que una de las propuestas de la ma\u00f1ana sea un <strong>mini taller de aviones de papel<\/strong>. En dos de las mesas de la clase se disponen los materiales necesarios para fabricarlos y tambi\u00e9n para personalizarlos en cuanto a la decoraci\u00f3n. La mayor\u00eda del grupo ha querido participar en esta actividad. Adem\u00e1s les encanta saber que esta tarde podr\u00e1n llev\u00e1rselos a casa.<\/p>\n<p><a href=\"http:\/\/alqueriaamarillanaranja.files.wordpress.com\/2012\/05\/avion-de-papel1.jpg\"><img decoding=\"async\" data-attachment-id=\"182\" data-permalink=\"https:\/\/www.alqueria.es\/blogs\/alqueriaamarillanaranja\/avion-de-papel1\/\" data-orig-file=\"https:\/\/www.alqueria.es\/blogs\/alqueriaamarillanaranja\/wp-content\/uploads\/sites\/9\/2012\/05\/avion-de-papel1.jpg\" data-orig-size=\"485,284\" data-comments-opened=\"1\" data-image-meta=\"{&quot;aperture&quot;:&quot;0&quot;,&quot;credit&quot;:&quot;&quot;,&quot;camera&quot;:&quot;&quot;,&quot;caption&quot;:&quot;&quot;,&quot;created_timestamp&quot;:&quot;0&quot;,&quot;copyright&quot;:&quot;&quot;,&quot;focal_length&quot;:&quot;0&quot;,&quot;iso&quot;:&quot;0&quot;,&quot;shutter_speed&quot;:&quot;0&quot;,&quot;title&quot;:&quot;&quot;}\" data-image-title=\"avion-de-papel[1]\" data-image-description=\"\" data-image-caption=\"\" data-large-file=\"https:\/\/www.alqueria.es\/blogs\/alqueriaamarillanaranja\/wp-content\/uploads\/sites\/9\/2012\/05\/avion-de-papel1.jpg\" class=\"alignleft size-medium wp-image-182\" title=\"avion-de-papel[1]\" src=\"https:\/\/cloud.alqueria.es\/wp-content\/uploads\/sites\/9\/2012\/05\/avion-de-papel11.jpg\" alt=\"\" width=\"300\" height=\"175\" \/><\/a>\u00a0\u00a0\u00a0\u00a0 Otra de las propuestas de\u00a0juego ha sido la de<strong> los animales<\/strong>; hoy han querido maquillarse y han estado muy motivados con este juego. Cada uno se ha metido completamente en el papel\u00a0del animal que hab\u00eda escogido y la clase se ha convertido en un aut\u00e9ntico \u00abzool\u00f3gico\u00bb.<\/p>\n<p><strong>Nuestra \u00abSuper<\/strong>\u00bb hoy ha sido Clara que ha desempe\u00f1ado el cargo estupendamente.<\/p>\n<p>Tras la clase de ingl\u00e9s\u00a0dedicamos un rato\u00a0a la<strong> siembra de cal\u00e9ndulas<\/strong>; realizamos la actividad en el huerto, donde tenemos a mano todo lo que necesitamos para esta actividad. Cada ni\u00f1o\/a tiene su propio tiesto con su s\u00edmbolo y su nombre de forma que a la hora de cuidar las plantas le sea f\u00e1cil reconocer la suya.<\/p>\n<p>Realizamos el taller en equipos de trabajo y seguimos los siguientes pasos:<\/p>\n<p>&#8211; Ponemos algunos chinos en el fondo del tiesto para que la tierra no salga por los agujeros.<\/p>\n<p>&#8211; Llenamos de tierra hasta la mitad.<\/p>\n<p>&#8211; Ponemos las semillas en la tierra.<\/p>\n<p>&#8211; Las tapamos con m\u00e1s tierra hasta llenar el tiesto.<\/p>\n<p>&#8211; Apretamos un\u00a0 poquito la tierra con las manos.<\/p>\n<p>&#8211; Al final regamos las macetas para que las semillas tengan agua y puedan crecer.<\/p>\n<p>Esperemos que para el d\u00eda del medioambiente (5 de Junio) obtengamos algunos resultados. Todos han participado con entusiasmo.<\/p>\n<p><a href=\"http:\/\/alqueriaamarillanaranja.files.wordpress.com\/2012\/04\/calendula-officinalis1.jpg\"><img decoding=\"async\" data-attachment-id=\"157\" data-permalink=\"https:\/\/www.alqueria.es\/blogs\/alqueriaamarillanaranja\/calendula-officinalis1\/\" data-orig-file=\"https:\/\/www.alqueria.es\/blogs\/alqueriaamarillanaranja\/wp-content\/uploads\/sites\/9\/2012\/04\/calendula-officinalis1.jpg\" data-orig-size=\"343,270\" data-comments-opened=\"1\" data-image-meta=\"{&quot;aperture&quot;:&quot;0&quot;,&quot;credit&quot;:&quot;&quot;,&quot;camera&quot;:&quot;&quot;,&quot;caption&quot;:&quot;&quot;,&quot;created_timestamp&quot;:&quot;0&quot;,&quot;copyright&quot;:&quot;&quot;,&quot;focal_length&quot;:&quot;0&quot;,&quot;iso&quot;:&quot;0&quot;,&quot;shutter_speed&quot;:&quot;0&quot;,&quot;title&quot;:&quot;&quot;}\" data-image-title=\"calendula-officinalis[1]\" data-image-description=\"\" data-image-caption=\"\" data-large-file=\"https:\/\/www.alqueria.es\/blogs\/alqueriaamarillanaranja\/wp-content\/uploads\/sites\/9\/2012\/04\/calendula-officinalis1.jpg\" class=\"aligncenter size-medium wp-image-157\" title=\"calendula-officinalis[1]\" src=\"https:\/\/cloud.alqueria.es\/wp-content\/uploads\/sites\/9\/2012\/05\/calendula-officinalis1.jpg\" alt=\"\" width=\"300\" height=\"236\" \/><\/a><\/p>\n<p>Os recuerdo que ma\u00f1ana d\u00eda 3 de Mayo es el d\u00eda de la Cruz, en nuestro colegio no se celebra esta fiesta como tal, pero s\u00ed es un d\u00eda especial en el que todos los infantiles nos reunimos en el jard\u00edn para compartir bailes, habas y salaillas. Es una forma sencilla de acercarlos a esta tradici\u00f3n granadina . <strong>Quien quiera puede venir vestido de gitanilla o gitanillo<\/strong> (lo m\u00e1s c\u00f3modo posible&#8230;), con su ropa puesta debajo de forma que cuando vayamos a comer solamente tengamos que sacarnos el vestido. Gracias.<\/p>\n<p style=\"text-align:right\">Loli G\u00e1lvez<\/p>\n","protected":false},"excerpt":{"rendered":"<p>En la asamblea inicial Marco ense\u00f1a a sus compa\u00f1eros un avi\u00f3n de papel que ha traido que casa y todos quedan entusiasmados as\u00ed que les propongo que una de las propuestas de la ma\u00f1ana sea un mini taller de aviones de papel. En dos de las mesas de la clase se disponen los materiales necesarios &hellip; <a href=\"https:\/\/www.alqueria.es\/blogs\/alqueriaamarillanaranja\/2012\/05\/02\/sembramos-calendulas\/\" class=\"more-link\">Seguir leyendo <span class=\"screen-reader-text\">SEMBRAMOS CAL\u00c9NDULAS<\/span> <span class=\"meta-nav\">&rarr;<\/span><\/a><\/p>\n","protected":false},"author":20,"featured_media":0,"comment_status":"open","ping_status":"open","sticky":false,"template":"","format":"standard","meta":{"jetpack_post_was_ever_published":false,"_jetpack_newsletter_access":"","_jetpack_dont_email_post_to_subs":false,"_jetpack_newsletter_tier_id":0,"_jetpack_memberships_contains_paywalled_content":false,"_jetpack_memberships_contains_paid_content":false,"footnotes":"","jetpack_publicize_message":"","jetpack_publicize_feature_enabled":true,"jetpack_social_post_already_shared":true,"jetpack_social_options":{"image_generator_settings":{"template":"highway","default_image_id":0,"font":"","enabled":false},"version":2}},"categories":[6,8],"tags":[],"class_list":["post-156","post","type-post","status-publish","format-standard","hentry","category-clase-amarilla","category-diario"],"jetpack_publicize_connections":[],"jetpack_featured_media_url":"","jetpack_sharing_enabled":true,"jetpack_shortlink":"https:\/\/wp.me\/p4lG08-2w","jetpack-related-posts":[],"_links":{"self":[{"href":"https:\/\/www.alqueria.es\/blogs\/alqueriaamarillanaranja\/wp-json\/wp\/v2\/posts\/156","targetHints":{"allow":["GET"]}}],"collection":[{"href":"https:\/\/www.alqueria.es\/blogs\/alqueriaamarillanaranja\/wp-json\/wp\/v2\/posts"}],"about":[{"href":"https:\/\/www.alqueria.es\/blogs\/alqueriaamarillanaranja\/wp-json\/wp\/v2\/types\/post"}],"author":[{"embeddable":true,"href":"https:\/\/www.alqueria.es\/blogs\/alqueriaamarillanaranja\/wp-json\/wp\/v2\/users\/20"}],"replies":[{"embeddable":true,"href":"https:\/\/www.alqueria.es\/blogs\/alqueriaamarillanaranja\/wp-json\/wp\/v2\/comments?post=156"}],"version-history":[{"count":0,"href":"https:\/\/www.alqueria.es\/blogs\/alqueriaamarillanaranja\/wp-json\/wp\/v2\/posts\/156\/revisions"}],"wp:attachment":[{"href":"https:\/\/www.alqueria.es\/blogs\/alqueriaamarillanaranja\/wp-json\/wp\/v2\/media?parent=156"}],"wp:term":[{"taxonomy":"category","embeddable":true,"href":"https:\/\/www.alqueria.es\/blogs\/alqueriaamarillanaranja\/wp-json\/wp\/v2\/categories?post=156"},{"taxonomy":"post_tag","embeddable":true,"href":"https:\/\/www.alqueria.es\/blogs\/alqueriaamarillanaranja\/wp-json\/wp\/v2\/tags?post=156"}],"curies":[{"name":"wp","href":"https:\/\/api.w.org\/{rel}","templated":true}]}}