{"id":162,"date":"2012-05-03T07:54:04","date_gmt":"2012-05-03T07:54:04","guid":{"rendered":"http:\/\/alqueriaamarillanaranja.wordpress.com\/?p=162"},"modified":"2014-02-24T12:37:02","modified_gmt":"2014-02-24T12:37:02","slug":"dia-de-la-cruz","status":"publish","type":"post","link":"https:\/\/www.alqueria.es\/blogs\/alqueriaamarillanaranja\/2012\/05\/03\/dia-de-la-cruz\/","title":{"rendered":"D\u00cdA DE LA CRUZ"},"content":{"rendered":"<p>Hoy tenemos un d\u00eda cortito, ya que cerramos a las tres. Es un d\u00eda especial pues nos gusta darle un toque folcl\u00f3rico y transmitir a nuestros ni\u00f1os un poquito de esta tradici\u00f3n que hace tantos a\u00f1os se celebra en nuestra ciudad. Hemos comprado habas de la vega (las nuestras est\u00e1n todav\u00eda chiquititas&#8230;) \u00a0y salaillas (de nuestro panadero de Alfacar) y junto a las sevillanas para ambientar, pasamos la ma\u00f1ana entre risas y bailes.<\/p>\n<p><a href=\"https:\/\/cloud.alqueria.es\/wp-content\/uploads\/sites\/9\/2012\/05\/imagesca8unmrh.jpg\"><img decoding=\"async\" data-attachment-id=\"163\" data-permalink=\"https:\/\/www.alqueria.es\/blogs\/alqueriaamarillanaranja\/imagesca8unmrh\/\" data-orig-file=\"https:\/\/www.alqueria.es\/blogs\/alqueriaamarillanaranja\/wp-content\/uploads\/sites\/9\/2012\/04\/imagesca8unmrh.jpg\" data-orig-size=\"187,269\" data-comments-opened=\"1\" data-image-meta=\"{&quot;aperture&quot;:&quot;0&quot;,&quot;credit&quot;:&quot;&quot;,&quot;camera&quot;:&quot;&quot;,&quot;caption&quot;:&quot;&quot;,&quot;created_timestamp&quot;:&quot;0&quot;,&quot;copyright&quot;:&quot;&quot;,&quot;focal_length&quot;:&quot;0&quot;,&quot;iso&quot;:&quot;0&quot;,&quot;shutter_speed&quot;:&quot;0&quot;,&quot;title&quot;:&quot;&quot;}\" data-image-title=\"imagesCA8UNMRH\" data-image-description=\"\" data-image-caption=\"\" data-large-file=\"https:\/\/www.alqueria.es\/blogs\/alqueriaamarillanaranja\/wp-content\/uploads\/sites\/9\/2012\/04\/imagesca8unmrh.jpg\" class=\"aligncenter size-full wp-image-163\" title=\"imagesCA8UNMRH\" src=\"https:\/\/cloud.alqueria.es\/wp-content\/uploads\/sites\/9\/2012\/05\/imagesca8unmrh.jpg\" alt=\"\" width=\"187\" height=\"269\" \/><\/a><\/p>\n<p>Desde primera hora de la ma\u00f1ana la clase se llena de \u00abgitanillos y gitanillas\u00bb con ganas de bailar y de pasarlo bien. Las chicas r\u00e1pidamente se motivan con la m\u00fasica y no paran de bailar, y sobretodo de dar vueltas para que se muevan los volantes del vestido. Los ni\u00f1os en cambio prefieren jugar a los jinetes y los caballos, aunque la mayor\u00eda se deja pintar un bigotillo que les da un toque muy gracioso.<\/p>\n<p>Las habas animan la fiesta, aunque en realidad a casi ninguno les gustan; sin embargo las salaillas les encantan y no paran de repetir, \u00a1qu\u00e9 ricas!<\/p>\n<p><a href=\"http:\/\/alqueriaamarillanaranja.files.wordpress.com\/2012\/05\/dsc09679.jpg\"><img decoding=\"async\" data-attachment-id=\"205\" data-permalink=\"https:\/\/www.alqueria.es\/blogs\/alqueriaamarillanaranja\/dsc09679\/\" data-orig-file=\"https:\/\/www.alqueria.es\/blogs\/alqueriaamarillanaranja\/wp-content\/uploads\/sites\/9\/2012\/05\/dsc09679.jpg\" data-orig-size=\"640,480\" data-comments-opened=\"1\" data-image-meta=\"{&quot;aperture&quot;:&quot;0&quot;,&quot;credit&quot;:&quot;&quot;,&quot;camera&quot;:&quot;&quot;,&quot;caption&quot;:&quot;&quot;,&quot;created_timestamp&quot;:&quot;0&quot;,&quot;copyright&quot;:&quot;&quot;,&quot;focal_length&quot;:&quot;0&quot;,&quot;iso&quot;:&quot;0&quot;,&quot;shutter_speed&quot;:&quot;0&quot;,&quot;title&quot;:&quot;&quot;}\" data-image-title=\"DSC09679\" data-image-description=\"\" data-image-caption=\"\" data-large-file=\"https:\/\/www.alqueria.es\/blogs\/alqueriaamarillanaranja\/wp-content\/uploads\/sites\/9\/2012\/05\/dsc09679.jpg\" class=\"alignleft size-medium wp-image-205\" title=\"DSC09679\" src=\"https:\/\/cloud.alqueria.es\/wp-content\/uploads\/sites\/9\/2012\/05\/dsc096791.jpg\" alt=\"\" width=\"300\" height=\"225\" \/><\/a><\/p>\n<p><img decoding=\"async\" data-attachment-id=\"206\" data-permalink=\"https:\/\/www.alqueria.es\/blogs\/alqueriaamarillanaranja\/dsc09690\/\" data-orig-file=\"https:\/\/www.alqueria.es\/blogs\/alqueriaamarillanaranja\/wp-content\/uploads\/sites\/9\/2012\/05\/dsc09690.jpg\" data-orig-size=\"640,480\" data-comments-opened=\"1\" data-image-meta=\"{&quot;aperture&quot;:&quot;0&quot;,&quot;credit&quot;:&quot;&quot;,&quot;camera&quot;:&quot;&quot;,&quot;caption&quot;:&quot;&quot;,&quot;created_timestamp&quot;:&quot;0&quot;,&quot;copyright&quot;:&quot;&quot;,&quot;focal_length&quot;:&quot;0&quot;,&quot;iso&quot;:&quot;0&quot;,&quot;shutter_speed&quot;:&quot;0&quot;,&quot;title&quot;:&quot;&quot;}\" data-image-title=\"DSC09690\" data-image-description=\"\" data-image-caption=\"\" data-large-file=\"https:\/\/www.alqueria.es\/blogs\/alqueriaamarillanaranja\/wp-content\/uploads\/sites\/9\/2012\/05\/dsc09690.jpg\" class=\"alignright size-medium wp-image-206\" title=\"DSC09690\" src=\"https:\/\/cloud.alqueria.es\/wp-content\/uploads\/sites\/9\/2012\/05\/dsc096901.jpg\" alt=\"\" width=\"300\" height=\"225\" \/><\/p>\n<p>\u00a1Hemos celebrado un gran d\u00eda de fiesta! todos han participado y lo han pasado fenomenal.<\/p>\n<p>Os recuerdo que hoy cerramos a las 15&#8217;00h.. Hasta ma\u00f1ana.<\/p>\n<p><img decoding=\"async\" data-attachment-id=\"207\" data-permalink=\"https:\/\/www.alqueria.es\/blogs\/alqueriaamarillanaranja\/dsc09682\/\" data-orig-file=\"https:\/\/www.alqueria.es\/blogs\/alqueriaamarillanaranja\/wp-content\/uploads\/sites\/9\/2012\/05\/dsc09682.jpg\" data-orig-size=\"640,480\" data-comments-opened=\"1\" data-image-meta=\"{&quot;aperture&quot;:&quot;0&quot;,&quot;credit&quot;:&quot;&quot;,&quot;camera&quot;:&quot;&quot;,&quot;caption&quot;:&quot;&quot;,&quot;created_timestamp&quot;:&quot;0&quot;,&quot;copyright&quot;:&quot;&quot;,&quot;focal_length&quot;:&quot;0&quot;,&quot;iso&quot;:&quot;0&quot;,&quot;shutter_speed&quot;:&quot;0&quot;,&quot;title&quot;:&quot;&quot;}\" data-image-title=\"DSC09682\" data-image-description=\"\" data-image-caption=\"\" data-large-file=\"https:\/\/www.alqueria.es\/blogs\/alqueriaamarillanaranja\/wp-content\/uploads\/sites\/9\/2012\/05\/dsc09682.jpg\" class=\"aligncenter size-medium wp-image-207\" title=\"DSC09682\" src=\"https:\/\/cloud.alqueria.es\/wp-content\/uploads\/sites\/9\/2012\/05\/dsc096821.jpg\" alt=\"\" width=\"300\" height=\"225\" \/><\/p>\n<p style=\"text-align:right\">Loli\u00a0G\u00e1lvez<\/p>\n","protected":false},"excerpt":{"rendered":"<p>Hoy tenemos un d\u00eda cortito, ya que cerramos a las tres. Es un d\u00eda especial pues nos gusta darle un toque folcl\u00f3rico y transmitir a nuestros ni\u00f1os un poquito de esta tradici\u00f3n que hace tantos a\u00f1os se celebra en nuestra ciudad. Hemos comprado habas de la vega (las nuestras est\u00e1n todav\u00eda chiquititas&#8230;) \u00a0y salaillas (de &hellip; <a href=\"https:\/\/www.alqueria.es\/blogs\/alqueriaamarillanaranja\/2012\/05\/03\/dia-de-la-cruz\/\" class=\"more-link\">Seguir leyendo <span class=\"screen-reader-text\">D\u00cdA DE LA CRUZ<\/span> <span class=\"meta-nav\">&rarr;<\/span><\/a><\/p>\n","protected":false},"author":20,"featured_media":0,"comment_status":"open","ping_status":"open","sticky":false,"template":"","format":"standard","meta":{"jetpack_post_was_ever_published":false,"_jetpack_newsletter_access":"","_jetpack_dont_email_post_to_subs":false,"_jetpack_newsletter_tier_id":0,"_jetpack_memberships_contains_paywalled_content":false,"_jetpack_memberships_contains_paid_content":false,"footnotes":"","jetpack_publicize_message":"","jetpack_publicize_feature_enabled":true,"jetpack_social_post_already_shared":true,"jetpack_social_options":{"image_generator_settings":{"template":"highway","default_image_id":0,"font":"","enabled":false},"version":2}},"categories":[6,8],"tags":[],"class_list":["post-162","post","type-post","status-publish","format-standard","hentry","category-clase-amarilla","category-diario"],"jetpack_publicize_connections":[],"jetpack_featured_media_url":"","jetpack_sharing_enabled":true,"jetpack_shortlink":"https:\/\/wp.me\/p4lG08-2C","jetpack-related-posts":[],"_links":{"self":[{"href":"https:\/\/www.alqueria.es\/blogs\/alqueriaamarillanaranja\/wp-json\/wp\/v2\/posts\/162","targetHints":{"allow":["GET"]}}],"collection":[{"href":"https:\/\/www.alqueria.es\/blogs\/alqueriaamarillanaranja\/wp-json\/wp\/v2\/posts"}],"about":[{"href":"https:\/\/www.alqueria.es\/blogs\/alqueriaamarillanaranja\/wp-json\/wp\/v2\/types\/post"}],"author":[{"embeddable":true,"href":"https:\/\/www.alqueria.es\/blogs\/alqueriaamarillanaranja\/wp-json\/wp\/v2\/users\/20"}],"replies":[{"embeddable":true,"href":"https:\/\/www.alqueria.es\/blogs\/alqueriaamarillanaranja\/wp-json\/wp\/v2\/comments?post=162"}],"version-history":[{"count":0,"href":"https:\/\/www.alqueria.es\/blogs\/alqueriaamarillanaranja\/wp-json\/wp\/v2\/posts\/162\/revisions"}],"wp:attachment":[{"href":"https:\/\/www.alqueria.es\/blogs\/alqueriaamarillanaranja\/wp-json\/wp\/v2\/media?parent=162"}],"wp:term":[{"taxonomy":"category","embeddable":true,"href":"https:\/\/www.alqueria.es\/blogs\/alqueriaamarillanaranja\/wp-json\/wp\/v2\/categories?post=162"},{"taxonomy":"post_tag","embeddable":true,"href":"https:\/\/www.alqueria.es\/blogs\/alqueriaamarillanaranja\/wp-json\/wp\/v2\/tags?post=162"}],"curies":[{"name":"wp","href":"https:\/\/api.w.org\/{rel}","templated":true}]}}