{"id":16986,"date":"2015-11-17T17:28:06","date_gmt":"2015-11-17T16:28:06","guid":{"rendered":"https:\/\/www.alqueria.es\/blogs\/alqueriaamarillanaranja\/?p=16986"},"modified":"2015-11-17T17:28:06","modified_gmt":"2015-11-17T16:28:06","slug":"proyecto-de-lectura-23","status":"publish","type":"post","link":"https:\/\/www.alqueria.es\/blogs\/alqueriaamarillanaranja\/2015\/11\/17\/proyecto-de-lectura-23\/","title":{"rendered":"PROYECTO DE LECTURA"},"content":{"rendered":"<h4 style=\"text-align: justify\"><span style=\"color: #ff6600\"><em>Adem\u00e1s de hacer el intercambio de cuentos como cada<img decoding=\"async\" data-attachment-id=\"17007\" data-permalink=\"https:\/\/www.alqueria.es\/blogs\/alqueriaamarillanaranja\/2015\/11\/17\/proyecto-de-lectura-23\/img_4120\/\" data-orig-file=\"https:\/\/www.alqueria.es\/blogs\/alqueriaamarillanaranja\/wp-content\/uploads\/sites\/9\/2015\/11\/IMG_4120.jpg\" data-orig-size=\"1024,768\" data-comments-opened=\"1\" data-image-meta=\"{&quot;aperture&quot;:&quot;0&quot;,&quot;credit&quot;:&quot;&quot;,&quot;camera&quot;:&quot;&quot;,&quot;caption&quot;:&quot;&quot;,&quot;created_timestamp&quot;:&quot;0&quot;,&quot;copyright&quot;:&quot;&quot;,&quot;focal_length&quot;:&quot;0&quot;,&quot;iso&quot;:&quot;0&quot;,&quot;shutter_speed&quot;:&quot;0&quot;,&quot;title&quot;:&quot;&quot;,&quot;orientation&quot;:&quot;0&quot;}\" data-image-title=\"IMG_4120\" data-image-description=\"\" data-image-caption=\"\" data-large-file=\"https:\/\/www.alqueria.es\/blogs\/alqueriaamarillanaranja\/wp-content\/uploads\/sites\/9\/2015\/11\/IMG_4120-1024x768.jpg\" class=\"alignright size-medium wp-image-17007\" src=\"https:\/\/cloud.alqueria.es\/wp-content\/uploads\/sites\/9\/2015\/11\/IMG_4120-300x225.jpg\" alt=\"IMG_4120\" width=\"300\" height=\"225\" srcset=\"https:\/\/www.alqueria.es\/blogs\/alqueriaamarillanaranja\/wp-content\/uploads\/sites\/9\/2015\/11\/IMG_4120-300x225.jpg 300w, https:\/\/www.alqueria.es\/blogs\/alqueriaamarillanaranja\/wp-content\/uploads\/sites\/9\/2015\/11\/IMG_4120.jpg 1024w\" sizes=\"(max-width: 300px) 100vw, 300px\" \/> Martes, tambi\u00e9n trabajamos la alfabetizaci\u00f3n a trav\u00e9s del Nombre Propio y las emociones con un cuento titulado \u00bfQU\u00c9 ES EL AMOR?<\/em><\/span><\/h4>\n<h4 style=\"text-align: justify\"><span style=\"color: #003366\"><em>En la Asamblea primero hablamos de qui\u00e9n sabe<span style=\"color: #800080\"> qu\u00e9 es el amor<\/span> y ellos\/as van respondiendo: \u00abun coraz\u00f3n\u00bb, \u00abquerer\u00bb, \u00abno pegar\u00bb&#8230; <\/em><\/span><\/h4>\n<ul>\n<li style=\"text-align: justify\">\n<h4><span style=\"color: #003366\"><em><span style=\"color: #800080\">\u00bfDe qu\u00e9 color es?<\/span>\u00a0muchos responden \u00abrojo\u00bb\u00a0<\/em><\/span><\/h4>\n<\/li>\n<li style=\"text-align: justify\">\n<h4><span style=\"color: #003366\"><em><span style=\"color: #800080\"> \u00bfQu\u00e9 forma tiene?\u00a0<span style=\"color: #003366\">\u00ab<\/span><span style=\"color: #003366\">de coraz\u00f3n\u00bb<\/span><\/span><\/em><\/span><\/h4>\n<\/li>\n<li style=\"text-align: justify\">\n<h5><span style=\"color: #800080\">\u00bfEs dulce o salado?\u00a0<span style=\"color: #003366\">\u00abdulce\u00bb y \u00absalado\u00bb<\/span><\/span><\/h5>\n<\/li>\n<\/ul>\n<h4 style=\"text-align: justify\"><span style=\"color: #008000\"><em>Despu\u00e9s del cuento podemos concluir que podemos querer de muy diferentes maneras, formas, colores, sabores y ellos\/as tienen claro que a los que m\u00e1s quieren son a sus pap\u00e1s, mam\u00e1s, hermanos y mascotas.<\/em><\/span><\/h4>\n<h5 style=\"text-align: justify\"><span style=\"color: #ff6600\"><em>Despu\u00e9s del rato de juego libre nos sentamos por equipos donde tenemos preparados los nombres de cada uno\/a en su mesa. Primero los buscan, los identifican y se sientan en el lugar correspondiente. Seguidamente les saco las letras y tienen que ir buscando cada letra e intentar formar su nombre. Les ha gustado mucho y algunos\/as lo han conseguido sin problemas. El objetivo de la actividad es que vayan identificando cada letra aunque todav\u00eda no lleguen a colocarlas de manera correcta.<\/em><\/span><\/h5>\n<p class=\"jetpack-slideshow-noscript robots-nocontent\">El pase de diapositivas requiere JavaScript.<\/p><div id=\"gallery-16986-1-slideshow\" class=\"jetpack-slideshow-window jetpack-slideshow jetpack-slideshow-black\" data-trans=\"fade\" data-autostart=\"1\" data-gallery=\"[{&quot;src&quot;:&quot;https:\\\/\\\/www.alqueria.es\\\/blogs\\\/alqueriaamarillanaranja\\\/wp-content\\\/uploads\\\/sites\\\/9\\\/2015\\\/11\\\/IMG_4108.jpg&quot;,&quot;id&quot;:&quot;17000&quot;,&quot;title&quot;:&quot;IMG_4108&quot;,&quot;alt&quot;:&quot;&quot;,&quot;caption&quot;:&quot;&quot;,&quot;itemprop&quot;:&quot;image&quot;},{&quot;src&quot;:&quot;https:\\\/\\\/www.alqueria.es\\\/blogs\\\/alqueriaamarillanaranja\\\/wp-content\\\/uploads\\\/sites\\\/9\\\/2015\\\/11\\\/IMG_4109.jpg&quot;,&quot;id&quot;:&quot;17001&quot;,&quot;title&quot;:&quot;IMG_4109&quot;,&quot;alt&quot;:&quot;&quot;,&quot;caption&quot;:&quot;&quot;,&quot;itemprop&quot;:&quot;image&quot;},{&quot;src&quot;:&quot;https:\\\/\\\/www.alqueria.es\\\/blogs\\\/alqueriaamarillanaranja\\\/wp-content\\\/uploads\\\/sites\\\/9\\\/2015\\\/11\\\/IMG_4112.jpg&quot;,&quot;id&quot;:&quot;17002&quot;,&quot;title&quot;:&quot;IMG_4112&quot;,&quot;alt&quot;:&quot;&quot;,&quot;caption&quot;:&quot;&quot;,&quot;itemprop&quot;:&quot;image&quot;},{&quot;src&quot;:&quot;https:\\\/\\\/www.alqueria.es\\\/blogs\\\/alqueriaamarillanaranja\\\/wp-content\\\/uploads\\\/sites\\\/9\\\/2015\\\/11\\\/IMG_4115.jpg&quot;,&quot;id&quot;:&quot;17003&quot;,&quot;title&quot;:&quot;IMG_4115&quot;,&quot;alt&quot;:&quot;&quot;,&quot;caption&quot;:&quot;&quot;,&quot;itemprop&quot;:&quot;image&quot;},{&quot;src&quot;:&quot;https:\\\/\\\/www.alqueria.es\\\/blogs\\\/alqueriaamarillanaranja\\\/wp-content\\\/uploads\\\/sites\\\/9\\\/2015\\\/11\\\/IMG_4116.jpg&quot;,&quot;id&quot;:&quot;17004&quot;,&quot;title&quot;:&quot;IMG_4116&quot;,&quot;alt&quot;:&quot;&quot;,&quot;caption&quot;:&quot;&quot;,&quot;itemprop&quot;:&quot;image&quot;},{&quot;src&quot;:&quot;https:\\\/\\\/www.alqueria.es\\\/blogs\\\/alqueriaamarillanaranja\\\/wp-content\\\/uploads\\\/sites\\\/9\\\/2015\\\/11\\\/IMG_4118.jpg&quot;,&quot;id&quot;:&quot;17005&quot;,&quot;title&quot;:&quot;IMG_4118&quot;,&quot;alt&quot;:&quot;&quot;,&quot;caption&quot;:&quot;&quot;,&quot;itemprop&quot;:&quot;image&quot;},{&quot;src&quot;:&quot;https:\\\/\\\/www.alqueria.es\\\/blogs\\\/alqueriaamarillanaranja\\\/wp-content\\\/uploads\\\/sites\\\/9\\\/2015\\\/11\\\/IMG_4119.jpg&quot;,&quot;id&quot;:&quot;17006&quot;,&quot;title&quot;:&quot;IMG_4119&quot;,&quot;alt&quot;:&quot;&quot;,&quot;caption&quot;:&quot;&quot;,&quot;itemprop&quot;:&quot;image&quot;}]\" itemscope itemtype=\"https:\/\/schema.org\/ImageGallery\"><\/div>\n<h4><em>Ma\u00f1ana m\u00e1s<\/em><\/h4>\n<h4><em>Carmen Jim\u00e9nez<\/em><\/h4>\n<h5 style=\"text-align: justify\"><\/h5>\n","protected":false},"excerpt":{"rendered":"<p>Adem\u00e1s de hacer el intercambio de cuentos como cada Martes, tambi\u00e9n trabajamos la alfabetizaci\u00f3n a trav\u00e9s del Nombre Propio y las emociones con un cuento titulado \u00bfQU\u00c9 ES EL AMOR? En la Asamblea primero hablamos de qui\u00e9n sabe qu\u00e9 es el amor y ellos\/as van respondiendo: \u00abun coraz\u00f3n\u00bb, \u00abquerer\u00bb, \u00abno pegar\u00bb&#8230; \u00bfDe qu\u00e9 color es?\u00a0muchos &hellip; <a href=\"https:\/\/www.alqueria.es\/blogs\/alqueriaamarillanaranja\/2015\/11\/17\/proyecto-de-lectura-23\/\" class=\"more-link\">Seguir leyendo <span class=\"screen-reader-text\">PROYECTO DE LECTURA<\/span> <span class=\"meta-nav\">&rarr;<\/span><\/a><\/p>\n","protected":false},"author":23,"featured_media":0,"comment_status":"open","ping_status":"open","sticky":false,"template":"","format":"standard","meta":{"jetpack_post_was_ever_published":false,"_jetpack_newsletter_access":"","_jetpack_dont_email_post_to_subs":false,"_jetpack_newsletter_tier_id":0,"_jetpack_memberships_contains_paywalled_content":false,"_jetpack_memberships_contains_paid_content":false,"footnotes":"","jetpack_publicize_message":"","jetpack_publicize_feature_enabled":true,"jetpack_social_post_already_shared":true,"jetpack_social_options":{"image_generator_settings":{"template":"highway","default_image_id":0,"font":"","enabled":false},"version":2}},"categories":[7,8],"tags":[285,103],"class_list":["post-16986","post","type-post","status-publish","format-standard","hentry","category-clase-naranja","category-diario","tag-alfabetizacion","tag-proyecto-de-lectura"],"jetpack_publicize_connections":[],"jetpack_featured_media_url":"","jetpack_sharing_enabled":true,"jetpack_shortlink":"https:\/\/wp.me\/p4lG08-4pY","jetpack-related-posts":[],"_links":{"self":[{"href":"https:\/\/www.alqueria.es\/blogs\/alqueriaamarillanaranja\/wp-json\/wp\/v2\/posts\/16986","targetHints":{"allow":["GET"]}}],"collection":[{"href":"https:\/\/www.alqueria.es\/blogs\/alqueriaamarillanaranja\/wp-json\/wp\/v2\/posts"}],"about":[{"href":"https:\/\/www.alqueria.es\/blogs\/alqueriaamarillanaranja\/wp-json\/wp\/v2\/types\/post"}],"author":[{"embeddable":true,"href":"https:\/\/www.alqueria.es\/blogs\/alqueriaamarillanaranja\/wp-json\/wp\/v2\/users\/23"}],"replies":[{"embeddable":true,"href":"https:\/\/www.alqueria.es\/blogs\/alqueriaamarillanaranja\/wp-json\/wp\/v2\/comments?post=16986"}],"version-history":[{"count":0,"href":"https:\/\/www.alqueria.es\/blogs\/alqueriaamarillanaranja\/wp-json\/wp\/v2\/posts\/16986\/revisions"}],"wp:attachment":[{"href":"https:\/\/www.alqueria.es\/blogs\/alqueriaamarillanaranja\/wp-json\/wp\/v2\/media?parent=16986"}],"wp:term":[{"taxonomy":"category","embeddable":true,"href":"https:\/\/www.alqueria.es\/blogs\/alqueriaamarillanaranja\/wp-json\/wp\/v2\/categories?post=16986"},{"taxonomy":"post_tag","embeddable":true,"href":"https:\/\/www.alqueria.es\/blogs\/alqueriaamarillanaranja\/wp-json\/wp\/v2\/tags?post=16986"}],"curies":[{"name":"wp","href":"https:\/\/api.w.org\/{rel}","templated":true}]}}