{"id":17172,"date":"2015-11-25T16:55:28","date_gmt":"2015-11-25T15:55:28","guid":{"rendered":"https:\/\/www.alqueria.es\/blogs\/alqueriaamarillanaranja\/?p=17172"},"modified":"2015-11-25T19:31:19","modified_gmt":"2015-11-25T18:31:19","slug":"sembramos-habas-3","status":"publish","type":"post","link":"https:\/\/www.alqueria.es\/blogs\/alqueriaamarillanaranja\/2015\/11\/25\/sembramos-habas-3\/","title":{"rendered":"\u00a1\u00a1\u00a1\u00a1SEMBRAMOS HABAS!!!"},"content":{"rendered":"<p>Hoy sembramos en nuestro peque\u00f1o huerto. Para ellos es como un <img decoding=\"async\" data-attachment-id=\"17191\" data-permalink=\"https:\/\/www.alqueria.es\/blogs\/alqueriaamarillanaranja\/2015\/11\/25\/sembramos-habas-3\/images-68\/\" data-orig-file=\"https:\/\/www.alqueria.es\/blogs\/alqueriaamarillanaranja\/wp-content\/uploads\/sites\/9\/2015\/11\/images-68.jpg\" data-orig-size=\"307,164\" data-comments-opened=\"1\" data-image-meta=\"{&quot;aperture&quot;:&quot;0&quot;,&quot;credit&quot;:&quot;&quot;,&quot;camera&quot;:&quot;&quot;,&quot;caption&quot;:&quot;&quot;,&quot;created_timestamp&quot;:&quot;0&quot;,&quot;copyright&quot;:&quot;&quot;,&quot;focal_length&quot;:&quot;0&quot;,&quot;iso&quot;:&quot;0&quot;,&quot;shutter_speed&quot;:&quot;0&quot;,&quot;title&quot;:&quot;&quot;,&quot;orientation&quot;:&quot;0&quot;}\" data-image-title=\"images (68)\" data-image-description=\"\" data-image-caption=\"\" data-large-file=\"https:\/\/www.alqueria.es\/blogs\/alqueriaamarillanaranja\/wp-content\/uploads\/sites\/9\/2015\/11\/images-68.jpg\" class=\"alignright size-medium wp-image-17191\" src=\"https:\/\/cloud.alqueria.es\/wp-content\/uploads\/sites\/9\/2015\/11\/images-68-300x160.jpg\" alt=\"images (68)\" width=\"300\" height=\"160\" srcset=\"https:\/\/www.alqueria.es\/blogs\/alqueriaamarillanaranja\/wp-content\/uploads\/sites\/9\/2015\/11\/images-68-300x160.jpg 300w, https:\/\/www.alqueria.es\/blogs\/alqueriaamarillanaranja\/wp-content\/uploads\/sites\/9\/2015\/11\/images-68.jpg 307w\" sizes=\"(max-width: 300px) 100vw, 300px\" \/>d\u00eda de fiesta. Contentos y muy ilusionados nos preparamos para sembrar. Primero observamos y \u00a0manipulamos las semillas de las habas, previamente se dan las explicaci\u00f3n pertinente, sobre lo que va a ocurrir. A continuaci\u00f3n mostramos la herramienta de trabajo que solo los mayores pueden coger el amocafre. Se les dice para qu\u00e9 sirve \u00abpara hacer un hoyo en la tierra\u00bb. Seguidamente, de tres en tres van sembrando.<\/p>\n<p class=\"jetpack-slideshow-noscript robots-nocontent\">El pase de diapositivas requiere JavaScript.<\/p><div id=\"gallery-17172-1-slideshow\" class=\"jetpack-slideshow-window jetpack-slideshow jetpack-slideshow-black\" data-trans=\"fade\" data-autostart=\"1\" data-gallery=\"[{&quot;src&quot;:&quot;https:\\\/\\\/www.alqueria.es\\\/blogs\\\/alqueriaamarillanaranja\\\/wp-content\\\/uploads\\\/sites\\\/9\\\/2015\\\/11\\\/20151125_111155-300x169.jpg&quot;,&quot;id&quot;:&quot;17173&quot;,&quot;title&quot;:&quot;20151125_111155&quot;,&quot;alt&quot;:&quot;&quot;,&quot;caption&quot;:&quot;&quot;,&quot;itemprop&quot;:&quot;image&quot;},{&quot;src&quot;:&quot;https:\\\/\\\/www.alqueria.es\\\/blogs\\\/alqueriaamarillanaranja\\\/wp-content\\\/uploads\\\/sites\\\/9\\\/2015\\\/11\\\/20151125_111205-300x169.jpg&quot;,&quot;id&quot;:&quot;17174&quot;,&quot;title&quot;:&quot;20151125_111205&quot;,&quot;alt&quot;:&quot;&quot;,&quot;caption&quot;:&quot;&quot;,&quot;itemprop&quot;:&quot;image&quot;},{&quot;src&quot;:&quot;https:\\\/\\\/www.alqueria.es\\\/blogs\\\/alqueriaamarillanaranja\\\/wp-content\\\/uploads\\\/sites\\\/9\\\/2015\\\/11\\\/20151125_111330-300x169.jpg&quot;,&quot;id&quot;:&quot;17176&quot;,&quot;title&quot;:&quot;20151125_111330&quot;,&quot;alt&quot;:&quot;&quot;,&quot;caption&quot;:&quot;&quot;,&quot;itemprop&quot;:&quot;image&quot;},{&quot;src&quot;:&quot;https:\\\/\\\/www.alqueria.es\\\/blogs\\\/alqueriaamarillanaranja\\\/wp-content\\\/uploads\\\/sites\\\/9\\\/2015\\\/11\\\/20151125_111437-300x169.jpg&quot;,&quot;id&quot;:&quot;17177&quot;,&quot;title&quot;:&quot;20151125_111437&quot;,&quot;alt&quot;:&quot;&quot;,&quot;caption&quot;:&quot;&quot;,&quot;itemprop&quot;:&quot;image&quot;},{&quot;src&quot;:&quot;https:\\\/\\\/www.alqueria.es\\\/blogs\\\/alqueriaamarillanaranja\\\/wp-content\\\/uploads\\\/sites\\\/9\\\/2015\\\/11\\\/20151125_111512-300x169.jpg&quot;,&quot;id&quot;:&quot;17178&quot;,&quot;title&quot;:&quot;20151125_111512&quot;,&quot;alt&quot;:&quot;&quot;,&quot;caption&quot;:&quot;&quot;,&quot;itemprop&quot;:&quot;image&quot;},{&quot;src&quot;:&quot;https:\\\/\\\/www.alqueria.es\\\/blogs\\\/alqueriaamarillanaranja\\\/wp-content\\\/uploads\\\/sites\\\/9\\\/2015\\\/11\\\/20151125_111514-300x169.jpg&quot;,&quot;id&quot;:&quot;17179&quot;,&quot;title&quot;:&quot;20151125_111514&quot;,&quot;alt&quot;:&quot;&quot;,&quot;caption&quot;:&quot;&quot;,&quot;itemprop&quot;:&quot;image&quot;},{&quot;src&quot;:&quot;https:\\\/\\\/www.alqueria.es\\\/blogs\\\/alqueriaamarillanaranja\\\/wp-content\\\/uploads\\\/sites\\\/9\\\/2015\\\/11\\\/20151125_111837-300x169.jpg&quot;,&quot;id&quot;:&quot;17180&quot;,&quot;title&quot;:&quot;20151125_111837&quot;,&quot;alt&quot;:&quot;&quot;,&quot;caption&quot;:&quot;&quot;,&quot;itemprop&quot;:&quot;image&quot;},{&quot;src&quot;:&quot;https:\\\/\\\/www.alqueria.es\\\/blogs\\\/alqueriaamarillanaranja\\\/wp-content\\\/uploads\\\/sites\\\/9\\\/2015\\\/11\\\/20151125_112045-300x169.jpg&quot;,&quot;id&quot;:&quot;17182&quot;,&quot;title&quot;:&quot;20151125_112045&quot;,&quot;alt&quot;:&quot;&quot;,&quot;caption&quot;:&quot;&quot;,&quot;itemprop&quot;:&quot;image&quot;},{&quot;src&quot;:&quot;https:\\\/\\\/www.alqueria.es\\\/blogs\\\/alqueriaamarillanaranja\\\/wp-content\\\/uploads\\\/sites\\\/9\\\/2015\\\/11\\\/20151125_112212-300x169.jpg&quot;,&quot;id&quot;:&quot;17183&quot;,&quot;title&quot;:&quot;20151125_112212&quot;,&quot;alt&quot;:&quot;&quot;,&quot;caption&quot;:&quot;&quot;,&quot;itemprop&quot;:&quot;image&quot;},{&quot;src&quot;:&quot;https:\\\/\\\/www.alqueria.es\\\/blogs\\\/alqueriaamarillanaranja\\\/wp-content\\\/uploads\\\/sites\\\/9\\\/2015\\\/11\\\/20151125_112346-300x169.jpg&quot;,&quot;id&quot;:&quot;17185&quot;,&quot;title&quot;:&quot;20151125_112346&quot;,&quot;alt&quot;:&quot;&quot;,&quot;caption&quot;:&quot;&quot;,&quot;itemprop&quot;:&quot;image&quot;}]\" itemscope itemtype=\"https:\/\/schema.org\/ImageGallery\"><\/div>\n<p>Recordamos los pasos:<\/p>\n<ol>\n<li>Hacemos en la tierra un profundo hoyo con \u00a0el amocafre .<\/li>\n<li>Ponemos la semilla dentro del hoyo.<\/li>\n<li>Tapamos con tierra, la semilla, \u00abse abriga\u00bb, para ello utilizamos nuestras manos.<\/li>\n<li>Regamos . Con la manguera echamos agua a las semillas.<\/li>\n<\/ol>\n<p><img decoding=\"async\" data-attachment-id=\"17213\" data-permalink=\"https:\/\/www.alqueria.es\/blogs\/alqueriaamarillanaranja\/2015\/11\/25\/sembramos-habas-3\/20151125_111215-2\/\" data-orig-file=\"https:\/\/www.alqueria.es\/blogs\/alqueriaamarillanaranja\/wp-content\/uploads\/sites\/9\/2015\/11\/20151125_1112151.jpg\" data-orig-size=\"1024,576\" data-comments-opened=\"1\" data-image-meta=\"{&quot;aperture&quot;:&quot;0&quot;,&quot;credit&quot;:&quot;&quot;,&quot;camera&quot;:&quot;&quot;,&quot;caption&quot;:&quot;&quot;,&quot;created_timestamp&quot;:&quot;0&quot;,&quot;copyright&quot;:&quot;&quot;,&quot;focal_length&quot;:&quot;0&quot;,&quot;iso&quot;:&quot;0&quot;,&quot;shutter_speed&quot;:&quot;0&quot;,&quot;title&quot;:&quot;&quot;,&quot;orientation&quot;:&quot;0&quot;}\" data-image-title=\"20151125_111215\" data-image-description=\"\" data-image-caption=\"\" data-large-file=\"https:\/\/www.alqueria.es\/blogs\/alqueriaamarillanaranja\/wp-content\/uploads\/sites\/9\/2015\/11\/20151125_1112151-1024x576.jpg\" class=\"alignnone wp-image-17213\" src=\"https:\/\/cloud.alqueria.es\/wp-content\/uploads\/sites\/9\/2015\/11\/20151125_1112151-300x169.jpg\" alt=\"20151125_111215\" width=\"206\" height=\"117\" srcset=\"https:\/\/www.alqueria.es\/blogs\/alqueriaamarillanaranja\/wp-content\/uploads\/sites\/9\/2015\/11\/20151125_1112151-300x169.jpg 300w, https:\/\/www.alqueria.es\/blogs\/alqueriaamarillanaranja\/wp-content\/uploads\/sites\/9\/2015\/11\/20151125_1112151.jpg 1024w\" sizes=\"(max-width: 206px) 100vw, 206px\" \/> <img decoding=\"async\" data-attachment-id=\"17214\" data-permalink=\"https:\/\/www.alqueria.es\/blogs\/alqueriaamarillanaranja\/2015\/11\/25\/sembramos-habas-3\/20151125_112405\/\" data-orig-file=\"https:\/\/www.alqueria.es\/blogs\/alqueriaamarillanaranja\/wp-content\/uploads\/sites\/9\/2015\/11\/20151125_112405.jpg\" data-orig-size=\"1024,576\" data-comments-opened=\"1\" data-image-meta=\"{&quot;aperture&quot;:&quot;0&quot;,&quot;credit&quot;:&quot;&quot;,&quot;camera&quot;:&quot;&quot;,&quot;caption&quot;:&quot;&quot;,&quot;created_timestamp&quot;:&quot;0&quot;,&quot;copyright&quot;:&quot;&quot;,&quot;focal_length&quot;:&quot;0&quot;,&quot;iso&quot;:&quot;0&quot;,&quot;shutter_speed&quot;:&quot;0&quot;,&quot;title&quot;:&quot;&quot;,&quot;orientation&quot;:&quot;0&quot;}\" data-image-title=\"20151125_112405\" data-image-description=\"\" data-image-caption=\"\" data-large-file=\"https:\/\/www.alqueria.es\/blogs\/alqueriaamarillanaranja\/wp-content\/uploads\/sites\/9\/2015\/11\/20151125_112405-1024x576.jpg\" class=\"alignleft wp-image-17214\" src=\"https:\/\/cloud.alqueria.es\/wp-content\/uploads\/sites\/9\/2015\/11\/20151125_112405-300x169.jpg\" alt=\"20151125_112405\" width=\"209\" height=\"118\" srcset=\"https:\/\/www.alqueria.es\/blogs\/alqueriaamarillanaranja\/wp-content\/uploads\/sites\/9\/2015\/11\/20151125_112405-300x169.jpg 300w, https:\/\/www.alqueria.es\/blogs\/alqueriaamarillanaranja\/wp-content\/uploads\/sites\/9\/2015\/11\/20151125_112405.jpg 1024w\" sizes=\"(max-width: 209px) 100vw, 209px\" \/><\/p>\n<p><img decoding=\"async\" data-attachment-id=\"17190\" data-permalink=\"https:\/\/www.alqueria.es\/blogs\/alqueriaamarillanaranja\/2015\/11\/25\/sembramos-habas-3\/images-2-15\/\" data-orig-file=\"https:\/\/www.alqueria.es\/blogs\/alqueriaamarillanaranja\/wp-content\/uploads\/sites\/9\/2015\/11\/images-2.png\" data-orig-size=\"261,193\" data-comments-opened=\"1\" data-image-meta=\"{&quot;aperture&quot;:&quot;0&quot;,&quot;credit&quot;:&quot;&quot;,&quot;camera&quot;:&quot;&quot;,&quot;caption&quot;:&quot;&quot;,&quot;created_timestamp&quot;:&quot;0&quot;,&quot;copyright&quot;:&quot;&quot;,&quot;focal_length&quot;:&quot;0&quot;,&quot;iso&quot;:&quot;0&quot;,&quot;shutter_speed&quot;:&quot;0&quot;,&quot;title&quot;:&quot;&quot;,&quot;orientation&quot;:&quot;0&quot;}\" data-image-title=\"images (2)\" data-image-description=\"\" data-image-caption=\"\" data-large-file=\"https:\/\/www.alqueria.es\/blogs\/alqueriaamarillanaranja\/wp-content\/uploads\/sites\/9\/2015\/11\/images-2.png\" class=\"alignleft size-full wp-image-17190\" src=\"https:\/\/cloud.alqueria.es\/wp-content\/uploads\/sites\/9\/2015\/11\/images-2.png\" alt=\"images (2)\" width=\"261\" height=\"193\" \/>Contamos que nos quedan DOS d\u00edas para la primera salida del curso. \u00a1\u00a1\u00a1qu\u00e9 fant\u00e1stico!!!!<\/p>\n<p>Loli G\u00e1lvez y Encarna Cam\u00fas.<\/p>\n<p>&nbsp;<\/p>\n","protected":false},"excerpt":{"rendered":"<p>Hoy sembramos en nuestro peque\u00f1o huerto. Para ellos es como un d\u00eda de fiesta. Contentos y muy ilusionados nos preparamos para sembrar. Primero observamos y \u00a0manipulamos las semillas de las habas, previamente se dan las explicaci\u00f3n pertinente, sobre lo que va a ocurrir. A continuaci\u00f3n mostramos la herramienta de trabajo que solo los mayores pueden &hellip; <a href=\"https:\/\/www.alqueria.es\/blogs\/alqueriaamarillanaranja\/2015\/11\/25\/sembramos-habas-3\/\" class=\"more-link\">Seguir leyendo <span class=\"screen-reader-text\">\u00a1\u00a1\u00a1\u00a1SEMBRAMOS HABAS!!!<\/span> <span class=\"meta-nav\">&rarr;<\/span><\/a><\/p>\n","protected":false},"author":23,"featured_media":0,"comment_status":"open","ping_status":"open","sticky":false,"template":"","format":"standard","meta":{"jetpack_post_was_ever_published":false,"_jetpack_newsletter_access":"","_jetpack_dont_email_post_to_subs":false,"_jetpack_newsletter_tier_id":0,"_jetpack_memberships_contains_paywalled_content":false,"_jetpack_memberships_contains_paid_content":false,"footnotes":"","jetpack_publicize_message":"","jetpack_publicize_feature_enabled":true,"jetpack_social_post_already_shared":true,"jetpack_social_options":{"image_generator_settings":{"template":"highway","default_image_id":0,"font":"","enabled":false},"version":2}},"categories":[6],"tags":[119],"class_list":["post-17172","post","type-post","status-publish","format-standard","hentry","category-clase-amarilla","tag-taller-medioambiental"],"jetpack_publicize_connections":[],"jetpack_featured_media_url":"","jetpack_sharing_enabled":true,"jetpack_shortlink":"https:\/\/wp.me\/p4lG08-4sY","jetpack-related-posts":[],"_links":{"self":[{"href":"https:\/\/www.alqueria.es\/blogs\/alqueriaamarillanaranja\/wp-json\/wp\/v2\/posts\/17172","targetHints":{"allow":["GET"]}}],"collection":[{"href":"https:\/\/www.alqueria.es\/blogs\/alqueriaamarillanaranja\/wp-json\/wp\/v2\/posts"}],"about":[{"href":"https:\/\/www.alqueria.es\/blogs\/alqueriaamarillanaranja\/wp-json\/wp\/v2\/types\/post"}],"author":[{"embeddable":true,"href":"https:\/\/www.alqueria.es\/blogs\/alqueriaamarillanaranja\/wp-json\/wp\/v2\/users\/23"}],"replies":[{"embeddable":true,"href":"https:\/\/www.alqueria.es\/blogs\/alqueriaamarillanaranja\/wp-json\/wp\/v2\/comments?post=17172"}],"version-history":[{"count":0,"href":"https:\/\/www.alqueria.es\/blogs\/alqueriaamarillanaranja\/wp-json\/wp\/v2\/posts\/17172\/revisions"}],"wp:attachment":[{"href":"https:\/\/www.alqueria.es\/blogs\/alqueriaamarillanaranja\/wp-json\/wp\/v2\/media?parent=17172"}],"wp:term":[{"taxonomy":"category","embeddable":true,"href":"https:\/\/www.alqueria.es\/blogs\/alqueriaamarillanaranja\/wp-json\/wp\/v2\/categories?post=17172"},{"taxonomy":"post_tag","embeddable":true,"href":"https:\/\/www.alqueria.es\/blogs\/alqueriaamarillanaranja\/wp-json\/wp\/v2\/tags?post=17172"}],"curies":[{"name":"wp","href":"https:\/\/api.w.org\/{rel}","templated":true}]}}