{"id":18092,"date":"2016-01-21T16:55:25","date_gmt":"2016-01-21T15:55:25","guid":{"rendered":"https:\/\/www.alqueria.es\/blogs\/alqueriaamarillanaranja\/?p=18092"},"modified":"2016-01-21T16:17:09","modified_gmt":"2016-01-21T15:17:09","slug":"la-siembra-de-calendulas","status":"publish","type":"post","link":"https:\/\/www.alqueria.es\/blogs\/alqueriaamarillanaranja\/2016\/01\/21\/la-siembra-de-calendulas\/","title":{"rendered":"LA SIEMBRA DE CAL\u00c9NDULAS."},"content":{"rendered":"<p><em>\u00a1Fant\u00e1stico! C\u00f3mo han disfrutado realizando la siembra. Antes de iniciar la actividad nos ponemos en contacto con la semilla de las <img decoding=\"async\" data-attachment-id=\"18100\" data-permalink=\"https:\/\/www.alqueria.es\/blogs\/alqueriaamarillanaranja\/2016\/01\/21\/la-siembra-de-calendulas\/calendula1-2\/\" data-orig-file=\"https:\/\/www.alqueria.es\/blogs\/alqueriaamarillanaranja\/wp-content\/uploads\/sites\/9\/2016\/01\/calendula1-1.jpg\" data-orig-size=\"800,800\" data-comments-opened=\"1\" data-image-meta=\"{&quot;aperture&quot;:&quot;0&quot;,&quot;credit&quot;:&quot;&quot;,&quot;camera&quot;:&quot;&quot;,&quot;caption&quot;:&quot;&quot;,&quot;created_timestamp&quot;:&quot;0&quot;,&quot;copyright&quot;:&quot;&quot;,&quot;focal_length&quot;:&quot;0&quot;,&quot;iso&quot;:&quot;0&quot;,&quot;shutter_speed&quot;:&quot;0&quot;,&quot;title&quot;:&quot;&quot;,&quot;orientation&quot;:&quot;0&quot;}\" data-image-title=\"calendula1\" data-image-description=\"\" data-image-caption=\"\" data-large-file=\"https:\/\/www.alqueria.es\/blogs\/alqueriaamarillanaranja\/wp-content\/uploads\/sites\/9\/2016\/01\/calendula1-1.jpg\" class=\"size-thumbnail wp-image-18100 alignright\" src=\"https:\/\/cloud.alqueria.es\/wp-content\/uploads\/sites\/9\/2016\/01\/calendula1-1-150x150.jpg\" alt=\"calendula1\" width=\"150\" height=\"150\" srcset=\"https:\/\/www.alqueria.es\/blogs\/alqueriaamarillanaranja\/wp-content\/uploads\/sites\/9\/2016\/01\/calendula1-1-150x150.jpg 150w, https:\/\/www.alqueria.es\/blogs\/alqueriaamarillanaranja\/wp-content\/uploads\/sites\/9\/2016\/01\/calendula1-1-300x300.jpg 300w, https:\/\/www.alqueria.es\/blogs\/alqueriaamarillanaranja\/wp-content\/uploads\/sites\/9\/2016\/01\/calendula1-1-768x768.jpg 768w, https:\/\/www.alqueria.es\/blogs\/alqueriaamarillanaranja\/wp-content\/uploads\/sites\/9\/2016\/01\/calendula1-1.jpg 800w\" sizes=\"(max-width: 150px) 100vw, 150px\" \/>cal\u00e9ndula.<\/em> <em>\u00a1Qu\u00e9 peque\u00f1as! dicen con sorpresa. A continuaci\u00f3n, despu\u00e9s de observarlas y manipularlas, nos ponemos en acci\u00f3n. Cada un@, con su vaso pone una primera capa de tierra (\u00abhacemos la cama\u00bb) , seguidamente \u00a0la semilla de cal\u00e9ndula (con sumo cuidado) y volvemos a echar tierra para cubrirla (\u00able ponemos una mantita\u00bb) para \u00a0dar \u00a0\u00ababrigo\u00bb y alimento.<\/em><img decoding=\"async\" data-attachment-id=\"18093\" data-permalink=\"https:\/\/www.alqueria.es\/blogs\/alqueriaamarillanaranja\/2016\/01\/21\/la-siembra-de-calendulas\/dsc02974\/\" data-orig-file=\"https:\/\/www.alqueria.es\/blogs\/alqueriaamarillanaranja\/wp-content\/uploads\/sites\/9\/2016\/01\/DSC02974.jpg\" data-orig-size=\"1024,576\" data-comments-opened=\"1\" data-image-meta=\"{&quot;aperture&quot;:&quot;0&quot;,&quot;credit&quot;:&quot;&quot;,&quot;camera&quot;:&quot;&quot;,&quot;caption&quot;:&quot;&quot;,&quot;created_timestamp&quot;:&quot;0&quot;,&quot;copyright&quot;:&quot;&quot;,&quot;focal_length&quot;:&quot;0&quot;,&quot;iso&quot;:&quot;0&quot;,&quot;shutter_speed&quot;:&quot;0&quot;,&quot;title&quot;:&quot;&quot;,&quot;orientation&quot;:&quot;0&quot;}\" data-image-title=\"DSC02974\" data-image-description=\"\" data-image-caption=\"\" data-large-file=\"https:\/\/www.alqueria.es\/blogs\/alqueriaamarillanaranja\/wp-content\/uploads\/sites\/9\/2016\/01\/DSC02974-1024x576.jpg\" class=\"alignnone size-thumbnail wp-image-18093\" src=\"https:\/\/cloud.alqueria.es\/wp-content\/uploads\/sites\/9\/2016\/01\/DSC02974-150x150.jpg\" alt=\"DSC02974\" width=\"150\" height=\"150\" \/><img decoding=\"async\" data-attachment-id=\"18094\" data-permalink=\"https:\/\/www.alqueria.es\/blogs\/alqueriaamarillanaranja\/2016\/01\/21\/la-siembra-de-calendulas\/dsc02975\/\" data-orig-file=\"https:\/\/www.alqueria.es\/blogs\/alqueriaamarillanaranja\/wp-content\/uploads\/sites\/9\/2016\/01\/DSC02975.jpg\" data-orig-size=\"1024,576\" data-comments-opened=\"1\" data-image-meta=\"{&quot;aperture&quot;:&quot;0&quot;,&quot;credit&quot;:&quot;&quot;,&quot;camera&quot;:&quot;&quot;,&quot;caption&quot;:&quot;&quot;,&quot;created_timestamp&quot;:&quot;0&quot;,&quot;copyright&quot;:&quot;&quot;,&quot;focal_length&quot;:&quot;0&quot;,&quot;iso&quot;:&quot;0&quot;,&quot;shutter_speed&quot;:&quot;0&quot;,&quot;title&quot;:&quot;&quot;,&quot;orientation&quot;:&quot;0&quot;}\" data-image-title=\"DSC02975\" data-image-description=\"\" data-image-caption=\"\" data-large-file=\"https:\/\/www.alqueria.es\/blogs\/alqueriaamarillanaranja\/wp-content\/uploads\/sites\/9\/2016\/01\/DSC02975-1024x576.jpg\" class=\"alignnone size-thumbnail wp-image-18094\" src=\"https:\/\/cloud.alqueria.es\/wp-content\/uploads\/sites\/9\/2016\/01\/DSC02975-150x150.jpg\" alt=\"DSC02975\" width=\"150\" height=\"150\" \/><img decoding=\"async\" data-attachment-id=\"18095\" data-permalink=\"https:\/\/www.alqueria.es\/blogs\/alqueriaamarillanaranja\/2016\/01\/21\/la-siembra-de-calendulas\/dsc02977\/\" data-orig-file=\"https:\/\/www.alqueria.es\/blogs\/alqueriaamarillanaranja\/wp-content\/uploads\/sites\/9\/2016\/01\/DSC02977.jpg\" data-orig-size=\"1024,576\" data-comments-opened=\"1\" data-image-meta=\"{&quot;aperture&quot;:&quot;0&quot;,&quot;credit&quot;:&quot;&quot;,&quot;camera&quot;:&quot;&quot;,&quot;caption&quot;:&quot;&quot;,&quot;created_timestamp&quot;:&quot;0&quot;,&quot;copyright&quot;:&quot;&quot;,&quot;focal_length&quot;:&quot;0&quot;,&quot;iso&quot;:&quot;0&quot;,&quot;shutter_speed&quot;:&quot;0&quot;,&quot;title&quot;:&quot;&quot;,&quot;orientation&quot;:&quot;0&quot;}\" data-image-title=\"DSC02977\" data-image-description=\"\" data-image-caption=\"\" data-large-file=\"https:\/\/www.alqueria.es\/blogs\/alqueriaamarillanaranja\/wp-content\/uploads\/sites\/9\/2016\/01\/DSC02977-1024x576.jpg\" class=\"alignnone size-thumbnail wp-image-18095\" src=\"https:\/\/cloud.alqueria.es\/wp-content\/uploads\/sites\/9\/2016\/01\/DSC02977-150x150.jpg\" alt=\"DSC02977\" width=\"150\" height=\"150\" \/><img decoding=\"async\" data-attachment-id=\"18097\" data-permalink=\"https:\/\/www.alqueria.es\/blogs\/alqueriaamarillanaranja\/2016\/01\/21\/la-siembra-de-calendulas\/dsc02983\/\" data-orig-file=\"https:\/\/www.alqueria.es\/blogs\/alqueriaamarillanaranja\/wp-content\/uploads\/sites\/9\/2016\/01\/DSC02983.jpg\" data-orig-size=\"1024,576\" data-comments-opened=\"1\" data-image-meta=\"{&quot;aperture&quot;:&quot;0&quot;,&quot;credit&quot;:&quot;&quot;,&quot;camera&quot;:&quot;&quot;,&quot;caption&quot;:&quot;&quot;,&quot;created_timestamp&quot;:&quot;0&quot;,&quot;copyright&quot;:&quot;&quot;,&quot;focal_length&quot;:&quot;0&quot;,&quot;iso&quot;:&quot;0&quot;,&quot;shutter_speed&quot;:&quot;0&quot;,&quot;title&quot;:&quot;&quot;,&quot;orientation&quot;:&quot;0&quot;}\" data-image-title=\"DSC02983\" data-image-description=\"\" data-image-caption=\"\" data-large-file=\"https:\/\/www.alqueria.es\/blogs\/alqueriaamarillanaranja\/wp-content\/uploads\/sites\/9\/2016\/01\/DSC02983-1024x576.jpg\" class=\"alignnone size-thumbnail wp-image-18097\" src=\"https:\/\/cloud.alqueria.es\/wp-content\/uploads\/sites\/9\/2016\/01\/DSC02983-150x150.jpg\" alt=\"DSC02983\" width=\"150\" height=\"150\" \/><img decoding=\"async\" data-attachment-id=\"18096\" data-permalink=\"https:\/\/www.alqueria.es\/blogs\/alqueriaamarillanaranja\/2016\/01\/21\/la-siembra-de-calendulas\/dsc02981\/\" data-orig-file=\"https:\/\/www.alqueria.es\/blogs\/alqueriaamarillanaranja\/wp-content\/uploads\/sites\/9\/2016\/01\/DSC02981.jpg\" data-orig-size=\"1024,576\" data-comments-opened=\"1\" data-image-meta=\"{&quot;aperture&quot;:&quot;0&quot;,&quot;credit&quot;:&quot;&quot;,&quot;camera&quot;:&quot;&quot;,&quot;caption&quot;:&quot;&quot;,&quot;created_timestamp&quot;:&quot;0&quot;,&quot;copyright&quot;:&quot;&quot;,&quot;focal_length&quot;:&quot;0&quot;,&quot;iso&quot;:&quot;0&quot;,&quot;shutter_speed&quot;:&quot;0&quot;,&quot;title&quot;:&quot;&quot;,&quot;orientation&quot;:&quot;0&quot;}\" data-image-title=\"DSC02981\" data-image-description=\"\" data-image-caption=\"\" data-large-file=\"https:\/\/www.alqueria.es\/blogs\/alqueriaamarillanaranja\/wp-content\/uploads\/sites\/9\/2016\/01\/DSC02981-1024x576.jpg\" class=\"alignnone size-thumbnail wp-image-18096\" src=\"https:\/\/cloud.alqueria.es\/wp-content\/uploads\/sites\/9\/2016\/01\/DSC02981-150x150.jpg\" alt=\"DSC02981\" width=\"150\" height=\"150\" \/><img decoding=\"async\" data-attachment-id=\"18098\" data-permalink=\"https:\/\/www.alqueria.es\/blogs\/alqueriaamarillanaranja\/2016\/01\/21\/la-siembra-de-calendulas\/dsc02984\/\" data-orig-file=\"https:\/\/www.alqueria.es\/blogs\/alqueriaamarillanaranja\/wp-content\/uploads\/sites\/9\/2016\/01\/DSC02984.jpg\" data-orig-size=\"1024,576\" data-comments-opened=\"1\" data-image-meta=\"{&quot;aperture&quot;:&quot;0&quot;,&quot;credit&quot;:&quot;&quot;,&quot;camera&quot;:&quot;&quot;,&quot;caption&quot;:&quot;&quot;,&quot;created_timestamp&quot;:&quot;0&quot;,&quot;copyright&quot;:&quot;&quot;,&quot;focal_length&quot;:&quot;0&quot;,&quot;iso&quot;:&quot;0&quot;,&quot;shutter_speed&quot;:&quot;0&quot;,&quot;title&quot;:&quot;&quot;,&quot;orientation&quot;:&quot;0&quot;}\" data-image-title=\"DSC02984\" data-image-description=\"\" data-image-caption=\"\" data-large-file=\"https:\/\/www.alqueria.es\/blogs\/alqueriaamarillanaranja\/wp-content\/uploads\/sites\/9\/2016\/01\/DSC02984-1024x576.jpg\" class=\"alignnone size-thumbnail wp-image-18098\" src=\"https:\/\/cloud.alqueria.es\/wp-content\/uploads\/sites\/9\/2016\/01\/DSC02984-150x150.jpg\" alt=\"DSC02984\" width=\"150\" height=\"150\" \/><\/p>\n<p><em>Tambi\u00e9n recordamos que las plantas tienen \u00a0nombres: Cinta, Poto<\/em> <em>(haciendo <img decoding=\"async\" data-attachment-id=\"18101\" data-permalink=\"https:\/\/www.alqueria.es\/blogs\/alqueriaamarillanaranja\/2016\/01\/21\/la-siembra-de-calendulas\/10936709-flores-de-cal-ndula-flores-sobre-fondo-blanco-close-up-foto-de-archivo\/\" data-orig-file=\"https:\/\/www.alqueria.es\/blogs\/alqueriaamarillanaranja\/wp-content\/uploads\/sites\/9\/2016\/01\/10936709-flores-de-cal-ndula-flores-sobre-fondo-blanco-close-up-Foto-de-archivo.jpg\" data-orig-size=\"1024,700\" data-comments-opened=\"1\" data-image-meta=\"{&quot;aperture&quot;:&quot;0&quot;,&quot;credit&quot;:&quot;&quot;,&quot;camera&quot;:&quot;&quot;,&quot;caption&quot;:&quot;&quot;,&quot;created_timestamp&quot;:&quot;0&quot;,&quot;copyright&quot;:&quot;&quot;,&quot;focal_length&quot;:&quot;0&quot;,&quot;iso&quot;:&quot;0&quot;,&quot;shutter_speed&quot;:&quot;0&quot;,&quot;title&quot;:&quot;&quot;,&quot;orientation&quot;:&quot;0&quot;}\" data-image-title=\"10936709-flores-de-cal-ndula-flores-sobre-fondo-blanco-close-up-Foto-de-archivo\" data-image-description=\"\" data-image-caption=\"\" data-large-file=\"https:\/\/www.alqueria.es\/blogs\/alqueriaamarillanaranja\/wp-content\/uploads\/sites\/9\/2016\/01\/10936709-flores-de-cal-ndula-flores-sobre-fondo-blanco-close-up-Foto-de-archivo-1024x700.jpg\" class=\"size-thumbnail wp-image-18101 alignleft\" src=\"https:\/\/cloud.alqueria.es\/wp-content\/uploads\/sites\/9\/2016\/01\/10936709-flores-de-cal-ndula-flores-sobre-fondo-blanco-close-up-Foto-de-archivo-150x150.jpg\" alt=\"10936709-flores-de-cal-ndula-flores-sobre-fondo-blanco-close-up-Foto-de-archivo\" width=\"150\" height=\"150\" \/>memoria de las plantas que tenemos en el aula) y la nueva planta que vamos a cuidar es la CAL\u00c9NDULA, que cuando crezca tendr\u00e1 unas flores muy bonitas de color: amarillo y naranja.<\/em><\/p>\n<p><em>Otro punto importante es el cuidado de la misma, y \u00a0la relevancia del agua para las plantas y para nosotros.<\/em><\/p>\n<p><em>M\u00c9TODO DE PROPUESTAS.<\/em><\/p>\n<p><em>Hoy en la asamblea inicial obtienen la mayor puntuaci\u00f3n para desarrollar el juego la cocinita, el tren y la granja.\u00a0<\/em><img decoding=\"async\" data-attachment-id=\"18091\" data-permalink=\"https:\/\/www.alqueria.es\/blogs\/alqueriaamarillanaranja\/2016\/01\/21\/metodo-de-propuestas-37\/dsc02987\/\" data-orig-file=\"https:\/\/www.alqueria.es\/blogs\/alqueriaamarillanaranja\/wp-content\/uploads\/sites\/9\/2016\/01\/DSC02987.jpg\" data-orig-size=\"1024,576\" data-comments-opened=\"1\" data-image-meta=\"{&quot;aperture&quot;:&quot;0&quot;,&quot;credit&quot;:&quot;&quot;,&quot;camera&quot;:&quot;&quot;,&quot;caption&quot;:&quot;&quot;,&quot;created_timestamp&quot;:&quot;0&quot;,&quot;copyright&quot;:&quot;&quot;,&quot;focal_length&quot;:&quot;0&quot;,&quot;iso&quot;:&quot;0&quot;,&quot;shutter_speed&quot;:&quot;0&quot;,&quot;title&quot;:&quot;&quot;,&quot;orientation&quot;:&quot;0&quot;}\" data-image-title=\"DSC02987\" data-image-description=\"\" data-image-caption=\"\" data-large-file=\"https:\/\/www.alqueria.es\/blogs\/alqueriaamarillanaranja\/wp-content\/uploads\/sites\/9\/2016\/01\/DSC02987-1024x576.jpg\" class=\"size-thumbnail wp-image-18091 alignright\" src=\"https:\/\/cloud.alqueria.es\/wp-content\/uploads\/sites\/9\/2016\/01\/DSC02987-150x150.jpg\" alt=\"DSC02987\" width=\"150\" height=\"150\" \/><\/p>\n<p><em>La s\u00faper-ayudante corre a cargo de Sof\u00eda L.\u00a0<\/em><\/p>\n<p><em>En la Asamblea de comunicaci\u00f3n nos cuentan a qu\u00e9 han jugado y con qui\u00e9n comparte sus juegos. Luego, una vez que toman la fruta\u00a0de media ma\u00f1ana, realizan la representaci\u00f3n gr\u00e1fica de dicha actividad, <span style=\"color: #0000ff\">el JUEGO.<\/span> D\u00f3nde observamos que empiezan a esbozar, algunos, la figura humana.<\/em><\/p>\n<p style=\"text-align: right\"><em>Loli G\u00e1lvez y Encarna Cam\u00fas.<\/em><\/p>\n","protected":false},"excerpt":{"rendered":"<p>\u00a1Fant\u00e1stico! C\u00f3mo han disfrutado realizando la siembra. Antes de iniciar la actividad nos ponemos en contacto con la semilla de las cal\u00e9ndula. \u00a1Qu\u00e9 peque\u00f1as! dicen con sorpresa. A continuaci\u00f3n, despu\u00e9s de observarlas y manipularlas, nos ponemos en acci\u00f3n. Cada un@, con su vaso pone una primera capa de tierra (\u00abhacemos la cama\u00bb) , seguidamente \u00a0la &hellip; <a href=\"https:\/\/www.alqueria.es\/blogs\/alqueriaamarillanaranja\/2016\/01\/21\/la-siembra-de-calendulas\/\" class=\"more-link\">Seguir leyendo <span class=\"screen-reader-text\">LA SIEMBRA DE CAL\u00c9NDULAS.<\/span> <span class=\"meta-nav\">&rarr;<\/span><\/a><\/p>\n","protected":false},"author":23,"featured_media":0,"comment_status":"open","ping_status":"open","sticky":false,"template":"","format":"standard","meta":{"jetpack_post_was_ever_published":false,"_jetpack_newsletter_access":"","_jetpack_dont_email_post_to_subs":false,"_jetpack_newsletter_tier_id":0,"_jetpack_memberships_contains_paywalled_content":false,"_jetpack_memberships_contains_paid_content":false,"footnotes":"","jetpack_publicize_message":"","jetpack_publicize_feature_enabled":true,"jetpack_social_post_already_shared":true,"jetpack_social_options":{"image_generator_settings":{"template":"highway","default_image_id":0,"font":"","enabled":false},"version":2}},"categories":[1],"tags":[317,89],"class_list":["post-18092","post","type-post","status-publish","format-standard","hentry","category-sin-categoria","tag-medioambiental","tag-metodo-de-propuestas"],"jetpack_publicize_connections":[],"jetpack_featured_media_url":"","jetpack_sharing_enabled":true,"jetpack_shortlink":"https:\/\/wp.me\/p4lG08-4HO","jetpack-related-posts":[],"_links":{"self":[{"href":"https:\/\/www.alqueria.es\/blogs\/alqueriaamarillanaranja\/wp-json\/wp\/v2\/posts\/18092","targetHints":{"allow":["GET"]}}],"collection":[{"href":"https:\/\/www.alqueria.es\/blogs\/alqueriaamarillanaranja\/wp-json\/wp\/v2\/posts"}],"about":[{"href":"https:\/\/www.alqueria.es\/blogs\/alqueriaamarillanaranja\/wp-json\/wp\/v2\/types\/post"}],"author":[{"embeddable":true,"href":"https:\/\/www.alqueria.es\/blogs\/alqueriaamarillanaranja\/wp-json\/wp\/v2\/users\/23"}],"replies":[{"embeddable":true,"href":"https:\/\/www.alqueria.es\/blogs\/alqueriaamarillanaranja\/wp-json\/wp\/v2\/comments?post=18092"}],"version-history":[{"count":0,"href":"https:\/\/www.alqueria.es\/blogs\/alqueriaamarillanaranja\/wp-json\/wp\/v2\/posts\/18092\/revisions"}],"wp:attachment":[{"href":"https:\/\/www.alqueria.es\/blogs\/alqueriaamarillanaranja\/wp-json\/wp\/v2\/media?parent=18092"}],"wp:term":[{"taxonomy":"category","embeddable":true,"href":"https:\/\/www.alqueria.es\/blogs\/alqueriaamarillanaranja\/wp-json\/wp\/v2\/categories?post=18092"},{"taxonomy":"post_tag","embeddable":true,"href":"https:\/\/www.alqueria.es\/blogs\/alqueriaamarillanaranja\/wp-json\/wp\/v2\/tags?post=18092"}],"curies":[{"name":"wp","href":"https:\/\/api.w.org\/{rel}","templated":true}]}}