{"id":18226,"date":"2016-01-29T17:00:22","date_gmt":"2016-01-29T16:00:22","guid":{"rendered":"https:\/\/www.alqueria.es\/blogs\/alqueriaamarillanaranja\/?p=18226"},"modified":"2016-01-29T13:36:31","modified_gmt":"2016-01-29T12:36:31","slug":"dia-de-la-paz-4","status":"publish","type":"post","link":"https:\/\/www.alqueria.es\/blogs\/alqueriaamarillanaranja\/2016\/01\/29\/dia-de-la-paz-4\/","title":{"rendered":"D\u00cdA DE LA PAZ"},"content":{"rendered":"<p><strong><em><span style=\"color: #0000ff\"><img decoding=\"async\" data-attachment-id=\"18230\" data-permalink=\"https:\/\/www.alqueria.es\/blogs\/alqueriaamarillanaranja\/2016\/01\/29\/dia-de-la-paz-4\/images-78\/\" data-orig-file=\"https:\/\/www.alqueria.es\/blogs\/alqueriaamarillanaranja\/wp-content\/uploads\/sites\/9\/2016\/01\/images-5.jpg\" data-orig-size=\"267,169\" data-comments-opened=\"1\" data-image-meta=\"{&quot;aperture&quot;:&quot;0&quot;,&quot;credit&quot;:&quot;&quot;,&quot;camera&quot;:&quot;&quot;,&quot;caption&quot;:&quot;&quot;,&quot;created_timestamp&quot;:&quot;0&quot;,&quot;copyright&quot;:&quot;&quot;,&quot;focal_length&quot;:&quot;0&quot;,&quot;iso&quot;:&quot;0&quot;,&quot;shutter_speed&quot;:&quot;0&quot;,&quot;title&quot;:&quot;&quot;,&quot;orientation&quot;:&quot;0&quot;}\" data-image-title=\"images\" data-image-description=\"\" data-image-caption=\"\" data-large-file=\"https:\/\/www.alqueria.es\/blogs\/alqueriaamarillanaranja\/wp-content\/uploads\/sites\/9\/2016\/01\/images-5.jpg\" class=\"alignleft size-full wp-image-18230\" src=\"https:\/\/cloud.alqueria.es\/wp-content\/uploads\/sites\/9\/2016\/01\/images-5.jpg\" alt=\"images\" width=\"267\" height=\"169\" \/>Hoy celebramos en nuestro centro el D\u00eda de la Paz; se trata de un d\u00eda de significaci\u00f3n especial para nosotros, pues como todos sab\u00e9is el trabajo en valores es algo fundamental en Alquer\u00eda que se trata a diario en nuestras clases.<\/span><\/em><\/strong><\/p>\n<p><strong><em><span style=\"color: #0000ff\">Hemos participado en una actividad grupal en la que se han mezclado todos los ni\u00f1os y ni\u00f1as tanto del segundo ciclo de Infantil como de la etapa de Primaria. Nuestros \u00abnaranjitas\u00bb han tenido la oportunidad de participar en este taller de convivencia junto con compa\u00f1er@s de diferentes edades.\u00a0<\/span><\/em><\/strong><\/p>\n<p class=\"jetpack-slideshow-noscript robots-nocontent\">El pase de diapositivas requiere JavaScript.<\/p><div id=\"gallery-18226-1-slideshow\" class=\"jetpack-slideshow-window jetpack-slideshow jetpack-slideshow-black\" data-trans=\"fade\" data-autostart=\"1\" data-gallery=\"[{&quot;src&quot;:&quot;https:\\\/\\\/www.alqueria.es\\\/blogs\\\/alqueriaamarillanaranja\\\/wp-content\\\/uploads\\\/sites\\\/9\\\/2016\\\/01\\\/IMG_2936.jpg&quot;,&quot;id&quot;:&quot;18232&quot;,&quot;title&quot;:&quot;IMG_2936&quot;,&quot;alt&quot;:&quot;&quot;,&quot;caption&quot;:&quot;&quot;,&quot;itemprop&quot;:&quot;image&quot;},{&quot;src&quot;:&quot;https:\\\/\\\/www.alqueria.es\\\/blogs\\\/alqueriaamarillanaranja\\\/wp-content\\\/uploads\\\/sites\\\/9\\\/2016\\\/01\\\/IMG_2938.jpg&quot;,&quot;id&quot;:&quot;18233&quot;,&quot;title&quot;:&quot;IMG_2938&quot;,&quot;alt&quot;:&quot;&quot;,&quot;caption&quot;:&quot;&quot;,&quot;itemprop&quot;:&quot;image&quot;},{&quot;src&quot;:&quot;https:\\\/\\\/www.alqueria.es\\\/blogs\\\/alqueriaamarillanaranja\\\/wp-content\\\/uploads\\\/sites\\\/9\\\/2016\\\/01\\\/IMG_2942.jpg&quot;,&quot;id&quot;:&quot;18234&quot;,&quot;title&quot;:&quot;IMG_2942&quot;,&quot;alt&quot;:&quot;&quot;,&quot;caption&quot;:&quot;&quot;,&quot;itemprop&quot;:&quot;image&quot;},{&quot;src&quot;:&quot;https:\\\/\\\/www.alqueria.es\\\/blogs\\\/alqueriaamarillanaranja\\\/wp-content\\\/uploads\\\/sites\\\/9\\\/2016\\\/01\\\/IMG_2948.jpg&quot;,&quot;id&quot;:&quot;18235&quot;,&quot;title&quot;:&quot;IMG_2948&quot;,&quot;alt&quot;:&quot;&quot;,&quot;caption&quot;:&quot;&quot;,&quot;itemprop&quot;:&quot;image&quot;}]\" itemscope itemtype=\"https:\/\/schema.org\/ImageGallery\"><\/div>\n<p><strong><em><span style=\"color: #0000ff\">Todos los grupos han visionado tres cortos sobre los que despu\u00e9s han realizado una reflexi\u00f3n a modo de video-forum y como \u00faltima actividad han confeccionado un Diccionario de la Paz con las palabras que los ni\u00f1os y ni\u00f1as pensaban que pod\u00edan incluirse de forma positiva: ayuda, equilibrio, sosiego, generosidad, respeto, sonrisa, amor, colaboraci\u00f3n, cari\u00f1o, escucha&#8230;&#8230;&#8230;&#8230;.Como pod\u00e9is apreciar se trata de un \u00abdiccionario\u00bb digno de conservar.<\/span><\/em><\/strong><\/p>\n<p><strong><em><span style=\"color: #0000ff\">Estos son los t\u00edtulos que hemos visto, muy recomendables para que <img decoding=\"async\" data-attachment-id=\"18231\" data-permalink=\"https:\/\/www.alqueria.es\/blogs\/alqueriaamarillanaranja\/2016\/01\/29\/dia-de-la-paz-4\/descarga-41\/\" data-orig-file=\"https:\/\/www.alqueria.es\/blogs\/alqueriaamarillanaranja\/wp-content\/uploads\/sites\/9\/2016\/01\/descarga-6.jpg\" data-orig-size=\"223,226\" data-comments-opened=\"1\" data-image-meta=\"{&quot;aperture&quot;:&quot;0&quot;,&quot;credit&quot;:&quot;&quot;,&quot;camera&quot;:&quot;&quot;,&quot;caption&quot;:&quot;&quot;,&quot;created_timestamp&quot;:&quot;0&quot;,&quot;copyright&quot;:&quot;&quot;,&quot;focal_length&quot;:&quot;0&quot;,&quot;iso&quot;:&quot;0&quot;,&quot;shutter_speed&quot;:&quot;0&quot;,&quot;title&quot;:&quot;&quot;,&quot;orientation&quot;:&quot;0&quot;}\" data-image-title=\"descarga\" data-image-description=\"\" data-image-caption=\"\" data-large-file=\"https:\/\/www.alqueria.es\/blogs\/alqueriaamarillanaranja\/wp-content\/uploads\/sites\/9\/2016\/01\/descarga-6.jpg\" class=\"alignright size-full wp-image-18231\" src=\"https:\/\/cloud.alqueria.es\/wp-content\/uploads\/sites\/9\/2016\/01\/descarga-6.jpg\" alt=\"descarga\" width=\"223\" height=\"226\" \/>pod\u00e1is verlos en familia:<\/span><\/em><\/strong><\/p>\n<ul>\n<li><strong><em><span style=\"color: #0000ff\">Birds<\/span><\/em><\/strong><\/li>\n<li><strong><em><span style=\"color: #0000ff\">El gigante egoista<\/span><\/em><\/strong><\/li>\n<li><strong><em><span style=\"color: #0000ff\">El puente<\/span><\/em><\/strong><\/li>\n<\/ul>\n<p><strong><em><span style=\"color: #0000ff\">Creo que para todos ha sido una ma\u00f1ana fant\u00e1stica en la que hemos compartido cosas fundamentales.<\/span><\/em><\/strong><\/p>\n<p style=\"text-align: right\"><strong><em><span style=\"color: #0000ff\">Clase naranja<\/span><\/em><\/strong><\/p>\n","protected":false},"excerpt":{"rendered":"<p>Hoy celebramos en nuestro centro el D\u00eda de la Paz; se trata de un d\u00eda de significaci\u00f3n especial para nosotros, pues como todos sab\u00e9is el trabajo en valores es algo fundamental en Alquer\u00eda que se trata a diario en nuestras clases. Hemos participado en una actividad grupal en la que se han mezclado todos los &hellip; <a href=\"https:\/\/www.alqueria.es\/blogs\/alqueriaamarillanaranja\/2016\/01\/29\/dia-de-la-paz-4\/\" class=\"more-link\">Seguir leyendo <span class=\"screen-reader-text\">D\u00cdA DE LA PAZ<\/span> <span class=\"meta-nav\">&rarr;<\/span><\/a><\/p>\n","protected":false},"author":23,"featured_media":0,"comment_status":"open","ping_status":"open","sticky":false,"template":"","format":"standard","meta":{"jetpack_post_was_ever_published":false,"_jetpack_newsletter_access":"","_jetpack_dont_email_post_to_subs":false,"_jetpack_newsletter_tier_id":0,"_jetpack_memberships_contains_paywalled_content":false,"_jetpack_memberships_contains_paid_content":false,"footnotes":"","jetpack_publicize_message":"","jetpack_publicize_feature_enabled":true,"jetpack_social_post_already_shared":true,"jetpack_social_options":{"image_generator_settings":{"template":"highway","default_image_id":0,"font":"","enabled":false},"version":2}},"categories":[7,13],"tags":[44],"class_list":["post-18226","post","type-post","status-publish","format-standard","hentry","category-clase-naranja","category-fiestas-y-dias-de-significacion-especial","tag-dia-de-la-paz"],"jetpack_publicize_connections":[],"jetpack_featured_media_url":"","jetpack_sharing_enabled":true,"jetpack_shortlink":"https:\/\/wp.me\/p4lG08-4JY","jetpack-related-posts":[],"_links":{"self":[{"href":"https:\/\/www.alqueria.es\/blogs\/alqueriaamarillanaranja\/wp-json\/wp\/v2\/posts\/18226","targetHints":{"allow":["GET"]}}],"collection":[{"href":"https:\/\/www.alqueria.es\/blogs\/alqueriaamarillanaranja\/wp-json\/wp\/v2\/posts"}],"about":[{"href":"https:\/\/www.alqueria.es\/blogs\/alqueriaamarillanaranja\/wp-json\/wp\/v2\/types\/post"}],"author":[{"embeddable":true,"href":"https:\/\/www.alqueria.es\/blogs\/alqueriaamarillanaranja\/wp-json\/wp\/v2\/users\/23"}],"replies":[{"embeddable":true,"href":"https:\/\/www.alqueria.es\/blogs\/alqueriaamarillanaranja\/wp-json\/wp\/v2\/comments?post=18226"}],"version-history":[{"count":0,"href":"https:\/\/www.alqueria.es\/blogs\/alqueriaamarillanaranja\/wp-json\/wp\/v2\/posts\/18226\/revisions"}],"wp:attachment":[{"href":"https:\/\/www.alqueria.es\/blogs\/alqueriaamarillanaranja\/wp-json\/wp\/v2\/media?parent=18226"}],"wp:term":[{"taxonomy":"category","embeddable":true,"href":"https:\/\/www.alqueria.es\/blogs\/alqueriaamarillanaranja\/wp-json\/wp\/v2\/categories?post=18226"},{"taxonomy":"post_tag","embeddable":true,"href":"https:\/\/www.alqueria.es\/blogs\/alqueriaamarillanaranja\/wp-json\/wp\/v2\/tags?post=18226"}],"curies":[{"name":"wp","href":"https:\/\/api.w.org\/{rel}","templated":true}]}}