{"id":18358,"date":"2016-02-08T16:55:20","date_gmt":"2016-02-08T15:55:20","guid":{"rendered":"https:\/\/www.alqueria.es\/blogs\/alqueriaamarillanaranja\/?p=18358"},"modified":"2016-02-09T14:14:23","modified_gmt":"2016-02-09T13:14:23","slug":"faltan-cuatro-dias-para","status":"publish","type":"post","link":"https:\/\/www.alqueria.es\/blogs\/alqueriaamarillanaranja\/2016\/02\/08\/faltan-cuatro-dias-para\/","title":{"rendered":"FALTAN CUATRO D\u00cdAS PARA&#8230;."},"content":{"rendered":"<p style=\"line-height: 18.0pt;margin: 0cm 0cm 18.0pt 0cm\"><em><span style=\"font-family: 'Arial','sans-serif';color: #2b2b2b\">Se inicia la cuenta atr\u00e1s para el gran d\u00eda. Peque\u00f1os y grandes estamos deseosos con su llegada.<img decoding=\"async\" data-attachment-id=\"18410\" data-permalink=\"https:\/\/www.alqueria.es\/blogs\/alqueriaamarillanaranja\/2016\/02\/08\/faltan-cuatro-dias-para\/20160208_104354\/\" data-orig-file=\"https:\/\/www.alqueria.es\/blogs\/alqueriaamarillanaranja\/wp-content\/uploads\/sites\/9\/2016\/02\/20160208_104354.jpg\" data-orig-size=\"1024,576\" data-comments-opened=\"1\" data-image-meta=\"{&quot;aperture&quot;:&quot;0&quot;,&quot;credit&quot;:&quot;&quot;,&quot;camera&quot;:&quot;&quot;,&quot;caption&quot;:&quot;&quot;,&quot;created_timestamp&quot;:&quot;0&quot;,&quot;copyright&quot;:&quot;&quot;,&quot;focal_length&quot;:&quot;0&quot;,&quot;iso&quot;:&quot;0&quot;,&quot;shutter_speed&quot;:&quot;0&quot;,&quot;title&quot;:&quot;&quot;,&quot;orientation&quot;:&quot;0&quot;}\" data-image-title=\"20160208_104354\" data-image-description=\"\" data-image-caption=\"\" data-large-file=\"https:\/\/www.alqueria.es\/blogs\/alqueriaamarillanaranja\/wp-content\/uploads\/sites\/9\/2016\/02\/20160208_104354-1024x576.jpg\" class=\"size-medium wp-image-18410 alignright\" src=\"https:\/\/cloud.alqueria.es\/wp-content\/uploads\/sites\/9\/2016\/02\/20160208_104354-300x169.jpg\" alt=\"20160208_104354\" width=\"300\" height=\"169\" srcset=\"https:\/\/www.alqueria.es\/blogs\/alqueriaamarillanaranja\/wp-content\/uploads\/sites\/9\/2016\/02\/20160208_104354-300x169.jpg 300w, https:\/\/www.alqueria.es\/blogs\/alqueriaamarillanaranja\/wp-content\/uploads\/sites\/9\/2016\/02\/20160208_104354-768x432.jpg 768w, https:\/\/www.alqueria.es\/blogs\/alqueriaamarillanaranja\/wp-content\/uploads\/sites\/9\/2016\/02\/20160208_104354.jpg 1024w\" sizes=\"(max-width: 300px) 100vw, 300px\" \/><br \/>\nHoy en el taller creativo, decoramos cada uno a su gusto, ell@s<br \/>\neligen el color que quieren o desean utilizar. Poco a poco, centran toda su <img decoding=\"async\" data-attachment-id=\"18409\" data-permalink=\"https:\/\/www.alqueria.es\/blogs\/alqueriaamarillanaranja\/2016\/02\/08\/faltan-cuatro-dias-para\/20160208_104345\/\" data-orig-file=\"https:\/\/www.alqueria.es\/blogs\/alqueriaamarillanaranja\/wp-content\/uploads\/sites\/9\/2016\/02\/20160208_104345.jpg\" data-orig-size=\"1024,576\" data-comments-opened=\"1\" data-image-meta=\"{&quot;aperture&quot;:&quot;0&quot;,&quot;credit&quot;:&quot;&quot;,&quot;camera&quot;:&quot;&quot;,&quot;caption&quot;:&quot;&quot;,&quot;created_timestamp&quot;:&quot;0&quot;,&quot;copyright&quot;:&quot;&quot;,&quot;focal_length&quot;:&quot;0&quot;,&quot;iso&quot;:&quot;0&quot;,&quot;shutter_speed&quot;:&quot;0&quot;,&quot;title&quot;:&quot;&quot;,&quot;orientation&quot;:&quot;0&quot;}\" data-image-title=\"20160208_104345\" data-image-description=\"\" data-image-caption=\"\" data-large-file=\"https:\/\/www.alqueria.es\/blogs\/alqueriaamarillanaranja\/wp-content\/uploads\/sites\/9\/2016\/02\/20160208_104345-1024x576.jpg\" class=\"size-medium wp-image-18409 alignleft\" src=\"https:\/\/cloud.alqueria.es\/wp-content\/uploads\/sites\/9\/2016\/02\/20160208_104345-300x169.jpg\" alt=\"20160208_104345\" width=\"300\" height=\"169\" srcset=\"https:\/\/www.alqueria.es\/blogs\/alqueriaamarillanaranja\/wp-content\/uploads\/sites\/9\/2016\/02\/20160208_104345-300x169.jpg 300w, https:\/\/www.alqueria.es\/blogs\/alqueriaamarillanaranja\/wp-content\/uploads\/sites\/9\/2016\/02\/20160208_104345-768x432.jpg 768w, https:\/\/www.alqueria.es\/blogs\/alqueriaamarillanaranja\/wp-content\/uploads\/sites\/9\/2016\/02\/20160208_104345.jpg 1024w\" sizes=\"(max-width: 300px) 100vw, 300px\" \/>atenci\u00f3n en dar las pinceladas precisas con el pincel.<br \/>\nEn la asamblea de iniciaci\u00f3n: Hoy lunes, la primera tarea es buscar en el buz\u00f3n las cartas <img decoding=\"async\" data-attachment-id=\"18411\" data-permalink=\"https:\/\/www.alqueria.es\/blogs\/alqueriaamarillanaranja\/2016\/02\/08\/faltan-cuatro-dias-para\/23517239-cartero-de-dibujos-animados-con-el-bolso-y-la-carta\/\" data-orig-file=\"https:\/\/www.alqueria.es\/blogs\/alqueriaamarillanaranja\/wp-content\/uploads\/sites\/9\/2016\/02\/23517239-cartero-de-dibujos-animados-con-el-bolso-y-la-carta.jpg\" data-orig-size=\"272,350\" data-comments-opened=\"1\" data-image-meta=\"{&quot;aperture&quot;:&quot;0&quot;,&quot;credit&quot;:&quot;&quot;,&quot;camera&quot;:&quot;&quot;,&quot;caption&quot;:&quot;&quot;,&quot;created_timestamp&quot;:&quot;0&quot;,&quot;copyright&quot;:&quot;&quot;,&quot;focal_length&quot;:&quot;0&quot;,&quot;iso&quot;:&quot;0&quot;,&quot;shutter_speed&quot;:&quot;0&quot;,&quot;title&quot;:&quot;&quot;,&quot;orientation&quot;:&quot;0&quot;}\" data-image-title=\"23517239-cartero-de-dibujos-animados-con-el-bolso-y-la-carta\" data-image-description=\"\" data-image-caption=\"\" data-large-file=\"https:\/\/www.alqueria.es\/blogs\/alqueriaamarillanaranja\/wp-content\/uploads\/sites\/9\/2016\/02\/23517239-cartero-de-dibujos-animados-con-el-bolso-y-la-carta.jpg\" class=\" wp-image-18411 alignright\" src=\"https:\/\/cloud.alqueria.es\/wp-content\/uploads\/sites\/9\/2016\/02\/23517239-cartero-de-dibujos-animados-con-el-bolso-y-la-carta-233x300.jpg\" alt=\"23517239-cartero-de-dibujos-animados-con-el-bolso-y-la-carta\" width=\"188\" height=\"242\" srcset=\"https:\/\/www.alqueria.es\/blogs\/alqueriaamarillanaranja\/wp-content\/uploads\/sites\/9\/2016\/02\/23517239-cartero-de-dibujos-animados-con-el-bolso-y-la-carta-233x300.jpg 233w, https:\/\/www.alqueria.es\/blogs\/alqueriaamarillanaranja\/wp-content\/uploads\/sites\/9\/2016\/02\/23517239-cartero-de-dibujos-animados-con-el-bolso-y-la-carta.jpg 272w\" sizes=\"(max-width: 188px) 100vw, 188px\" \/>para hacer la lectura de las mismas; recordar lo que hemos hecho en el fin de semana y con qui\u00e9n hemos compartido\u00a0 juegos y experiencias. Decidimos a que vamos a jugar \u00a1con los animales! \u00a1\u00a1Los leones!!! y con las maderas para construir la casa de los animales.<br \/>\nContinuamos ensayando la letrilla de la chirigota junto con la coreograf\u00eda \u00a1\u00a1\u00a1qu\u00e9 l\u00edo madre!! A la vez que divertido.<\/span><\/em><\/p>\n<p style=\"line-height: 18pt;margin: 0cm 0cm 18pt;text-align: right\"><em>Loli G\u00e1lvez y Encarna Cam\u00fas.<\/em><\/p>\n","protected":false},"excerpt":{"rendered":"<p>Se inicia la cuenta atr\u00e1s para el gran d\u00eda. Peque\u00f1os y grandes estamos deseosos con su llegada. Hoy en el taller creativo, decoramos cada uno a su gusto, ell@s eligen el color que quieren o desean utilizar. Poco a poco, centran toda su atenci\u00f3n en dar las pinceladas precisas con el pincel. En la asamblea &hellip; <a href=\"https:\/\/www.alqueria.es\/blogs\/alqueriaamarillanaranja\/2016\/02\/08\/faltan-cuatro-dias-para\/\" class=\"more-link\">Seguir leyendo <span class=\"screen-reader-text\">FALTAN CUATRO D\u00cdAS PARA&#8230;.<\/span> <span class=\"meta-nav\">&rarr;<\/span><\/a><\/p>\n","protected":false},"author":23,"featured_media":0,"comment_status":"open","ping_status":"open","sticky":false,"template":"","format":"standard","meta":{"jetpack_post_was_ever_published":false,"_jetpack_newsletter_access":"","_jetpack_dont_email_post_to_subs":false,"_jetpack_newsletter_tier_id":0,"_jetpack_memberships_contains_paywalled_content":false,"_jetpack_memberships_contains_paid_content":false,"footnotes":"","jetpack_publicize_message":"","jetpack_publicize_feature_enabled":true,"jetpack_social_post_already_shared":true,"jetpack_social_options":{"image_generator_settings":{"template":"highway","default_image_id":0,"font":"","enabled":false},"version":2}},"categories":[6,8],"tags":[116],"class_list":["post-18358","post","type-post","status-publish","format-standard","hentry","category-clase-amarilla","category-diario","tag-taller-creativo"],"jetpack_publicize_connections":[],"jetpack_featured_media_url":"","jetpack_sharing_enabled":true,"jetpack_shortlink":"https:\/\/wp.me\/p4lG08-4M6","jetpack-related-posts":[],"_links":{"self":[{"href":"https:\/\/www.alqueria.es\/blogs\/alqueriaamarillanaranja\/wp-json\/wp\/v2\/posts\/18358","targetHints":{"allow":["GET"]}}],"collection":[{"href":"https:\/\/www.alqueria.es\/blogs\/alqueriaamarillanaranja\/wp-json\/wp\/v2\/posts"}],"about":[{"href":"https:\/\/www.alqueria.es\/blogs\/alqueriaamarillanaranja\/wp-json\/wp\/v2\/types\/post"}],"author":[{"embeddable":true,"href":"https:\/\/www.alqueria.es\/blogs\/alqueriaamarillanaranja\/wp-json\/wp\/v2\/users\/23"}],"replies":[{"embeddable":true,"href":"https:\/\/www.alqueria.es\/blogs\/alqueriaamarillanaranja\/wp-json\/wp\/v2\/comments?post=18358"}],"version-history":[{"count":0,"href":"https:\/\/www.alqueria.es\/blogs\/alqueriaamarillanaranja\/wp-json\/wp\/v2\/posts\/18358\/revisions"}],"wp:attachment":[{"href":"https:\/\/www.alqueria.es\/blogs\/alqueriaamarillanaranja\/wp-json\/wp\/v2\/media?parent=18358"}],"wp:term":[{"taxonomy":"category","embeddable":true,"href":"https:\/\/www.alqueria.es\/blogs\/alqueriaamarillanaranja\/wp-json\/wp\/v2\/categories?post=18358"},{"taxonomy":"post_tag","embeddable":true,"href":"https:\/\/www.alqueria.es\/blogs\/alqueriaamarillanaranja\/wp-json\/wp\/v2\/tags?post=18358"}],"curies":[{"name":"wp","href":"https:\/\/api.w.org\/{rel}","templated":true}]}}