{"id":18389,"date":"2016-02-05T16:55:03","date_gmt":"2016-02-05T15:55:03","guid":{"rendered":"https:\/\/www.alqueria.es\/blogs\/alqueriaamarillanaranja\/?p=18389"},"modified":"2016-02-05T14:40:59","modified_gmt":"2016-02-05T13:40:59","slug":"esto-es-carnaval-y-nos-vamos-a-disfrazar","status":"publish","type":"post","link":"https:\/\/www.alqueria.es\/blogs\/alqueriaamarillanaranja\/2016\/02\/05\/esto-es-carnaval-y-nos-vamos-a-disfrazar\/","title":{"rendered":"\u00a1ESTO ES CARNAVAL&#8230;&#8230;Y NOS VAMOS A DISFRAZAR!"},"content":{"rendered":"<h6><strong><em><span style=\"color: #008000\"><img decoding=\"async\" data-attachment-id=\"18395\" data-permalink=\"https:\/\/www.alqueria.es\/blogs\/alqueriaamarillanaranja\/2016\/02\/05\/esto-es-carnaval-y-nos-vamos-a-disfrazar\/descarga-2-9\/\" data-orig-file=\"https:\/\/www.alqueria.es\/blogs\/alqueriaamarillanaranja\/wp-content\/uploads\/sites\/9\/2016\/02\/descarga-2.jpg\" data-orig-size=\"266,189\" data-comments-opened=\"1\" data-image-meta=\"{&quot;aperture&quot;:&quot;0&quot;,&quot;credit&quot;:&quot;&quot;,&quot;camera&quot;:&quot;&quot;,&quot;caption&quot;:&quot;&quot;,&quot;created_timestamp&quot;:&quot;0&quot;,&quot;copyright&quot;:&quot;&quot;,&quot;focal_length&quot;:&quot;0&quot;,&quot;iso&quot;:&quot;0&quot;,&quot;shutter_speed&quot;:&quot;0&quot;,&quot;title&quot;:&quot;&quot;,&quot;orientation&quot;:&quot;0&quot;}\" data-image-title=\"descarga (2)\" data-image-description=\"\" data-image-caption=\"\" data-large-file=\"https:\/\/www.alqueria.es\/blogs\/alqueriaamarillanaranja\/wp-content\/uploads\/sites\/9\/2016\/02\/descarga-2.jpg\" class=\"alignleft size-full wp-image-18395\" src=\"https:\/\/cloud.alqueria.es\/wp-content\/uploads\/sites\/9\/2016\/02\/descarga-2.jpg\" alt=\"descarga (2)\" width=\"266\" height=\"189\" \/>Hoy hemos pasado un d\u00eda muy tranquilo en la clase amarilla. Acabamos una semana llena de preparativos que culminar\u00e1n en nuestra estupenda fiesta de carnaval del pr\u00f3ximo viernes d\u00eda 12. Esta ma\u00f1ana, adem\u00e1s de terminar nuestras camisetas y preparar todo lo necesario para nuestro taller creativo del lunes (\u00a1m\u00e1scaras!) hemos tenido sesi\u00f3n motriz con pelotas, m\u00e9todo de propuetas (disfraces, animales y beb\u00e9s&#8230;.), ingl\u00e9s con Lindley&#8230;&#8230;&#8230;&#8230;..<\/span><\/em><\/strong><\/h6>\n<h6><strong><em><span style=\"color: #008000\">Adem\u00e1s de todo esto hemos realizado la prueba de maquillaje que llevaremos el d\u00eda de la fiesta, \u00a1van a estar para com\u00e9rselos!.<\/span><\/em><\/strong><\/h6>\n<h6><strong><em><span style=\"color: #008000\">Nuestro ensayo de la chirigota cada vez nos sale mejor, y poco a poco estamos consiguiendo que todos participen (hay quien est\u00e1 ya demasiado animado y hay que decirle que no grite tanto&#8230;&#8230;jajajaja). Est\u00e1n muy motivados, y lo van a hacer genial.<\/span><\/em><\/strong><\/h6>\n<h6><strong><em><span style=\"color: #ff6600\">Para el disfraz queremos pediros algo; el d\u00eda de la fiesta necesitamos <img decoding=\"async\" data-attachment-id=\"18394\" data-permalink=\"https:\/\/www.alqueria.es\/blogs\/alqueriaamarillanaranja\/2016\/02\/05\/esto-es-carnaval-y-nos-vamos-a-disfrazar\/images-79\/\" data-orig-file=\"https:\/\/www.alqueria.es\/blogs\/alqueriaamarillanaranja\/wp-content\/uploads\/sites\/9\/2016\/02\/images.jpg\" data-orig-size=\"256,192\" data-comments-opened=\"1\" data-image-meta=\"{&quot;aperture&quot;:&quot;0&quot;,&quot;credit&quot;:&quot;&quot;,&quot;camera&quot;:&quot;&quot;,&quot;caption&quot;:&quot;&quot;,&quot;created_timestamp&quot;:&quot;0&quot;,&quot;copyright&quot;:&quot;&quot;,&quot;focal_length&quot;:&quot;0&quot;,&quot;iso&quot;:&quot;0&quot;,&quot;shutter_speed&quot;:&quot;0&quot;,&quot;title&quot;:&quot;&quot;,&quot;orientation&quot;:&quot;0&quot;}\" data-image-title=\"images\" data-image-description=\"\" data-image-caption=\"\" data-large-file=\"https:\/\/www.alqueria.es\/blogs\/alqueriaamarillanaranja\/wp-content\/uploads\/sites\/9\/2016\/02\/images.jpg\" class=\"alignright size-full wp-image-18394\" src=\"https:\/\/cloud.alqueria.es\/wp-content\/uploads\/sites\/9\/2016\/02\/images.jpg\" alt=\"images\" width=\"256\" height=\"192\" \/>que vengan con ropa c\u00f3moda y \u00ababrigaditos\u00bb (pues si el tiempo lo permite saldremos al patio sin abrigo para nuestra actuaci\u00f3n de la ma\u00f1ana. Para los ni\u00f1os s\u00ed actuamos en el escenario grande, luego por la tarde lo haremos en clase para las familias). Cuando lleguen por la ma\u00f1ana nosotras les colocaremos la camiseta sobre la ropa que traigan puesta de casa. Importante que traigan pantal\u00f3n-leging-leotardos de color negro, este va a ser el toque que va a completar nuestro disfraz. Y nada m\u00e1s&#8230;&#8230;&#8230;.con esto estaremos preparados para pasar un estupendo d\u00eda de fiesta. A las familias os esperamos ese d\u00eda a las 15:45h en nuestra clase para disfrutar de la actuaci\u00f3n de nuestros amarillit@s, cuando acabemos nos bajaremos todos al escenario para disfrutar de las comparsas y chirigotas, y alrededor de las 5:30h disfrutaremos de una gran chocolatada. \u00a1Os esperamos a tod@s, no os la pod\u00e9is perder!<\/span><\/em><\/strong><\/h6>\n<h6><strong><em><span style=\"color: #ff6600\">Hasta el lunes.<\/span><\/em><\/strong><\/h6>\n<h6 style=\"text-align: right\"><strong><em><span style=\"color: #ff6600\">Encarna Cam\u00fas y Loli G\u00e1lvez<\/span><\/em><\/strong><\/h6>\n","protected":false},"excerpt":{"rendered":"<p>Hoy hemos pasado un d\u00eda muy tranquilo en la clase amarilla. Acabamos una semana llena de preparativos que culminar\u00e1n en nuestra estupenda fiesta de carnaval del pr\u00f3ximo viernes d\u00eda 12. Esta ma\u00f1ana, adem\u00e1s de terminar nuestras camisetas y preparar todo lo necesario para nuestro taller creativo del lunes (\u00a1m\u00e1scaras!) hemos tenido sesi\u00f3n motriz con pelotas, &hellip; <a href=\"https:\/\/www.alqueria.es\/blogs\/alqueriaamarillanaranja\/2016\/02\/05\/esto-es-carnaval-y-nos-vamos-a-disfrazar\/\" class=\"more-link\">Seguir leyendo <span class=\"screen-reader-text\">\u00a1ESTO ES CARNAVAL&#8230;&#8230;Y NOS VAMOS A DISFRAZAR!<\/span> <span class=\"meta-nav\">&rarr;<\/span><\/a><\/p>\n","protected":false},"author":23,"featured_media":0,"comment_status":"open","ping_status":"open","sticky":false,"template":"","format":"standard","meta":{"jetpack_post_was_ever_published":false,"_jetpack_newsletter_access":"","_jetpack_dont_email_post_to_subs":false,"_jetpack_newsletter_tier_id":0,"_jetpack_memberships_contains_paywalled_content":false,"_jetpack_memberships_contains_paid_content":false,"footnotes":"","jetpack_publicize_message":"","jetpack_publicize_feature_enabled":true,"jetpack_social_post_already_shared":true,"jetpack_social_options":{"image_generator_settings":{"template":"highway","default_image_id":0,"font":"","enabled":false},"version":2}},"categories":[6,9],"tags":[320],"class_list":["post-18389","post","type-post","status-publish","format-standard","hentry","category-clase-amarilla","category-diario-clase-amarilla","tag-preparacion-fiesta-carnaval"],"jetpack_publicize_connections":[],"jetpack_featured_media_url":"","jetpack_sharing_enabled":true,"jetpack_shortlink":"https:\/\/wp.me\/p4lG08-4MB","jetpack-related-posts":[],"_links":{"self":[{"href":"https:\/\/www.alqueria.es\/blogs\/alqueriaamarillanaranja\/wp-json\/wp\/v2\/posts\/18389","targetHints":{"allow":["GET"]}}],"collection":[{"href":"https:\/\/www.alqueria.es\/blogs\/alqueriaamarillanaranja\/wp-json\/wp\/v2\/posts"}],"about":[{"href":"https:\/\/www.alqueria.es\/blogs\/alqueriaamarillanaranja\/wp-json\/wp\/v2\/types\/post"}],"author":[{"embeddable":true,"href":"https:\/\/www.alqueria.es\/blogs\/alqueriaamarillanaranja\/wp-json\/wp\/v2\/users\/23"}],"replies":[{"embeddable":true,"href":"https:\/\/www.alqueria.es\/blogs\/alqueriaamarillanaranja\/wp-json\/wp\/v2\/comments?post=18389"}],"version-history":[{"count":0,"href":"https:\/\/www.alqueria.es\/blogs\/alqueriaamarillanaranja\/wp-json\/wp\/v2\/posts\/18389\/revisions"}],"wp:attachment":[{"href":"https:\/\/www.alqueria.es\/blogs\/alqueriaamarillanaranja\/wp-json\/wp\/v2\/media?parent=18389"}],"wp:term":[{"taxonomy":"category","embeddable":true,"href":"https:\/\/www.alqueria.es\/blogs\/alqueriaamarillanaranja\/wp-json\/wp\/v2\/categories?post=18389"},{"taxonomy":"post_tag","embeddable":true,"href":"https:\/\/www.alqueria.es\/blogs\/alqueriaamarillanaranja\/wp-json\/wp\/v2\/tags?post=18389"}],"curies":[{"name":"wp","href":"https:\/\/api.w.org\/{rel}","templated":true}]}}