{"id":18417,"date":"2016-02-09T16:45:39","date_gmt":"2016-02-09T15:45:39","guid":{"rendered":"https:\/\/www.alqueria.es\/blogs\/alqueriaamarillanaranja\/?p=18417"},"modified":"2016-02-09T16:45:39","modified_gmt":"2016-02-09T15:45:39","slug":"alfabetizacion-10","status":"publish","type":"post","link":"https:\/\/www.alqueria.es\/blogs\/alqueriaamarillanaranja\/2016\/02\/09\/alfabetizacion-10\/","title":{"rendered":"ALFABETIZACI\u00d3N"},"content":{"rendered":"<h5 style=\"text-align: justify\"><em><span style=\"color: #ff6600\"><img decoding=\"async\" data-attachment-id=\"18418\" data-permalink=\"https:\/\/www.alqueria.es\/blogs\/alqueriaamarillanaranja\/2016\/02\/09\/alfabetizacion-10\/descarga-42\/\" data-orig-file=\"https:\/\/www.alqueria.es\/blogs\/alqueriaamarillanaranja\/wp-content\/uploads\/sites\/9\/2016\/02\/descarga.jpg\" data-orig-size=\"218,231\" data-comments-opened=\"1\" data-image-meta=\"{&quot;aperture&quot;:&quot;0&quot;,&quot;credit&quot;:&quot;&quot;,&quot;camera&quot;:&quot;&quot;,&quot;caption&quot;:&quot;&quot;,&quot;created_timestamp&quot;:&quot;0&quot;,&quot;copyright&quot;:&quot;&quot;,&quot;focal_length&quot;:&quot;0&quot;,&quot;iso&quot;:&quot;0&quot;,&quot;shutter_speed&quot;:&quot;0&quot;,&quot;title&quot;:&quot;&quot;,&quot;orientation&quot;:&quot;0&quot;}\" data-image-title=\"descarga\" data-image-description=\"\" data-image-caption=\"\" data-large-file=\"https:\/\/www.alqueria.es\/blogs\/alqueriaamarillanaranja\/wp-content\/uploads\/sites\/9\/2016\/02\/descarga.jpg\" class=\"alignleft size-thumbnail wp-image-18418\" src=\"https:\/\/cloud.alqueria.es\/wp-content\/uploads\/sites\/9\/2016\/02\/descarga-150x150.jpg\" alt=\"descarga\" width=\"150\" height=\"150\" \/>Comenzamos un nuevo Proyecto de Lectura con cuentos sacados de la biblioteca del centro. Ya os devuelvo los de casa.<\/span><\/em><\/h5>\n<h5 style=\"text-align: justify\"><em><span style=\"color: #ff6600\">En la Asamblea hacemos el reparto de los nuevos libros y hablamos que tenemos que cuidarlos lo mismo que hasta ahora lo han hecho con los aportados de casa. Est\u00e1n muy ilusionados con las nuevas historias, espero que sigan as\u00ed de motivados\/as y que les gusten.<\/span><\/em><\/h5>\n<h5 style=\"text-align: justify\"><em><span style=\"color: #800080\">Hoy dedicamos un ratito a \u00abescribir\u00bb la receta de \u00abLas Rocas de Carnaval\u00bb, recordamos los ingredientes que utilizamos ayer y cada uno a \u00absu manera\u00bb los escribe. Pod\u00e9is ver la evoluci\u00f3n en el proceso de alfabetizaci\u00f3n que va teniendo el grupo.<img decoding=\"async\" data-attachment-id=\"18419\" data-permalink=\"https:\/\/www.alqueria.es\/blogs\/alqueriaamarillanaranja\/2016\/02\/09\/alfabetizacion-10\/images-80\/\" data-orig-file=\"https:\/\/www.alqueria.es\/blogs\/alqueriaamarillanaranja\/wp-content\/uploads\/sites\/9\/2016\/02\/images-1.jpg\" data-orig-size=\"111,86\" data-comments-opened=\"1\" data-image-meta=\"{&quot;aperture&quot;:&quot;0&quot;,&quot;credit&quot;:&quot;&quot;,&quot;camera&quot;:&quot;&quot;,&quot;caption&quot;:&quot;&quot;,&quot;created_timestamp&quot;:&quot;0&quot;,&quot;copyright&quot;:&quot;&quot;,&quot;focal_length&quot;:&quot;0&quot;,&quot;iso&quot;:&quot;0&quot;,&quot;shutter_speed&quot;:&quot;0&quot;,&quot;title&quot;:&quot;&quot;,&quot;orientation&quot;:&quot;0&quot;}\" data-image-title=\"images\" data-image-description=\"\" data-image-caption=\"\" data-large-file=\"https:\/\/www.alqueria.es\/blogs\/alqueriaamarillanaranja\/wp-content\/uploads\/sites\/9\/2016\/02\/images-1.jpg\" class=\"alignright size-full wp-image-18419\" src=\"https:\/\/cloud.alqueria.es\/wp-content\/uploads\/sites\/9\/2016\/02\/images-1.jpg\" alt=\"images\" width=\"111\" height=\"86\" \/><\/span><\/em><\/h5>\n<h5 style=\"text-align: justify\"><img decoding=\"async\" data-attachment-id=\"18427\" data-permalink=\"https:\/\/www.alqueria.es\/blogs\/alqueriaamarillanaranja\/2016\/02\/09\/alfabetizacion-10\/img_4664\/\" data-orig-file=\"https:\/\/www.alqueria.es\/blogs\/alqueriaamarillanaranja\/wp-content\/uploads\/sites\/9\/2016\/02\/IMG_4664.jpg\" data-orig-size=\"1024,768\" data-comments-opened=\"1\" data-image-meta=\"{&quot;aperture&quot;:&quot;0&quot;,&quot;credit&quot;:&quot;&quot;,&quot;camera&quot;:&quot;&quot;,&quot;caption&quot;:&quot;&quot;,&quot;created_timestamp&quot;:&quot;0&quot;,&quot;copyright&quot;:&quot;&quot;,&quot;focal_length&quot;:&quot;0&quot;,&quot;iso&quot;:&quot;0&quot;,&quot;shutter_speed&quot;:&quot;0&quot;,&quot;title&quot;:&quot;&quot;,&quot;orientation&quot;:&quot;0&quot;}\" data-image-title=\"IMG_4664\" data-image-description=\"\" data-image-caption=\"\" data-large-file=\"https:\/\/www.alqueria.es\/blogs\/alqueriaamarillanaranja\/wp-content\/uploads\/sites\/9\/2016\/02\/IMG_4664-1024x768.jpg\" class=\"alignleft size-medium wp-image-18427\" src=\"https:\/\/cloud.alqueria.es\/wp-content\/uploads\/sites\/9\/2016\/02\/IMG_4664-300x225.jpg\" alt=\"IMG_4664\" width=\"300\" height=\"225\" srcset=\"https:\/\/www.alqueria.es\/blogs\/alqueriaamarillanaranja\/wp-content\/uploads\/sites\/9\/2016\/02\/IMG_4664-300x225.jpg 300w, https:\/\/www.alqueria.es\/blogs\/alqueriaamarillanaranja\/wp-content\/uploads\/sites\/9\/2016\/02\/IMG_4664-768x576.jpg 768w, https:\/\/www.alqueria.es\/blogs\/alqueriaamarillanaranja\/wp-content\/uploads\/sites\/9\/2016\/02\/IMG_4664.jpg 1024w\" sizes=\"(max-width: 300px) 100vw, 300px\" \/><\/h5>\n<p>&nbsp;<\/p>\n<p>&nbsp;<\/p>\n<p>&nbsp;<\/p>\n<p>&nbsp;<\/p>\n<p>&nbsp;<\/p>\n<p>&nbsp;<\/p>\n<p><span style=\"color: #993366\">Ma\u00f1ana m\u00e1s&#8230;..<\/span><\/p>\n<p><span style=\"color: #993366\">Carmen Jim\u00e9nez<\/span><\/p>\n","protected":false},"excerpt":{"rendered":"<p>Comenzamos un nuevo Proyecto de Lectura con cuentos sacados de la biblioteca del centro. Ya os devuelvo los de casa. En la Asamblea hacemos el reparto de los nuevos libros y hablamos que tenemos que cuidarlos lo mismo que hasta ahora lo han hecho con los aportados de casa. Est\u00e1n muy ilusionados con las nuevas &hellip; <a href=\"https:\/\/www.alqueria.es\/blogs\/alqueriaamarillanaranja\/2016\/02\/09\/alfabetizacion-10\/\" class=\"more-link\">Seguir leyendo <span class=\"screen-reader-text\">ALFABETIZACI\u00d3N<\/span> <span class=\"meta-nav\">&rarr;<\/span><\/a><\/p>\n","protected":false},"author":23,"featured_media":0,"comment_status":"open","ping_status":"open","sticky":false,"template":"","format":"standard","meta":{"jetpack_post_was_ever_published":false,"_jetpack_newsletter_access":"","_jetpack_dont_email_post_to_subs":false,"_jetpack_newsletter_tier_id":0,"_jetpack_memberships_contains_paywalled_content":false,"_jetpack_memberships_contains_paid_content":false,"footnotes":"","jetpack_publicize_message":"","jetpack_publicize_feature_enabled":true,"jetpack_social_post_already_shared":true,"jetpack_social_options":{"image_generator_settings":{"template":"highway","default_image_id":0,"font":"","enabled":false},"version":2}},"categories":[7,8,21],"tags":[285,103],"class_list":["post-18417","post","type-post","status-publish","format-standard","hentry","category-clase-naranja","category-diario","category-talleres-medioambientales","tag-alfabetizacion","tag-proyecto-de-lectura"],"jetpack_publicize_connections":[],"jetpack_featured_media_url":"","jetpack_sharing_enabled":true,"jetpack_shortlink":"https:\/\/wp.me\/p4lG08-4N3","jetpack-related-posts":[],"_links":{"self":[{"href":"https:\/\/www.alqueria.es\/blogs\/alqueriaamarillanaranja\/wp-json\/wp\/v2\/posts\/18417","targetHints":{"allow":["GET"]}}],"collection":[{"href":"https:\/\/www.alqueria.es\/blogs\/alqueriaamarillanaranja\/wp-json\/wp\/v2\/posts"}],"about":[{"href":"https:\/\/www.alqueria.es\/blogs\/alqueriaamarillanaranja\/wp-json\/wp\/v2\/types\/post"}],"author":[{"embeddable":true,"href":"https:\/\/www.alqueria.es\/blogs\/alqueriaamarillanaranja\/wp-json\/wp\/v2\/users\/23"}],"replies":[{"embeddable":true,"href":"https:\/\/www.alqueria.es\/blogs\/alqueriaamarillanaranja\/wp-json\/wp\/v2\/comments?post=18417"}],"version-history":[{"count":0,"href":"https:\/\/www.alqueria.es\/blogs\/alqueriaamarillanaranja\/wp-json\/wp\/v2\/posts\/18417\/revisions"}],"wp:attachment":[{"href":"https:\/\/www.alqueria.es\/blogs\/alqueriaamarillanaranja\/wp-json\/wp\/v2\/media?parent=18417"}],"wp:term":[{"taxonomy":"category","embeddable":true,"href":"https:\/\/www.alqueria.es\/blogs\/alqueriaamarillanaranja\/wp-json\/wp\/v2\/categories?post=18417"},{"taxonomy":"post_tag","embeddable":true,"href":"https:\/\/www.alqueria.es\/blogs\/alqueriaamarillanaranja\/wp-json\/wp\/v2\/tags?post=18417"}],"curies":[{"name":"wp","href":"https:\/\/api.w.org\/{rel}","templated":true}]}}