{"id":189,"date":"2012-05-04T11:00:42","date_gmt":"2012-05-04T11:00:42","guid":{"rendered":"http:\/\/alqueriaamarillanaranja.wordpress.com\/?p=189"},"modified":"2014-02-24T12:37:05","modified_gmt":"2014-02-24T12:37:05","slug":"calendulas-para-el-dia-del-medioambiente","status":"publish","type":"post","link":"https:\/\/www.alqueria.es\/blogs\/alqueriaamarillanaranja\/2012\/05\/04\/calendulas-para-el-dia-del-medioambiente\/","title":{"rendered":"CAL\u00c9NDULAS PARA EL D\u00cdA DEL MEDIOAMBIENTE"},"content":{"rendered":"<p>El d\u00eda 5 de Junio es el d\u00eda del Medioambiente y ese d\u00eda nos gusta que nuestros ni\u00f1os y ni\u00f1as puedan llevarse a casa una planta que ellos mismos hayan sembrado y cuidado hasta ese d\u00eda. Con este objetivo hoy realizamos en el huerto un taller de siembra de cal\u00e9ndulas. Nuestro responsable de huerto Juanjo, profe de tercero de primaria, nos ha facilitado las semillas. Cada ni\u00f1o\/a tiene su propio tiesto con su nombre y su s\u00edmbolo para que pueda diferenciarlo con facilidad. Durante la actividad hemos seguido los siguientes pasos:<\/p>\n<p>1. Ponemos chinos en el fondo de la maceta.<\/p>\n<p>2. Llenamos de tierra hasta la mitad.<\/p>\n<p>3. Ponemos las semillas.<\/p>\n<p>4. Acabamos de llenar la maceta de tierra.<\/p>\n<p>5. Apretamos un poquito la tierra con las manos.<\/p>\n<p>6. Regamos para que crezca la planta.<\/p>\n<p>A partir de aqu\u00ed solamente nos queda esperar un poquito, cuidarlas, regarlas&#8230;.. y seguro que con nuestro cari\u00f1o, el d\u00eda 5 podremos llevarnos a casa unas cal\u00e9ndulas preciosas.<\/p>\n<p><img decoding=\"async\" data-attachment-id=\"235\" data-permalink=\"https:\/\/www.alqueria.es\/blogs\/alqueriaamarillanaranja\/dsc_0129\/\" data-orig-file=\"https:\/\/www.alqueria.es\/blogs\/alqueriaamarillanaranja\/wp-content\/uploads\/sites\/9\/2012\/05\/dsc_0129.jpg\" data-orig-size=\"1024,768\" data-comments-opened=\"1\" data-image-meta=\"{&quot;aperture&quot;:&quot;0&quot;,&quot;credit&quot;:&quot;&quot;,&quot;camera&quot;:&quot;&quot;,&quot;caption&quot;:&quot;&quot;,&quot;created_timestamp&quot;:&quot;0&quot;,&quot;copyright&quot;:&quot;&quot;,&quot;focal_length&quot;:&quot;0&quot;,&quot;iso&quot;:&quot;0&quot;,&quot;shutter_speed&quot;:&quot;0&quot;,&quot;title&quot;:&quot;&quot;}\" data-image-title=\"DSC_0129\" data-image-description=\"\" data-image-caption=\"\" data-large-file=\"https:\/\/www.alqueria.es\/blogs\/alqueriaamarillanaranja\/wp-content\/uploads\/sites\/9\/2012\/05\/dsc_0129-1024x768.jpg\" class=\"alignleft size-medium wp-image-235\" title=\"DSC_0129\" src=\"https:\/\/cloud.alqueria.es\/wp-content\/uploads\/sites\/9\/2012\/05\/dsc_01291.jpg\" alt=\"\" width=\"300\" height=\"225\" \/><img decoding=\"async\" data-attachment-id=\"238\" data-permalink=\"https:\/\/www.alqueria.es\/blogs\/alqueriaamarillanaranja\/dsc_0132-2\/\" data-orig-file=\"https:\/\/www.alqueria.es\/blogs\/alqueriaamarillanaranja\/wp-content\/uploads\/sites\/9\/2012\/05\/dsc_01321.jpg\" data-orig-size=\"1024,768\" data-comments-opened=\"1\" data-image-meta=\"{&quot;aperture&quot;:&quot;0&quot;,&quot;credit&quot;:&quot;&quot;,&quot;camera&quot;:&quot;&quot;,&quot;caption&quot;:&quot;&quot;,&quot;created_timestamp&quot;:&quot;0&quot;,&quot;copyright&quot;:&quot;&quot;,&quot;focal_length&quot;:&quot;0&quot;,&quot;iso&quot;:&quot;0&quot;,&quot;shutter_speed&quot;:&quot;0&quot;,&quot;title&quot;:&quot;&quot;}\" data-image-title=\"DSC_0132\" data-image-description=\"\" data-image-caption=\"\" data-large-file=\"https:\/\/www.alqueria.es\/blogs\/alqueriaamarillanaranja\/wp-content\/uploads\/sites\/9\/2012\/05\/dsc_01321-1024x768.jpg\" class=\"aligncenter size-medium wp-image-238\" title=\"DSC_0132\" src=\"https:\/\/cloud.alqueria.es\/wp-content\/uploads\/sites\/9\/2012\/05\/dsc_013211.jpg\" alt=\"\" width=\"300\" height=\"225\" \/><img decoding=\"async\" data-attachment-id=\"239\" data-permalink=\"https:\/\/www.alqueria.es\/blogs\/alqueriaamarillanaranja\/dsc_0137\/\" data-orig-file=\"https:\/\/www.alqueria.es\/blogs\/alqueriaamarillanaranja\/wp-content\/uploads\/sites\/9\/2012\/05\/dsc_0137.jpg\" data-orig-size=\"1024,768\" data-comments-opened=\"1\" data-image-meta=\"{&quot;aperture&quot;:&quot;0&quot;,&quot;credit&quot;:&quot;&quot;,&quot;camera&quot;:&quot;&quot;,&quot;caption&quot;:&quot;&quot;,&quot;created_timestamp&quot;:&quot;0&quot;,&quot;copyright&quot;:&quot;&quot;,&quot;focal_length&quot;:&quot;0&quot;,&quot;iso&quot;:&quot;0&quot;,&quot;shutter_speed&quot;:&quot;0&quot;,&quot;title&quot;:&quot;&quot;}\" data-image-title=\"DSC_0137\" data-image-description=\"\" data-image-caption=\"\" data-large-file=\"https:\/\/www.alqueria.es\/blogs\/alqueriaamarillanaranja\/wp-content\/uploads\/sites\/9\/2012\/05\/dsc_0137-1024x768.jpg\" class=\"alignright size-medium wp-image-239\" title=\"DSC_0137\" src=\"https:\/\/cloud.alqueria.es\/wp-content\/uploads\/sites\/9\/2012\/05\/dsc_01371.jpg\" alt=\"\" width=\"300\" height=\"225\" \/><\/p>\n<p style=\"text-align:right\">Loli G\u00e1lvez<\/p>\n","protected":false},"excerpt":{"rendered":"<p>El d\u00eda 5 de Junio es el d\u00eda del Medioambiente y ese d\u00eda nos gusta que nuestros ni\u00f1os y ni\u00f1as puedan llevarse a casa una planta que ellos mismos hayan sembrado y cuidado hasta ese d\u00eda. Con este objetivo hoy realizamos en el huerto un taller de siembra de cal\u00e9ndulas. Nuestro responsable de huerto Juanjo, &hellip; <a href=\"https:\/\/www.alqueria.es\/blogs\/alqueriaamarillanaranja\/2012\/05\/04\/calendulas-para-el-dia-del-medioambiente\/\" class=\"more-link\">Seguir leyendo <span class=\"screen-reader-text\">CAL\u00c9NDULAS PARA EL D\u00cdA DEL MEDIOAMBIENTE<\/span> <span class=\"meta-nav\">&rarr;<\/span><\/a><\/p>\n","protected":false},"author":20,"featured_media":0,"comment_status":"open","ping_status":"open","sticky":false,"template":"","format":"standard","meta":{"jetpack_post_was_ever_published":false,"_jetpack_newsletter_access":"","_jetpack_dont_email_post_to_subs":false,"_jetpack_newsletter_tier_id":0,"_jetpack_memberships_contains_paywalled_content":false,"_jetpack_memberships_contains_paid_content":false,"footnotes":"","jetpack_publicize_message":"","jetpack_publicize_feature_enabled":true,"jetpack_social_post_already_shared":true,"jetpack_social_options":{"image_generator_settings":{"template":"highway","default_image_id":0,"font":"","enabled":false},"version":2}},"categories":[6,21],"tags":[],"class_list":["post-189","post","type-post","status-publish","format-standard","hentry","category-clase-amarilla","category-talleres-medioambientales"],"jetpack_publicize_connections":[],"jetpack_featured_media_url":"","jetpack_sharing_enabled":true,"jetpack_shortlink":"https:\/\/wp.me\/p4lG08-33","jetpack-related-posts":[],"_links":{"self":[{"href":"https:\/\/www.alqueria.es\/blogs\/alqueriaamarillanaranja\/wp-json\/wp\/v2\/posts\/189","targetHints":{"allow":["GET"]}}],"collection":[{"href":"https:\/\/www.alqueria.es\/blogs\/alqueriaamarillanaranja\/wp-json\/wp\/v2\/posts"}],"about":[{"href":"https:\/\/www.alqueria.es\/blogs\/alqueriaamarillanaranja\/wp-json\/wp\/v2\/types\/post"}],"author":[{"embeddable":true,"href":"https:\/\/www.alqueria.es\/blogs\/alqueriaamarillanaranja\/wp-json\/wp\/v2\/users\/20"}],"replies":[{"embeddable":true,"href":"https:\/\/www.alqueria.es\/blogs\/alqueriaamarillanaranja\/wp-json\/wp\/v2\/comments?post=189"}],"version-history":[{"count":0,"href":"https:\/\/www.alqueria.es\/blogs\/alqueriaamarillanaranja\/wp-json\/wp\/v2\/posts\/189\/revisions"}],"wp:attachment":[{"href":"https:\/\/www.alqueria.es\/blogs\/alqueriaamarillanaranja\/wp-json\/wp\/v2\/media?parent=189"}],"wp:term":[{"taxonomy":"category","embeddable":true,"href":"https:\/\/www.alqueria.es\/blogs\/alqueriaamarillanaranja\/wp-json\/wp\/v2\/categories?post=189"},{"taxonomy":"post_tag","embeddable":true,"href":"https:\/\/www.alqueria.es\/blogs\/alqueriaamarillanaranja\/wp-json\/wp\/v2\/tags?post=189"}],"curies":[{"name":"wp","href":"https:\/\/api.w.org\/{rel}","templated":true}]}}