{"id":20012,"date":"2016-04-22T16:59:39","date_gmt":"2016-04-22T14:59:39","guid":{"rendered":"https:\/\/www.alqueria.es\/blogs\/alqueriaamarillanaranja\/?p=20012"},"modified":"2016-04-26T13:40:04","modified_gmt":"2016-04-26T11:40:04","slug":"clausura-semana-de-la-lectura-2","status":"publish","type":"post","link":"https:\/\/www.alqueria.es\/blogs\/alqueriaamarillanaranja\/2016\/04\/22\/clausura-semana-de-la-lectura-2\/","title":{"rendered":"Clausura Semana de la lectura"},"content":{"rendered":"<p><strong><em><span style=\"color: #000000\"><img decoding=\"async\" data-attachment-id=\"20074\" data-permalink=\"https:\/\/www.alqueria.es\/blogs\/alqueriaamarillanaranja\/2016\/04\/22\/clausura-semana-de-la-lectura-2\/6c15868b3c8ac94b32330dad6797e891\/\" data-orig-file=\"https:\/\/www.alqueria.es\/blogs\/alqueriaamarillanaranja\/wp-content\/uploads\/sites\/9\/2016\/04\/6c15868b3c8ac94b32330dad6797e891.jpg\" data-orig-size=\"427,576\" data-comments-opened=\"1\" data-image-meta=\"{&quot;aperture&quot;:&quot;0&quot;,&quot;credit&quot;:&quot;&quot;,&quot;camera&quot;:&quot;&quot;,&quot;caption&quot;:&quot;&quot;,&quot;created_timestamp&quot;:&quot;0&quot;,&quot;copyright&quot;:&quot;&quot;,&quot;focal_length&quot;:&quot;0&quot;,&quot;iso&quot;:&quot;0&quot;,&quot;shutter_speed&quot;:&quot;0&quot;,&quot;title&quot;:&quot;&quot;,&quot;orientation&quot;:&quot;0&quot;}\" data-image-title=\"6c15868b3c8ac94b32330dad6797e891\" data-image-description=\"\" data-image-caption=\"\" data-large-file=\"https:\/\/www.alqueria.es\/blogs\/alqueriaamarillanaranja\/wp-content\/uploads\/sites\/9\/2016\/04\/6c15868b3c8ac94b32330dad6797e891.jpg\" class=\"alignleft wp-image-20074\" src=\"https:\/\/cloud.alqueria.es\/wp-content\/uploads\/sites\/9\/2016\/04\/6c15868b3c8ac94b32330dad6797e891-222x300.jpg\" alt=\"6c15868b3c8ac94b32330dad6797e891\" width=\"210\" height=\"284\" srcset=\"https:\/\/www.alqueria.es\/blogs\/alqueriaamarillanaranja\/wp-content\/uploads\/sites\/9\/2016\/04\/6c15868b3c8ac94b32330dad6797e891-222x300.jpg 222w, https:\/\/www.alqueria.es\/blogs\/alqueriaamarillanaranja\/wp-content\/uploads\/sites\/9\/2016\/04\/6c15868b3c8ac94b32330dad6797e891.jpg 427w\" sizes=\"(max-width: 210px) 100vw, 210px\" \/>Un d\u00eda m\u00e1s, y continuamos con nuestro programa. D\u00eda tras d\u00eda hemos disfrutado con las sorpresas que ten\u00edamos preparadas, con muy buen \u00e1nimo y ganas de participar por parte de tod@s.<\/span><\/em><\/strong><\/p>\n<p><strong><em><span style=\"color: #000000\">Durante esta semana hemos demostrado ser capaces de asistir a diferentes \u00abeventos de mayores\u00bb (teatro, concierto, audiciones, cuenta-cuentos) manteniendo la atenci\u00f3n en todo momento y captando la esencia de cada una de las actividades. \u00a1Muy bien por nuestros amarill@s!, ya son casi, casi&#8230;&#8230;&#8230;.NARANJITAS.<\/span><\/em><\/strong><\/p>\n<p><strong><em><span style=\"color: #000000\">Estas son las actividades en las que hemos participado en la jornada de hoy:<\/span><\/em><\/strong><\/p>\n<p><strong><em><span style=\"color: #ff0000\">1\u00ba.- Comenzamos la ma\u00f1ana con juegos motrices en la clase azul. Elegimos para nuestro juego las pelotas de diferentes tama\u00f1os y unas \u00abrampas\u00bb improvisadas que nos han dado mucho juego.<\/span><\/em><\/strong><\/p>\n<div class=\"tiled-gallery type-rectangular tiled-gallery-unresized\" data-original-width=\"474\" data-carousel-extra='{&quot;blog_id&quot;:9,&quot;permalink&quot;:&quot;https:\\\/\\\/www.alqueria.es\\\/blogs\\\/alqueriaamarillanaranja\\\/2016\\\/04\\\/22\\\/clausura-semana-de-la-lectura-2\\\/&quot;,&quot;likes_blog_id&quot;:64271688}' itemscope itemtype=\"http:\/\/schema.org\/ImageGallery\" > <div class=\"gallery-row\" style=\"width: 474px; height: 135px;\" data-original-width=\"474\" data-original-height=\"135\" > <div class=\"gallery-group images-1\" style=\"width: 237px; height: 135px;\" data-original-width=\"237\" data-original-height=\"135\" > <div class=\"tiled-gallery-item tiled-gallery-item-small\" itemprop=\"associatedMedia\" itemscope itemtype=\"http:\/\/schema.org\/ImageObject\"> <a href=\"https:\/\/www.alqueria.es\/blogs\/alqueriaamarillanaranja\/2016\/04\/22\/clausura-semana-de-la-lectura-2\/20160422_092246\/\" border=\"0\" itemprop=\"url\"> <meta itemprop=\"width\" content=\"233\"> <meta itemprop=\"height\" content=\"131\"> <img decoding=\"async\" class=\"\" data-attachment-id=\"20062\" data-orig-file=\"https:\/\/www.alqueria.es\/blogs\/alqueriaamarillanaranja\/wp-content\/uploads\/sites\/9\/2016\/04\/20160422_092246.jpg\" data-orig-size=\"1024,576\" data-comments-opened=\"1\" data-image-meta=\"{&quot;aperture&quot;:&quot;0&quot;,&quot;credit&quot;:&quot;&quot;,&quot;camera&quot;:&quot;&quot;,&quot;caption&quot;:&quot;&quot;,&quot;created_timestamp&quot;:&quot;0&quot;,&quot;copyright&quot;:&quot;&quot;,&quot;focal_length&quot;:&quot;0&quot;,&quot;iso&quot;:&quot;0&quot;,&quot;shutter_speed&quot;:&quot;0&quot;,&quot;title&quot;:&quot;&quot;,&quot;orientation&quot;:&quot;0&quot;}\" data-image-title=\"20160422_092246\" data-image-description=\"\" data-medium-file=\"https:\/\/www.alqueria.es\/blogs\/alqueriaamarillanaranja\/wp-content\/uploads\/sites\/9\/2016\/04\/20160422_092246-300x169.jpg\" data-large-file=\"https:\/\/www.alqueria.es\/blogs\/alqueriaamarillanaranja\/wp-content\/uploads\/sites\/9\/2016\/04\/20160422_092246-1024x576.jpg\" src=\"https:\/\/i0.wp.com\/www.alqueria.es\/blogs\/alqueriaamarillanaranja\/wp-content\/uploads\/sites\/9\/2016\/04\/20160422_092246.jpg?w=233&#038;h=131&#038;ssl=1\" srcset=\"https:\/\/www.alqueria.es\/blogs\/alqueriaamarillanaranja\/wp-content\/uploads\/sites\/9\/2016\/04\/20160422_092246.jpg 1024w, https:\/\/www.alqueria.es\/blogs\/alqueriaamarillanaranja\/wp-content\/uploads\/sites\/9\/2016\/04\/20160422_092246-300x169.jpg 300w, https:\/\/www.alqueria.es\/blogs\/alqueriaamarillanaranja\/wp-content\/uploads\/sites\/9\/2016\/04\/20160422_092246-768x432.jpg 768w\" width=\"233\" height=\"131\" loading=\"lazy\" data-original-width=\"233\" data-original-height=\"131\" itemprop=\"http:\/\/schema.org\/image\" title=\"20160422_092246\" alt=\"20160422_092246\" style=\"width: 233px; height: 131px;\" \/> <\/a> <\/div> <\/div> <!-- close group --> <div class=\"gallery-group images-1\" style=\"width: 237px; height: 135px;\" data-original-width=\"237\" data-original-height=\"135\" > <div class=\"tiled-gallery-item tiled-gallery-item-small\" itemprop=\"associatedMedia\" itemscope itemtype=\"http:\/\/schema.org\/ImageObject\"> <a href=\"https:\/\/www.alqueria.es\/blogs\/alqueriaamarillanaranja\/2016\/04\/22\/clausura-semana-de-la-lectura-2\/20160422_092300\/\" border=\"0\" itemprop=\"url\"> <meta itemprop=\"width\" content=\"233\"> <meta itemprop=\"height\" content=\"131\"> <img decoding=\"async\" class=\"\" data-attachment-id=\"20063\" data-orig-file=\"https:\/\/www.alqueria.es\/blogs\/alqueriaamarillanaranja\/wp-content\/uploads\/sites\/9\/2016\/04\/20160422_092300.jpg\" data-orig-size=\"1024,576\" data-comments-opened=\"1\" data-image-meta=\"{&quot;aperture&quot;:&quot;0&quot;,&quot;credit&quot;:&quot;&quot;,&quot;camera&quot;:&quot;&quot;,&quot;caption&quot;:&quot;&quot;,&quot;created_timestamp&quot;:&quot;0&quot;,&quot;copyright&quot;:&quot;&quot;,&quot;focal_length&quot;:&quot;0&quot;,&quot;iso&quot;:&quot;0&quot;,&quot;shutter_speed&quot;:&quot;0&quot;,&quot;title&quot;:&quot;&quot;,&quot;orientation&quot;:&quot;0&quot;}\" data-image-title=\"20160422_092300\" data-image-description=\"\" data-medium-file=\"https:\/\/www.alqueria.es\/blogs\/alqueriaamarillanaranja\/wp-content\/uploads\/sites\/9\/2016\/04\/20160422_092300-300x169.jpg\" data-large-file=\"https:\/\/www.alqueria.es\/blogs\/alqueriaamarillanaranja\/wp-content\/uploads\/sites\/9\/2016\/04\/20160422_092300-1024x576.jpg\" src=\"https:\/\/i0.wp.com\/www.alqueria.es\/blogs\/alqueriaamarillanaranja\/wp-content\/uploads\/sites\/9\/2016\/04\/20160422_092300.jpg?w=233&#038;h=131&#038;ssl=1\" srcset=\"https:\/\/www.alqueria.es\/blogs\/alqueriaamarillanaranja\/wp-content\/uploads\/sites\/9\/2016\/04\/20160422_092300.jpg 1024w, https:\/\/www.alqueria.es\/blogs\/alqueriaamarillanaranja\/wp-content\/uploads\/sites\/9\/2016\/04\/20160422_092300-300x169.jpg 300w, https:\/\/www.alqueria.es\/blogs\/alqueriaamarillanaranja\/wp-content\/uploads\/sites\/9\/2016\/04\/20160422_092300-768x432.jpg 768w\" width=\"233\" height=\"131\" loading=\"lazy\" data-original-width=\"233\" data-original-height=\"131\" itemprop=\"http:\/\/schema.org\/image\" title=\"20160422_092300\" alt=\"20160422_092300\" style=\"width: 233px; height: 131px;\" \/> <\/a> <\/div> <\/div> <!-- close group --> <\/div> <!-- close row --> <\/div>\n<p><strong><em><span style=\"color: #339966\">2\u00ba.- Maribel (mam\u00e1 de Marco) nos propone un divertid\u00edsimo CUENTO <img decoding=\"async\" data-attachment-id=\"20069\" data-permalink=\"https:\/\/www.alqueria.es\/blogs\/alqueriaamarillanaranja\/2016\/04\/22\/clausura-semana-de-la-lectura-2\/20160422_113604\/\" data-orig-file=\"https:\/\/www.alqueria.es\/blogs\/alqueriaamarillanaranja\/wp-content\/uploads\/sites\/9\/2016\/04\/20160422_113604.jpg\" data-orig-size=\"1024,576\" data-comments-opened=\"1\" data-image-meta=\"{&quot;aperture&quot;:&quot;0&quot;,&quot;credit&quot;:&quot;&quot;,&quot;camera&quot;:&quot;&quot;,&quot;caption&quot;:&quot;&quot;,&quot;created_timestamp&quot;:&quot;0&quot;,&quot;copyright&quot;:&quot;&quot;,&quot;focal_length&quot;:&quot;0&quot;,&quot;iso&quot;:&quot;0&quot;,&quot;shutter_speed&quot;:&quot;0&quot;,&quot;title&quot;:&quot;&quot;,&quot;orientation&quot;:&quot;0&quot;}\" data-image-title=\"20160422_113604\" data-image-description=\"\" data-image-caption=\"\" data-large-file=\"https:\/\/www.alqueria.es\/blogs\/alqueriaamarillanaranja\/wp-content\/uploads\/sites\/9\/2016\/04\/20160422_113604-1024x576.jpg\" class=\"alignright wp-image-20069 size-medium\" src=\"https:\/\/cloud.alqueria.es\/wp-content\/uploads\/sites\/9\/2016\/04\/20160422_113604-300x169.jpg\" alt=\"20160422_113604\" width=\"300\" height=\"169\" srcset=\"https:\/\/www.alqueria.es\/blogs\/alqueriaamarillanaranja\/wp-content\/uploads\/sites\/9\/2016\/04\/20160422_113604-300x169.jpg 300w, https:\/\/www.alqueria.es\/blogs\/alqueriaamarillanaranja\/wp-content\/uploads\/sites\/9\/2016\/04\/20160422_113604-768x432.jpg 768w, https:\/\/www.alqueria.es\/blogs\/alqueriaamarillanaranja\/wp-content\/uploads\/sites\/9\/2016\/04\/20160422_113604.jpg 1024w\" sizes=\"(max-width: 300px) 100vw, 300px\" \/>MOTOR en el que nos convertimos en \u00abEXPLORADOR@S &#8211; ESCALADOR@S\u00bb y vamos en busca del \u00abGamusino\u00bb perdido (jajjajajaja). Nos hemos metido de lleno en una historia en la que los ni\u00f1os y ni\u00f1as eran los protagonistas; hemos corrido m\u00faltiples peligros, hemos escalado monta\u00f1as, cruzado r\u00edos&#8230;&#8230;&#8230;&#8230;\u00a1hasta hemos sobrevivido a una tormenta!. Pero al final hemos conseguido alcanzar nuestro objetivo: encontramos al gamusino (una gran serpiente con sombrero) y lo llevamos a un \u00e1rbol tranquilo en el que poder dormir. \u00a1Prueba superada!<\/span><\/em><\/strong><\/p>\n<p><strong><em><span style=\"color: #339966\"><img decoding=\"async\" data-attachment-id=\"20073\" data-permalink=\"https:\/\/www.alqueria.es\/blogs\/alqueriaamarillanaranja\/2016\/04\/22\/clausura-semana-de-la-lectura-2\/17d727cf67ead92be2e5458ddb47914b\/\" data-orig-file=\"https:\/\/www.alqueria.es\/blogs\/alqueriaamarillanaranja\/wp-content\/uploads\/sites\/9\/2016\/04\/17d727cf67ead92be2e5458ddb47914b.jpg\" data-orig-size=\"564,564\" data-comments-opened=\"1\" data-image-meta=\"{&quot;aperture&quot;:&quot;0&quot;,&quot;credit&quot;:&quot;&quot;,&quot;camera&quot;:&quot;&quot;,&quot;caption&quot;:&quot;&quot;,&quot;created_timestamp&quot;:&quot;0&quot;,&quot;copyright&quot;:&quot;&quot;,&quot;focal_length&quot;:&quot;0&quot;,&quot;iso&quot;:&quot;0&quot;,&quot;shutter_speed&quot;:&quot;0&quot;,&quot;title&quot;:&quot;&quot;,&quot;orientation&quot;:&quot;0&quot;}\" data-image-title=\"17d727cf67ead92be2e5458ddb47914b\" data-image-description=\"\" data-image-caption=\"\" data-large-file=\"https:\/\/www.alqueria.es\/blogs\/alqueriaamarillanaranja\/wp-content\/uploads\/sites\/9\/2016\/04\/17d727cf67ead92be2e5458ddb47914b.jpg\" class=\"alignleft wp-image-20073\" src=\"https:\/\/cloud.alqueria.es\/wp-content\/uploads\/sites\/9\/2016\/04\/17d727cf67ead92be2e5458ddb47914b-300x300.jpg\" alt=\"17d727cf67ead92be2e5458ddb47914b\" width=\"232\" height=\"232\" srcset=\"https:\/\/www.alqueria.es\/blogs\/alqueriaamarillanaranja\/wp-content\/uploads\/sites\/9\/2016\/04\/17d727cf67ead92be2e5458ddb47914b-300x300.jpg 300w, https:\/\/www.alqueria.es\/blogs\/alqueriaamarillanaranja\/wp-content\/uploads\/sites\/9\/2016\/04\/17d727cf67ead92be2e5458ddb47914b-150x150.jpg 150w, https:\/\/www.alqueria.es\/blogs\/alqueriaamarillanaranja\/wp-content\/uploads\/sites\/9\/2016\/04\/17d727cf67ead92be2e5458ddb47914b.jpg 564w\" sizes=\"(max-width: 232px) 100vw, 232px\" \/>Much\u00edsimas gracias a Maribel por la actividad, el juego, la emoci\u00f3n&#8230;&#8230;&#8230;&#8230;..y los preciosos sombreros que nos ha regalado. Como pod\u00e9is comprobar en las fotos estaban todos content\u00edsimos con sus sombreros.<\/span><\/em><\/strong><\/p>\n<p><strong><em><span style=\"color: #339966\">Aqu\u00ed os dejamos la secuencia fotogr\u00e1fica para que os pod\u00e1is imaginar c\u00f3mo ha sido esta actividad:<\/span><\/em><\/strong><\/p>\n<p class=\"jetpack-slideshow-noscript robots-nocontent\">El pase de diapositivas requiere JavaScript.<\/p><div id=\"gallery-20012-1-slideshow\" class=\"jetpack-slideshow-window jetpack-slideshow jetpack-slideshow-black\" data-trans=\"fade\" data-autostart=\"1\" data-gallery=\"[{&quot;src&quot;:&quot;https:\\\/\\\/www.alqueria.es\\\/blogs\\\/alqueriaamarillanaranja\\\/wp-content\\\/uploads\\\/sites\\\/9\\\/2016\\\/04\\\/20160422_105927.jpg&quot;,&quot;id&quot;:&quot;20026&quot;,&quot;title&quot;:&quot;20160422_105927&quot;,&quot;alt&quot;:&quot;&quot;,&quot;caption&quot;:&quot;&quot;,&quot;itemprop&quot;:&quot;image&quot;},{&quot;src&quot;:&quot;https:\\\/\\\/www.alqueria.es\\\/blogs\\\/alqueriaamarillanaranja\\\/wp-content\\\/uploads\\\/sites\\\/9\\\/2016\\\/04\\\/20160422_105937.jpg&quot;,&quot;id&quot;:&quot;20027&quot;,&quot;title&quot;:&quot;20160422_105937&quot;,&quot;alt&quot;:&quot;&quot;,&quot;caption&quot;:&quot;&quot;,&quot;itemprop&quot;:&quot;image&quot;},{&quot;src&quot;:&quot;https:\\\/\\\/www.alqueria.es\\\/blogs\\\/alqueriaamarillanaranja\\\/wp-content\\\/uploads\\\/sites\\\/9\\\/2016\\\/04\\\/20160422_105948.jpg&quot;,&quot;id&quot;:&quot;20028&quot;,&quot;title&quot;:&quot;20160422_105948&quot;,&quot;alt&quot;:&quot;&quot;,&quot;caption&quot;:&quot;&quot;,&quot;itemprop&quot;:&quot;image&quot;},{&quot;src&quot;:&quot;https:\\\/\\\/www.alqueria.es\\\/blogs\\\/alqueriaamarillanaranja\\\/wp-content\\\/uploads\\\/sites\\\/9\\\/2016\\\/04\\\/20160422_110000.jpg&quot;,&quot;id&quot;:&quot;20029&quot;,&quot;title&quot;:&quot;20160422_110000&quot;,&quot;alt&quot;:&quot;&quot;,&quot;caption&quot;:&quot;&quot;,&quot;itemprop&quot;:&quot;image&quot;},{&quot;src&quot;:&quot;https:\\\/\\\/www.alqueria.es\\\/blogs\\\/alqueriaamarillanaranja\\\/wp-content\\\/uploads\\\/sites\\\/9\\\/2016\\\/04\\\/20160422_110038.jpg&quot;,&quot;id&quot;:&quot;20030&quot;,&quot;title&quot;:&quot;20160422_110038&quot;,&quot;alt&quot;:&quot;&quot;,&quot;caption&quot;:&quot;&quot;,&quot;itemprop&quot;:&quot;image&quot;},{&quot;src&quot;:&quot;https:\\\/\\\/www.alqueria.es\\\/blogs\\\/alqueriaamarillanaranja\\\/wp-content\\\/uploads\\\/sites\\\/9\\\/2016\\\/04\\\/20160422_110057.jpg&quot;,&quot;id&quot;:&quot;20031&quot;,&quot;title&quot;:&quot;20160422_110057&quot;,&quot;alt&quot;:&quot;&quot;,&quot;caption&quot;:&quot;&quot;,&quot;itemprop&quot;:&quot;image&quot;},{&quot;src&quot;:&quot;https:\\\/\\\/www.alqueria.es\\\/blogs\\\/alqueriaamarillanaranja\\\/wp-content\\\/uploads\\\/sites\\\/9\\\/2016\\\/04\\\/20160422_110450.jpg&quot;,&quot;id&quot;:&quot;20032&quot;,&quot;title&quot;:&quot;20160422_110450&quot;,&quot;alt&quot;:&quot;&quot;,&quot;caption&quot;:&quot;&quot;,&quot;itemprop&quot;:&quot;image&quot;},{&quot;src&quot;:&quot;https:\\\/\\\/www.alqueria.es\\\/blogs\\\/alqueriaamarillanaranja\\\/wp-content\\\/uploads\\\/sites\\\/9\\\/2016\\\/04\\\/20160422_110546.jpg&quot;,&quot;id&quot;:&quot;20033&quot;,&quot;title&quot;:&quot;20160422_110546&quot;,&quot;alt&quot;:&quot;&quot;,&quot;caption&quot;:&quot;&quot;,&quot;itemprop&quot;:&quot;image&quot;},{&quot;src&quot;:&quot;https:\\\/\\\/www.alqueria.es\\\/blogs\\\/alqueriaamarillanaranja\\\/wp-content\\\/uploads\\\/sites\\\/9\\\/2016\\\/04\\\/20160422_110611.jpg&quot;,&quot;id&quot;:&quot;20034&quot;,&quot;title&quot;:&quot;20160422_110611&quot;,&quot;alt&quot;:&quot;&quot;,&quot;caption&quot;:&quot;&quot;,&quot;itemprop&quot;:&quot;image&quot;},{&quot;src&quot;:&quot;https:\\\/\\\/www.alqueria.es\\\/blogs\\\/alqueriaamarillanaranja\\\/wp-content\\\/uploads\\\/sites\\\/9\\\/2016\\\/04\\\/20160422_110816.jpg&quot;,&quot;id&quot;:&quot;20035&quot;,&quot;title&quot;:&quot;20160422_110816&quot;,&quot;alt&quot;:&quot;&quot;,&quot;caption&quot;:&quot;&quot;,&quot;itemprop&quot;:&quot;image&quot;},{&quot;src&quot;:&quot;https:\\\/\\\/www.alqueria.es\\\/blogs\\\/alqueriaamarillanaranja\\\/wp-content\\\/uploads\\\/sites\\\/9\\\/2016\\\/04\\\/20160422_110853.jpg&quot;,&quot;id&quot;:&quot;20036&quot;,&quot;title&quot;:&quot;20160422_110853&quot;,&quot;alt&quot;:&quot;&quot;,&quot;caption&quot;:&quot;&quot;,&quot;itemprop&quot;:&quot;image&quot;},{&quot;src&quot;:&quot;https:\\\/\\\/www.alqueria.es\\\/blogs\\\/alqueriaamarillanaranja\\\/wp-content\\\/uploads\\\/sites\\\/9\\\/2016\\\/04\\\/20160422_110919.jpg&quot;,&quot;id&quot;:&quot;20037&quot;,&quot;title&quot;:&quot;20160422_110919&quot;,&quot;alt&quot;:&quot;&quot;,&quot;caption&quot;:&quot;&quot;,&quot;itemprop&quot;:&quot;image&quot;},{&quot;src&quot;:&quot;https:\\\/\\\/www.alqueria.es\\\/blogs\\\/alqueriaamarillanaranja\\\/wp-content\\\/uploads\\\/sites\\\/9\\\/2016\\\/04\\\/20160422_111034.jpg&quot;,&quot;id&quot;:&quot;20038&quot;,&quot;title&quot;:&quot;20160422_111034&quot;,&quot;alt&quot;:&quot;&quot;,&quot;caption&quot;:&quot;&quot;,&quot;itemprop&quot;:&quot;image&quot;},{&quot;src&quot;:&quot;https:\\\/\\\/www.alqueria.es\\\/blogs\\\/alqueriaamarillanaranja\\\/wp-content\\\/uploads\\\/sites\\\/9\\\/2016\\\/04\\\/20160422_111300.jpg&quot;,&quot;id&quot;:&quot;20039&quot;,&quot;title&quot;:&quot;20160422_111300&quot;,&quot;alt&quot;:&quot;&quot;,&quot;caption&quot;:&quot;&quot;,&quot;itemprop&quot;:&quot;image&quot;},{&quot;src&quot;:&quot;https:\\\/\\\/www.alqueria.es\\\/blogs\\\/alqueriaamarillanaranja\\\/wp-content\\\/uploads\\\/sites\\\/9\\\/2016\\\/04\\\/20160422_111351.jpg&quot;,&quot;id&quot;:&quot;20040&quot;,&quot;title&quot;:&quot;20160422_111351&quot;,&quot;alt&quot;:&quot;&quot;,&quot;caption&quot;:&quot;&quot;,&quot;itemprop&quot;:&quot;image&quot;},{&quot;src&quot;:&quot;https:\\\/\\\/www.alqueria.es\\\/blogs\\\/alqueriaamarillanaranja\\\/wp-content\\\/uploads\\\/sites\\\/9\\\/2016\\\/04\\\/20160422_111529.jpg&quot;,&quot;id&quot;:&quot;20041&quot;,&quot;title&quot;:&quot;20160422_111529&quot;,&quot;alt&quot;:&quot;&quot;,&quot;caption&quot;:&quot;&quot;,&quot;itemprop&quot;:&quot;image&quot;},{&quot;src&quot;:&quot;https:\\\/\\\/www.alqueria.es\\\/blogs\\\/alqueriaamarillanaranja\\\/wp-content\\\/uploads\\\/sites\\\/9\\\/2016\\\/04\\\/20160422_111628.jpg&quot;,&quot;id&quot;:&quot;20042&quot;,&quot;title&quot;:&quot;20160422_111628&quot;,&quot;alt&quot;:&quot;&quot;,&quot;caption&quot;:&quot;&quot;,&quot;itemprop&quot;:&quot;image&quot;},{&quot;src&quot;:&quot;https:\\\/\\\/www.alqueria.es\\\/blogs\\\/alqueriaamarillanaranja\\\/wp-content\\\/uploads\\\/sites\\\/9\\\/2016\\\/04\\\/20160422_111633.jpg&quot;,&quot;id&quot;:&quot;20043&quot;,&quot;title&quot;:&quot;20160422_111633&quot;,&quot;alt&quot;:&quot;&quot;,&quot;caption&quot;:&quot;&quot;,&quot;itemprop&quot;:&quot;image&quot;},{&quot;src&quot;:&quot;https:\\\/\\\/www.alqueria.es\\\/blogs\\\/alqueriaamarillanaranja\\\/wp-content\\\/uploads\\\/sites\\\/9\\\/2016\\\/04\\\/20160422_111820.jpg&quot;,&quot;id&quot;:&quot;20044&quot;,&quot;title&quot;:&quot;20160422_111820&quot;,&quot;alt&quot;:&quot;&quot;,&quot;caption&quot;:&quot;&quot;,&quot;itemprop&quot;:&quot;image&quot;},{&quot;src&quot;:&quot;https:\\\/\\\/www.alqueria.es\\\/blogs\\\/alqueriaamarillanaranja\\\/wp-content\\\/uploads\\\/sites\\\/9\\\/2016\\\/04\\\/20160422_111908.jpg&quot;,&quot;id&quot;:&quot;20045&quot;,&quot;title&quot;:&quot;20160422_111908&quot;,&quot;alt&quot;:&quot;&quot;,&quot;caption&quot;:&quot;&quot;,&quot;itemprop&quot;:&quot;image&quot;},{&quot;src&quot;:&quot;https:\\\/\\\/www.alqueria.es\\\/blogs\\\/alqueriaamarillanaranja\\\/wp-content\\\/uploads\\\/sites\\\/9\\\/2016\\\/04\\\/20160422_112008.jpg&quot;,&quot;id&quot;:&quot;20046&quot;,&quot;title&quot;:&quot;20160422_112008&quot;,&quot;alt&quot;:&quot;&quot;,&quot;caption&quot;:&quot;&quot;,&quot;itemprop&quot;:&quot;image&quot;},{&quot;src&quot;:&quot;https:\\\/\\\/www.alqueria.es\\\/blogs\\\/alqueriaamarillanaranja\\\/wp-content\\\/uploads\\\/sites\\\/9\\\/2016\\\/04\\\/20160422_112022.jpg&quot;,&quot;id&quot;:&quot;20047&quot;,&quot;title&quot;:&quot;20160422_112022&quot;,&quot;alt&quot;:&quot;&quot;,&quot;caption&quot;:&quot;&quot;,&quot;itemprop&quot;:&quot;image&quot;},{&quot;src&quot;:&quot;https:\\\/\\\/www.alqueria.es\\\/blogs\\\/alqueriaamarillanaranja\\\/wp-content\\\/uploads\\\/sites\\\/9\\\/2016\\\/04\\\/20160422_112037.jpg&quot;,&quot;id&quot;:&quot;20048&quot;,&quot;title&quot;:&quot;20160422_112037&quot;,&quot;alt&quot;:&quot;&quot;,&quot;caption&quot;:&quot;&quot;,&quot;itemprop&quot;:&quot;image&quot;},{&quot;src&quot;:&quot;https:\\\/\\\/www.alqueria.es\\\/blogs\\\/alqueriaamarillanaranja\\\/wp-content\\\/uploads\\\/sites\\\/9\\\/2016\\\/04\\\/20160422_112312.jpg&quot;,&quot;id&quot;:&quot;20049&quot;,&quot;title&quot;:&quot;20160422_112312&quot;,&quot;alt&quot;:&quot;&quot;,&quot;caption&quot;:&quot;&quot;,&quot;itemprop&quot;:&quot;image&quot;},{&quot;src&quot;:&quot;https:\\\/\\\/www.alqueria.es\\\/blogs\\\/alqueriaamarillanaranja\\\/wp-content\\\/uploads\\\/sites\\\/9\\\/2016\\\/04\\\/20160422_112323.jpg&quot;,&quot;id&quot;:&quot;20050&quot;,&quot;title&quot;:&quot;20160422_112323&quot;,&quot;alt&quot;:&quot;&quot;,&quot;caption&quot;:&quot;&quot;,&quot;itemprop&quot;:&quot;image&quot;},{&quot;src&quot;:&quot;https:\\\/\\\/www.alqueria.es\\\/blogs\\\/alqueriaamarillanaranja\\\/wp-content\\\/uploads\\\/sites\\\/9\\\/2016\\\/04\\\/20160422_112512.jpg&quot;,&quot;id&quot;:&quot;20051&quot;,&quot;title&quot;:&quot;20160422_112512&quot;,&quot;alt&quot;:&quot;&quot;,&quot;caption&quot;:&quot;&quot;,&quot;itemprop&quot;:&quot;image&quot;},{&quot;src&quot;:&quot;https:\\\/\\\/www.alqueria.es\\\/blogs\\\/alqueriaamarillanaranja\\\/wp-content\\\/uploads\\\/sites\\\/9\\\/2016\\\/04\\\/20160422_112530.jpg&quot;,&quot;id&quot;:&quot;20052&quot;,&quot;title&quot;:&quot;20160422_112530&quot;,&quot;alt&quot;:&quot;&quot;,&quot;caption&quot;:&quot;&quot;,&quot;itemprop&quot;:&quot;image&quot;},{&quot;src&quot;:&quot;https:\\\/\\\/www.alqueria.es\\\/blogs\\\/alqueriaamarillanaranja\\\/wp-content\\\/uploads\\\/sites\\\/9\\\/2016\\\/04\\\/20160422_112555.jpg&quot;,&quot;id&quot;:&quot;20053&quot;,&quot;title&quot;:&quot;20160422_112555&quot;,&quot;alt&quot;:&quot;&quot;,&quot;caption&quot;:&quot;&quot;,&quot;itemprop&quot;:&quot;image&quot;},{&quot;src&quot;:&quot;https:\\\/\\\/www.alqueria.es\\\/blogs\\\/alqueriaamarillanaranja\\\/wp-content\\\/uploads\\\/sites\\\/9\\\/2016\\\/04\\\/20160422_112610.jpg&quot;,&quot;id&quot;:&quot;20054&quot;,&quot;title&quot;:&quot;20160422_112610&quot;,&quot;alt&quot;:&quot;&quot;,&quot;caption&quot;:&quot;&quot;,&quot;itemprop&quot;:&quot;image&quot;},{&quot;src&quot;:&quot;https:\\\/\\\/www.alqueria.es\\\/blogs\\\/alqueriaamarillanaranja\\\/wp-content\\\/uploads\\\/sites\\\/9\\\/2016\\\/04\\\/20160422_112647.jpg&quot;,&quot;id&quot;:&quot;20055&quot;,&quot;title&quot;:&quot;20160422_112647&quot;,&quot;alt&quot;:&quot;&quot;,&quot;caption&quot;:&quot;&quot;,&quot;itemprop&quot;:&quot;image&quot;},{&quot;src&quot;:&quot;https:\\\/\\\/www.alqueria.es\\\/blogs\\\/alqueriaamarillanaranja\\\/wp-content\\\/uploads\\\/sites\\\/9\\\/2016\\\/04\\\/20160422_112741.jpg&quot;,&quot;id&quot;:&quot;20056&quot;,&quot;title&quot;:&quot;20160422_112741&quot;,&quot;alt&quot;:&quot;&quot;,&quot;caption&quot;:&quot;&quot;,&quot;itemprop&quot;:&quot;image&quot;},{&quot;src&quot;:&quot;https:\\\/\\\/www.alqueria.es\\\/blogs\\\/alqueriaamarillanaranja\\\/wp-content\\\/uploads\\\/sites\\\/9\\\/2016\\\/04\\\/20160422_112757.jpg&quot;,&quot;id&quot;:&quot;20057&quot;,&quot;title&quot;:&quot;20160422_112757&quot;,&quot;alt&quot;:&quot;&quot;,&quot;caption&quot;:&quot;&quot;,&quot;itemprop&quot;:&quot;image&quot;},{&quot;src&quot;:&quot;https:\\\/\\\/www.alqueria.es\\\/blogs\\\/alqueriaamarillanaranja\\\/wp-content\\\/uploads\\\/sites\\\/9\\\/2016\\\/04\\\/20160422_112850.jpg&quot;,&quot;id&quot;:&quot;20058&quot;,&quot;title&quot;:&quot;20160422_112850&quot;,&quot;alt&quot;:&quot;&quot;,&quot;caption&quot;:&quot;&quot;,&quot;itemprop&quot;:&quot;image&quot;},{&quot;src&quot;:&quot;https:\\\/\\\/www.alqueria.es\\\/blogs\\\/alqueriaamarillanaranja\\\/wp-content\\\/uploads\\\/sites\\\/9\\\/2016\\\/04\\\/20160422_112902.jpg&quot;,&quot;id&quot;:&quot;20059&quot;,&quot;title&quot;:&quot;20160422_112902&quot;,&quot;alt&quot;:&quot;&quot;,&quot;caption&quot;:&quot;&quot;,&quot;itemprop&quot;:&quot;image&quot;},{&quot;src&quot;:&quot;https:\\\/\\\/www.alqueria.es\\\/blogs\\\/alqueriaamarillanaranja\\\/wp-content\\\/uploads\\\/sites\\\/9\\\/2016\\\/04\\\/20160422_112913.jpg&quot;,&quot;id&quot;:&quot;20060&quot;,&quot;title&quot;:&quot;20160422_112913&quot;,&quot;alt&quot;:&quot;&quot;,&quot;caption&quot;:&quot;&quot;,&quot;itemprop&quot;:&quot;image&quot;}]\" itemscope itemtype=\"https:\/\/schema.org\/ImageGallery\"><\/div>\n<p><strong><em><span style=\"color: #800080\">3\u00ba.- Presentaci\u00f3n de los libros tra\u00eddos por los ni\u00f1os y ni\u00f1as para la biblioteca del aula. Con esta actividad, \u00abUn libro, una flor\u00bb, aprendemos a compartir algo \u00abnuestro\u00bb (que traemos de casa) con el resto del grupo. A cambio, como en el d\u00eda de San Jordi, esta tarde podremos llevarnos a casa nuestras preciosas flores. \u00a1Los libros son preciosos!<\/span><\/em><\/strong><\/p>\n<div class=\"tiled-gallery type-rectangular tiled-gallery-unresized\" data-original-width=\"474\" data-carousel-extra='{&quot;blog_id&quot;:9,&quot;permalink&quot;:&quot;https:\\\/\\\/www.alqueria.es\\\/blogs\\\/alqueriaamarillanaranja\\\/2016\\\/04\\\/22\\\/clausura-semana-de-la-lectura-2\\\/&quot;,&quot;likes_blog_id&quot;:64271688}' itemscope itemtype=\"http:\/\/schema.org\/ImageGallery\" > <div class=\"gallery-row\" style=\"width: 474px; height: 135px;\" data-original-width=\"474\" data-original-height=\"135\" > <div class=\"gallery-group images-1\" style=\"width: 237px; height: 135px;\" data-original-width=\"237\" data-original-height=\"135\" > <div class=\"tiled-gallery-item tiled-gallery-item-small\" itemprop=\"associatedMedia\" itemscope itemtype=\"http:\/\/schema.org\/ImageObject\"> <a href=\"https:\/\/www.alqueria.es\/blogs\/alqueriaamarillanaranja\/2016\/04\/22\/clausura-semana-de-la-lectura-2\/20160422_120234\/\" border=\"0\" itemprop=\"url\"> <meta itemprop=\"width\" content=\"233\"> <meta itemprop=\"height\" content=\"131\"> <img decoding=\"async\" class=\"\" data-attachment-id=\"20065\" data-orig-file=\"https:\/\/www.alqueria.es\/blogs\/alqueriaamarillanaranja\/wp-content\/uploads\/sites\/9\/2016\/04\/20160422_120234.jpg\" data-orig-size=\"1024,576\" data-comments-opened=\"1\" data-image-meta=\"{&quot;aperture&quot;:&quot;0&quot;,&quot;credit&quot;:&quot;&quot;,&quot;camera&quot;:&quot;&quot;,&quot;caption&quot;:&quot;&quot;,&quot;created_timestamp&quot;:&quot;0&quot;,&quot;copyright&quot;:&quot;&quot;,&quot;focal_length&quot;:&quot;0&quot;,&quot;iso&quot;:&quot;0&quot;,&quot;shutter_speed&quot;:&quot;0&quot;,&quot;title&quot;:&quot;&quot;,&quot;orientation&quot;:&quot;0&quot;}\" data-image-title=\"20160422_120234\" data-image-description=\"\" data-medium-file=\"https:\/\/www.alqueria.es\/blogs\/alqueriaamarillanaranja\/wp-content\/uploads\/sites\/9\/2016\/04\/20160422_120234-300x169.jpg\" data-large-file=\"https:\/\/www.alqueria.es\/blogs\/alqueriaamarillanaranja\/wp-content\/uploads\/sites\/9\/2016\/04\/20160422_120234-1024x576.jpg\" src=\"https:\/\/i0.wp.com\/www.alqueria.es\/blogs\/alqueriaamarillanaranja\/wp-content\/uploads\/sites\/9\/2016\/04\/20160422_120234.jpg?w=233&#038;h=131&#038;ssl=1\" srcset=\"https:\/\/www.alqueria.es\/blogs\/alqueriaamarillanaranja\/wp-content\/uploads\/sites\/9\/2016\/04\/20160422_120234.jpg 1024w, https:\/\/www.alqueria.es\/blogs\/alqueriaamarillanaranja\/wp-content\/uploads\/sites\/9\/2016\/04\/20160422_120234-300x169.jpg 300w, https:\/\/www.alqueria.es\/blogs\/alqueriaamarillanaranja\/wp-content\/uploads\/sites\/9\/2016\/04\/20160422_120234-768x432.jpg 768w\" width=\"233\" height=\"131\" loading=\"lazy\" data-original-width=\"233\" data-original-height=\"131\" itemprop=\"http:\/\/schema.org\/image\" title=\"20160422_120234\" alt=\"20160422_120234\" style=\"width: 233px; height: 131px;\" \/> <\/a> <\/div> <\/div> <!-- close group --> <div class=\"gallery-group images-1\" style=\"width: 237px; height: 135px;\" data-original-width=\"237\" data-original-height=\"135\" > <div class=\"tiled-gallery-item tiled-gallery-item-small\" itemprop=\"associatedMedia\" itemscope itemtype=\"http:\/\/schema.org\/ImageObject\"> <a href=\"https:\/\/www.alqueria.es\/blogs\/alqueriaamarillanaranja\/2016\/04\/22\/clausura-semana-de-la-lectura-2\/20160422_120342\/\" border=\"0\" itemprop=\"url\"> <meta itemprop=\"width\" content=\"233\"> <meta itemprop=\"height\" content=\"131\"> <img decoding=\"async\" class=\"\" data-attachment-id=\"20066\" data-orig-file=\"https:\/\/www.alqueria.es\/blogs\/alqueriaamarillanaranja\/wp-content\/uploads\/sites\/9\/2016\/04\/20160422_120342.jpg\" data-orig-size=\"1024,576\" data-comments-opened=\"1\" data-image-meta=\"{&quot;aperture&quot;:&quot;0&quot;,&quot;credit&quot;:&quot;&quot;,&quot;camera&quot;:&quot;&quot;,&quot;caption&quot;:&quot;&quot;,&quot;created_timestamp&quot;:&quot;0&quot;,&quot;copyright&quot;:&quot;&quot;,&quot;focal_length&quot;:&quot;0&quot;,&quot;iso&quot;:&quot;0&quot;,&quot;shutter_speed&quot;:&quot;0&quot;,&quot;title&quot;:&quot;&quot;,&quot;orientation&quot;:&quot;0&quot;}\" data-image-title=\"20160422_120342\" data-image-description=\"\" data-medium-file=\"https:\/\/www.alqueria.es\/blogs\/alqueriaamarillanaranja\/wp-content\/uploads\/sites\/9\/2016\/04\/20160422_120342-300x169.jpg\" data-large-file=\"https:\/\/www.alqueria.es\/blogs\/alqueriaamarillanaranja\/wp-content\/uploads\/sites\/9\/2016\/04\/20160422_120342-1024x576.jpg\" src=\"https:\/\/i0.wp.com\/www.alqueria.es\/blogs\/alqueriaamarillanaranja\/wp-content\/uploads\/sites\/9\/2016\/04\/20160422_120342.jpg?w=233&#038;h=131&#038;ssl=1\" srcset=\"https:\/\/www.alqueria.es\/blogs\/alqueriaamarillanaranja\/wp-content\/uploads\/sites\/9\/2016\/04\/20160422_120342.jpg 1024w, https:\/\/www.alqueria.es\/blogs\/alqueriaamarillanaranja\/wp-content\/uploads\/sites\/9\/2016\/04\/20160422_120342-300x169.jpg 300w, https:\/\/www.alqueria.es\/blogs\/alqueriaamarillanaranja\/wp-content\/uploads\/sites\/9\/2016\/04\/20160422_120342-768x432.jpg 768w\" width=\"233\" height=\"131\" loading=\"lazy\" data-original-width=\"233\" data-original-height=\"131\" itemprop=\"http:\/\/schema.org\/image\" title=\"20160422_120342\" alt=\"20160422_120342\" style=\"width: 233px; height: 131px;\" \/> <\/a> <\/div> <\/div> <!-- close group --> <\/div> <!-- close row --> <div class=\"gallery-row\" style=\"width: 474px; height: 268px;\" data-original-width=\"474\" data-original-height=\"268\" > <div class=\"gallery-group images-1\" style=\"width: 474px; height: 268px;\" data-original-width=\"474\" data-original-height=\"268\" > <div class=\"tiled-gallery-item tiled-gallery-item-large\" itemprop=\"associatedMedia\" itemscope itemtype=\"http:\/\/schema.org\/ImageObject\"> <a href=\"https:\/\/www.alqueria.es\/blogs\/alqueriaamarillanaranja\/2016\/04\/22\/clausura-semana-de-la-lectura-2\/20160422_120352\/\" border=\"0\" itemprop=\"url\"> <meta itemprop=\"width\" content=\"470\"> <meta itemprop=\"height\" content=\"264\"> <img decoding=\"async\" class=\"\" data-attachment-id=\"20067\" data-orig-file=\"https:\/\/www.alqueria.es\/blogs\/alqueriaamarillanaranja\/wp-content\/uploads\/sites\/9\/2016\/04\/20160422_120352.jpg\" data-orig-size=\"1024,576\" data-comments-opened=\"1\" data-image-meta=\"{&quot;aperture&quot;:&quot;0&quot;,&quot;credit&quot;:&quot;&quot;,&quot;camera&quot;:&quot;&quot;,&quot;caption&quot;:&quot;&quot;,&quot;created_timestamp&quot;:&quot;0&quot;,&quot;copyright&quot;:&quot;&quot;,&quot;focal_length&quot;:&quot;0&quot;,&quot;iso&quot;:&quot;0&quot;,&quot;shutter_speed&quot;:&quot;0&quot;,&quot;title&quot;:&quot;&quot;,&quot;orientation&quot;:&quot;0&quot;}\" data-image-title=\"20160422_120352\" data-image-description=\"\" data-medium-file=\"https:\/\/www.alqueria.es\/blogs\/alqueriaamarillanaranja\/wp-content\/uploads\/sites\/9\/2016\/04\/20160422_120352-300x169.jpg\" data-large-file=\"https:\/\/www.alqueria.es\/blogs\/alqueriaamarillanaranja\/wp-content\/uploads\/sites\/9\/2016\/04\/20160422_120352-1024x576.jpg\" src=\"https:\/\/i0.wp.com\/www.alqueria.es\/blogs\/alqueriaamarillanaranja\/wp-content\/uploads\/sites\/9\/2016\/04\/20160422_120352.jpg?w=470&#038;h=264&#038;ssl=1\" srcset=\"https:\/\/www.alqueria.es\/blogs\/alqueriaamarillanaranja\/wp-content\/uploads\/sites\/9\/2016\/04\/20160422_120352.jpg 1024w, https:\/\/www.alqueria.es\/blogs\/alqueriaamarillanaranja\/wp-content\/uploads\/sites\/9\/2016\/04\/20160422_120352-300x169.jpg 300w, https:\/\/www.alqueria.es\/blogs\/alqueriaamarillanaranja\/wp-content\/uploads\/sites\/9\/2016\/04\/20160422_120352-768x432.jpg 768w\" width=\"470\" height=\"264\" loading=\"lazy\" data-original-width=\"470\" data-original-height=\"264\" itemprop=\"http:\/\/schema.org\/image\" title=\"20160422_120352\" alt=\"20160422_120352\" style=\"width: 470px; height: 264px;\" \/> <\/a> <\/div> <\/div> <!-- close group --> <\/div> <!-- close row --> <\/div>\n<div class=\"tiled-gallery type-rectangular tiled-gallery-unresized\" data-original-width=\"474\" data-carousel-extra='{&quot;blog_id&quot;:9,&quot;permalink&quot;:&quot;https:\\\/\\\/www.alqueria.es\\\/blogs\\\/alqueriaamarillanaranja\\\/2016\\\/04\\\/22\\\/clausura-semana-de-la-lectura-2\\\/&quot;,&quot;likes_blog_id&quot;:64271688}' itemscope itemtype=\"http:\/\/schema.org\/ImageGallery\" > <div class=\"gallery-row\" style=\"width: 474px; height: 135px;\" data-original-width=\"474\" data-original-height=\"135\" > <div class=\"gallery-group images-1\" style=\"width: 237px; height: 135px;\" data-original-width=\"237\" data-original-height=\"135\" > <div class=\"tiled-gallery-item tiled-gallery-item-small\" itemprop=\"associatedMedia\" itemscope itemtype=\"http:\/\/schema.org\/ImageObject\"> <a href=\"https:\/\/www.alqueria.es\/blogs\/alqueriaamarillanaranja\/2016\/04\/22\/clausura-semana-de-la-lectura-2\/20160422_154703\/\" border=\"0\" itemprop=\"url\"> <meta itemprop=\"width\" content=\"233\"> <meta itemprop=\"height\" content=\"131\"> <img decoding=\"async\" class=\"\" data-attachment-id=\"20091\" data-orig-file=\"https:\/\/www.alqueria.es\/blogs\/alqueriaamarillanaranja\/wp-content\/uploads\/sites\/9\/2016\/04\/20160422_154703.jpg\" data-orig-size=\"1024,576\" data-comments-opened=\"1\" data-image-meta=\"{&quot;aperture&quot;:&quot;0&quot;,&quot;credit&quot;:&quot;&quot;,&quot;camera&quot;:&quot;&quot;,&quot;caption&quot;:&quot;&quot;,&quot;created_timestamp&quot;:&quot;0&quot;,&quot;copyright&quot;:&quot;&quot;,&quot;focal_length&quot;:&quot;0&quot;,&quot;iso&quot;:&quot;0&quot;,&quot;shutter_speed&quot;:&quot;0&quot;,&quot;title&quot;:&quot;&quot;,&quot;orientation&quot;:&quot;0&quot;}\" data-image-title=\"20160422_154703\" data-image-description=\"\" data-medium-file=\"https:\/\/www.alqueria.es\/blogs\/alqueriaamarillanaranja\/wp-content\/uploads\/sites\/9\/2016\/04\/20160422_154703-300x169.jpg\" data-large-file=\"https:\/\/www.alqueria.es\/blogs\/alqueriaamarillanaranja\/wp-content\/uploads\/sites\/9\/2016\/04\/20160422_154703-1024x576.jpg\" src=\"https:\/\/i0.wp.com\/www.alqueria.es\/blogs\/alqueriaamarillanaranja\/wp-content\/uploads\/sites\/9\/2016\/04\/20160422_154703.jpg?w=233&#038;h=131&#038;ssl=1\" srcset=\"https:\/\/www.alqueria.es\/blogs\/alqueriaamarillanaranja\/wp-content\/uploads\/sites\/9\/2016\/04\/20160422_154703.jpg 1024w, https:\/\/www.alqueria.es\/blogs\/alqueriaamarillanaranja\/wp-content\/uploads\/sites\/9\/2016\/04\/20160422_154703-300x169.jpg 300w, https:\/\/www.alqueria.es\/blogs\/alqueriaamarillanaranja\/wp-content\/uploads\/sites\/9\/2016\/04\/20160422_154703-768x432.jpg 768w\" width=\"233\" height=\"131\" loading=\"lazy\" data-original-width=\"233\" data-original-height=\"131\" itemprop=\"http:\/\/schema.org\/image\" title=\"20160422_154703\" alt=\"20160422_154703\" style=\"width: 233px; height: 131px;\" \/> <\/a> <\/div> <\/div> <!-- close group --> <div class=\"gallery-group images-1\" style=\"width: 237px; height: 135px;\" data-original-width=\"237\" data-original-height=\"135\" > <div class=\"tiled-gallery-item tiled-gallery-item-small\" itemprop=\"associatedMedia\" itemscope itemtype=\"http:\/\/schema.org\/ImageObject\"> <a href=\"https:\/\/www.alqueria.es\/blogs\/alqueriaamarillanaranja\/2016\/04\/22\/clausura-semana-de-la-lectura-2\/20160422_154806\/\" border=\"0\" itemprop=\"url\"> <meta itemprop=\"width\" content=\"233\"> <meta itemprop=\"height\" content=\"131\"> <img decoding=\"async\" class=\"\" data-attachment-id=\"20092\" data-orig-file=\"https:\/\/www.alqueria.es\/blogs\/alqueriaamarillanaranja\/wp-content\/uploads\/sites\/9\/2016\/04\/20160422_154806.jpg\" data-orig-size=\"1024,576\" data-comments-opened=\"1\" data-image-meta=\"{&quot;aperture&quot;:&quot;0&quot;,&quot;credit&quot;:&quot;&quot;,&quot;camera&quot;:&quot;&quot;,&quot;caption&quot;:&quot;&quot;,&quot;created_timestamp&quot;:&quot;0&quot;,&quot;copyright&quot;:&quot;&quot;,&quot;focal_length&quot;:&quot;0&quot;,&quot;iso&quot;:&quot;0&quot;,&quot;shutter_speed&quot;:&quot;0&quot;,&quot;title&quot;:&quot;&quot;,&quot;orientation&quot;:&quot;0&quot;}\" data-image-title=\"20160422_154806\" data-image-description=\"\" data-medium-file=\"https:\/\/www.alqueria.es\/blogs\/alqueriaamarillanaranja\/wp-content\/uploads\/sites\/9\/2016\/04\/20160422_154806-300x169.jpg\" data-large-file=\"https:\/\/www.alqueria.es\/blogs\/alqueriaamarillanaranja\/wp-content\/uploads\/sites\/9\/2016\/04\/20160422_154806-1024x576.jpg\" src=\"https:\/\/i0.wp.com\/www.alqueria.es\/blogs\/alqueriaamarillanaranja\/wp-content\/uploads\/sites\/9\/2016\/04\/20160422_154806.jpg?w=233&#038;h=131&#038;ssl=1\" srcset=\"https:\/\/www.alqueria.es\/blogs\/alqueriaamarillanaranja\/wp-content\/uploads\/sites\/9\/2016\/04\/20160422_154806.jpg 1024w, https:\/\/www.alqueria.es\/blogs\/alqueriaamarillanaranja\/wp-content\/uploads\/sites\/9\/2016\/04\/20160422_154806-300x169.jpg 300w, https:\/\/www.alqueria.es\/blogs\/alqueriaamarillanaranja\/wp-content\/uploads\/sites\/9\/2016\/04\/20160422_154806-768x432.jpg 768w\" width=\"233\" height=\"131\" loading=\"lazy\" data-original-width=\"233\" data-original-height=\"131\" itemprop=\"http:\/\/schema.org\/image\" title=\"20160422_154806\" alt=\"20160422_154806\" style=\"width: 233px; height: 131px;\" \/> <\/a> <\/div> <\/div> <!-- close group --> <\/div> <!-- close row --> <\/div>\n<p><strong><em><span style=\"color: #99cc00\">4\u00ba.- Asistimos a la representaci\u00f3n de mini-sketchs en ingl\u00e9s y franc\u00e9s, que nos presentan los ni\u00f1os y ni\u00f1as de los grupos de quinto y sexto de Primaria. Tratan situaciones muy simp\u00e1ticas y captan nuestra atenci\u00f3n por completo. \u00a1Gracias chic@s!<\/span><\/em><\/strong><\/p>\n<div class=\"tiled-gallery type-rectangular tiled-gallery-unresized\" data-original-width=\"474\" data-carousel-extra='{&quot;blog_id&quot;:9,&quot;permalink&quot;:&quot;https:\\\/\\\/www.alqueria.es\\\/blogs\\\/alqueriaamarillanaranja\\\/2016\\\/04\\\/22\\\/clausura-semana-de-la-lectura-2\\\/&quot;,&quot;likes_blog_id&quot;:64271688}' itemscope itemtype=\"http:\/\/schema.org\/ImageGallery\" > <div class=\"gallery-row\" style=\"width: 474px; height: 135px;\" data-original-width=\"474\" data-original-height=\"135\" > <div class=\"gallery-group images-1\" style=\"width: 237px; height: 135px;\" data-original-width=\"237\" data-original-height=\"135\" > <div class=\"tiled-gallery-item tiled-gallery-item-small\" itemprop=\"associatedMedia\" itemscope itemtype=\"http:\/\/schema.org\/ImageObject\"> <a href=\"https:\/\/www.alqueria.es\/blogs\/alqueriaamarillanaranja\/2016\/04\/22\/clausura-semana-de-la-lectura-2\/20160422_155500\/\" border=\"0\" itemprop=\"url\"> <meta itemprop=\"width\" content=\"233\"> <meta itemprop=\"height\" content=\"131\"> <img decoding=\"async\" class=\"\" data-attachment-id=\"20087\" data-orig-file=\"https:\/\/www.alqueria.es\/blogs\/alqueriaamarillanaranja\/wp-content\/uploads\/sites\/9\/2016\/04\/20160422_155500.jpg\" data-orig-size=\"1024,576\" data-comments-opened=\"1\" data-image-meta=\"{&quot;aperture&quot;:&quot;0&quot;,&quot;credit&quot;:&quot;&quot;,&quot;camera&quot;:&quot;&quot;,&quot;caption&quot;:&quot;&quot;,&quot;created_timestamp&quot;:&quot;0&quot;,&quot;copyright&quot;:&quot;&quot;,&quot;focal_length&quot;:&quot;0&quot;,&quot;iso&quot;:&quot;0&quot;,&quot;shutter_speed&quot;:&quot;0&quot;,&quot;title&quot;:&quot;&quot;,&quot;orientation&quot;:&quot;0&quot;}\" data-image-title=\"20160422_155500\" data-image-description=\"\" data-medium-file=\"https:\/\/www.alqueria.es\/blogs\/alqueriaamarillanaranja\/wp-content\/uploads\/sites\/9\/2016\/04\/20160422_155500-300x169.jpg\" data-large-file=\"https:\/\/www.alqueria.es\/blogs\/alqueriaamarillanaranja\/wp-content\/uploads\/sites\/9\/2016\/04\/20160422_155500-1024x576.jpg\" src=\"https:\/\/i0.wp.com\/www.alqueria.es\/blogs\/alqueriaamarillanaranja\/wp-content\/uploads\/sites\/9\/2016\/04\/20160422_155500.jpg?w=233&#038;h=131&#038;ssl=1\" srcset=\"https:\/\/www.alqueria.es\/blogs\/alqueriaamarillanaranja\/wp-content\/uploads\/sites\/9\/2016\/04\/20160422_155500.jpg 1024w, https:\/\/www.alqueria.es\/blogs\/alqueriaamarillanaranja\/wp-content\/uploads\/sites\/9\/2016\/04\/20160422_155500-300x169.jpg 300w, https:\/\/www.alqueria.es\/blogs\/alqueriaamarillanaranja\/wp-content\/uploads\/sites\/9\/2016\/04\/20160422_155500-768x432.jpg 768w\" width=\"233\" height=\"131\" loading=\"lazy\" data-original-width=\"233\" data-original-height=\"131\" itemprop=\"http:\/\/schema.org\/image\" title=\"20160422_155500\" alt=\"20160422_155500\" style=\"width: 233px; height: 131px;\" \/> <\/a> <\/div> <\/div> <!-- close group --> <div class=\"gallery-group images-1\" style=\"width: 237px; height: 135px;\" data-original-width=\"237\" data-original-height=\"135\" > <div class=\"tiled-gallery-item tiled-gallery-item-small\" itemprop=\"associatedMedia\" itemscope itemtype=\"http:\/\/schema.org\/ImageObject\"> <a href=\"https:\/\/www.alqueria.es\/blogs\/alqueriaamarillanaranja\/2016\/04\/22\/clausura-semana-de-la-lectura-2\/20160422_155516\/\" border=\"0\" itemprop=\"url\"> <meta itemprop=\"width\" content=\"233\"> <meta itemprop=\"height\" content=\"131\"> <img decoding=\"async\" class=\"\" data-attachment-id=\"20088\" data-orig-file=\"https:\/\/www.alqueria.es\/blogs\/alqueriaamarillanaranja\/wp-content\/uploads\/sites\/9\/2016\/04\/20160422_155516.jpg\" data-orig-size=\"1024,576\" data-comments-opened=\"1\" data-image-meta=\"{&quot;aperture&quot;:&quot;0&quot;,&quot;credit&quot;:&quot;&quot;,&quot;camera&quot;:&quot;&quot;,&quot;caption&quot;:&quot;&quot;,&quot;created_timestamp&quot;:&quot;0&quot;,&quot;copyright&quot;:&quot;&quot;,&quot;focal_length&quot;:&quot;0&quot;,&quot;iso&quot;:&quot;0&quot;,&quot;shutter_speed&quot;:&quot;0&quot;,&quot;title&quot;:&quot;&quot;,&quot;orientation&quot;:&quot;0&quot;}\" data-image-title=\"20160422_155516\" data-image-description=\"\" data-medium-file=\"https:\/\/www.alqueria.es\/blogs\/alqueriaamarillanaranja\/wp-content\/uploads\/sites\/9\/2016\/04\/20160422_155516-300x169.jpg\" data-large-file=\"https:\/\/www.alqueria.es\/blogs\/alqueriaamarillanaranja\/wp-content\/uploads\/sites\/9\/2016\/04\/20160422_155516-1024x576.jpg\" src=\"https:\/\/i0.wp.com\/www.alqueria.es\/blogs\/alqueriaamarillanaranja\/wp-content\/uploads\/sites\/9\/2016\/04\/20160422_155516.jpg?w=233&#038;h=131&#038;ssl=1\" srcset=\"https:\/\/www.alqueria.es\/blogs\/alqueriaamarillanaranja\/wp-content\/uploads\/sites\/9\/2016\/04\/20160422_155516.jpg 1024w, https:\/\/www.alqueria.es\/blogs\/alqueriaamarillanaranja\/wp-content\/uploads\/sites\/9\/2016\/04\/20160422_155516-300x169.jpg 300w, https:\/\/www.alqueria.es\/blogs\/alqueriaamarillanaranja\/wp-content\/uploads\/sites\/9\/2016\/04\/20160422_155516-768x432.jpg 768w\" width=\"233\" height=\"131\" loading=\"lazy\" data-original-width=\"233\" data-original-height=\"131\" itemprop=\"http:\/\/schema.org\/image\" title=\"20160422_155516\" alt=\"20160422_155516\" style=\"width: 233px; height: 131px;\" \/> <\/a> <\/div> <\/div> <!-- close group --> <\/div> <!-- close row --> <div class=\"gallery-row\" style=\"width: 474px; height: 135px;\" data-original-width=\"474\" data-original-height=\"135\" > <div class=\"gallery-group images-1\" style=\"width: 237px; height: 135px;\" data-original-width=\"237\" data-original-height=\"135\" > <div class=\"tiled-gallery-item tiled-gallery-item-small\" itemprop=\"associatedMedia\" itemscope itemtype=\"http:\/\/schema.org\/ImageObject\"> <a href=\"https:\/\/www.alqueria.es\/blogs\/alqueriaamarillanaranja\/2016\/04\/22\/clausura-semana-de-la-lectura-2\/20160422_160912\/\" border=\"0\" itemprop=\"url\"> <meta itemprop=\"width\" content=\"233\"> <meta itemprop=\"height\" content=\"131\"> <img decoding=\"async\" class=\"\" data-attachment-id=\"20089\" data-orig-file=\"https:\/\/www.alqueria.es\/blogs\/alqueriaamarillanaranja\/wp-content\/uploads\/sites\/9\/2016\/04\/20160422_160912.jpg\" data-orig-size=\"1024,576\" data-comments-opened=\"1\" data-image-meta=\"{&quot;aperture&quot;:&quot;0&quot;,&quot;credit&quot;:&quot;&quot;,&quot;camera&quot;:&quot;&quot;,&quot;caption&quot;:&quot;&quot;,&quot;created_timestamp&quot;:&quot;0&quot;,&quot;copyright&quot;:&quot;&quot;,&quot;focal_length&quot;:&quot;0&quot;,&quot;iso&quot;:&quot;0&quot;,&quot;shutter_speed&quot;:&quot;0&quot;,&quot;title&quot;:&quot;&quot;,&quot;orientation&quot;:&quot;0&quot;}\" data-image-title=\"20160422_160912\" data-image-description=\"\" data-medium-file=\"https:\/\/www.alqueria.es\/blogs\/alqueriaamarillanaranja\/wp-content\/uploads\/sites\/9\/2016\/04\/20160422_160912-300x169.jpg\" data-large-file=\"https:\/\/www.alqueria.es\/blogs\/alqueriaamarillanaranja\/wp-content\/uploads\/sites\/9\/2016\/04\/20160422_160912-1024x576.jpg\" src=\"https:\/\/i0.wp.com\/www.alqueria.es\/blogs\/alqueriaamarillanaranja\/wp-content\/uploads\/sites\/9\/2016\/04\/20160422_160912.jpg?w=233&#038;h=131&#038;ssl=1\" srcset=\"https:\/\/www.alqueria.es\/blogs\/alqueriaamarillanaranja\/wp-content\/uploads\/sites\/9\/2016\/04\/20160422_160912.jpg 1024w, https:\/\/www.alqueria.es\/blogs\/alqueriaamarillanaranja\/wp-content\/uploads\/sites\/9\/2016\/04\/20160422_160912-300x169.jpg 300w, https:\/\/www.alqueria.es\/blogs\/alqueriaamarillanaranja\/wp-content\/uploads\/sites\/9\/2016\/04\/20160422_160912-768x432.jpg 768w\" width=\"233\" height=\"131\" loading=\"lazy\" data-original-width=\"233\" data-original-height=\"131\" itemprop=\"http:\/\/schema.org\/image\" title=\"20160422_160912\" alt=\"20160422_160912\" style=\"width: 233px; height: 131px;\" \/> <\/a> <\/div> <\/div> <!-- close group --> <div class=\"gallery-group images-1\" style=\"width: 237px; height: 135px;\" data-original-width=\"237\" data-original-height=\"135\" > <div class=\"tiled-gallery-item tiled-gallery-item-small\" itemprop=\"associatedMedia\" itemscope itemtype=\"http:\/\/schema.org\/ImageObject\"> <a href=\"https:\/\/www.alqueria.es\/blogs\/alqueriaamarillanaranja\/2016\/04\/22\/clausura-semana-de-la-lectura-2\/20160422_160932\/\" border=\"0\" itemprop=\"url\"> <meta itemprop=\"width\" content=\"233\"> <meta itemprop=\"height\" content=\"131\"> <img decoding=\"async\" class=\"\" data-attachment-id=\"20090\" data-orig-file=\"https:\/\/www.alqueria.es\/blogs\/alqueriaamarillanaranja\/wp-content\/uploads\/sites\/9\/2016\/04\/20160422_160932.jpg\" data-orig-size=\"1024,576\" data-comments-opened=\"1\" data-image-meta=\"{&quot;aperture&quot;:&quot;0&quot;,&quot;credit&quot;:&quot;&quot;,&quot;camera&quot;:&quot;&quot;,&quot;caption&quot;:&quot;&quot;,&quot;created_timestamp&quot;:&quot;0&quot;,&quot;copyright&quot;:&quot;&quot;,&quot;focal_length&quot;:&quot;0&quot;,&quot;iso&quot;:&quot;0&quot;,&quot;shutter_speed&quot;:&quot;0&quot;,&quot;title&quot;:&quot;&quot;,&quot;orientation&quot;:&quot;0&quot;}\" data-image-title=\"20160422_160932\" data-image-description=\"\" data-medium-file=\"https:\/\/www.alqueria.es\/blogs\/alqueriaamarillanaranja\/wp-content\/uploads\/sites\/9\/2016\/04\/20160422_160932-300x169.jpg\" data-large-file=\"https:\/\/www.alqueria.es\/blogs\/alqueriaamarillanaranja\/wp-content\/uploads\/sites\/9\/2016\/04\/20160422_160932-1024x576.jpg\" src=\"https:\/\/i0.wp.com\/www.alqueria.es\/blogs\/alqueriaamarillanaranja\/wp-content\/uploads\/sites\/9\/2016\/04\/20160422_160932.jpg?w=233&#038;h=131&#038;ssl=1\" srcset=\"https:\/\/www.alqueria.es\/blogs\/alqueriaamarillanaranja\/wp-content\/uploads\/sites\/9\/2016\/04\/20160422_160932.jpg 1024w, https:\/\/www.alqueria.es\/blogs\/alqueriaamarillanaranja\/wp-content\/uploads\/sites\/9\/2016\/04\/20160422_160932-300x169.jpg 300w, https:\/\/www.alqueria.es\/blogs\/alqueriaamarillanaranja\/wp-content\/uploads\/sites\/9\/2016\/04\/20160422_160932-768x432.jpg 768w\" width=\"233\" height=\"131\" loading=\"lazy\" data-original-width=\"233\" data-original-height=\"131\" itemprop=\"http:\/\/schema.org\/image\" title=\"20160422_160932\" alt=\"20160422_160932\" style=\"width: 233px; height: 131px;\" \/> <\/a> <\/div> <\/div> <!-- close group --> <\/div> <!-- close row --> <\/div>\n<p><strong><em><span style=\"color: #000000\">Y con todo esto llegamos al viernes, y al final de nuestra Semana de la<img decoding=\"async\" data-attachment-id=\"20072\" data-permalink=\"https:\/\/www.alqueria.es\/blogs\/alqueriaamarillanaranja\/2016\/04\/22\/clausura-semana-de-la-lectura-2\/b9a3855066fdf34c396b57e4bd42a6f0\/\" data-orig-file=\"https:\/\/www.alqueria.es\/blogs\/alqueriaamarillanaranja\/wp-content\/uploads\/sites\/9\/2016\/04\/b9a3855066fdf34c396b57e4bd42a6f0.jpg\" data-orig-size=\"449,640\" data-comments-opened=\"1\" data-image-meta=\"{&quot;aperture&quot;:&quot;0&quot;,&quot;credit&quot;:&quot;&quot;,&quot;camera&quot;:&quot;&quot;,&quot;caption&quot;:&quot;&quot;,&quot;created_timestamp&quot;:&quot;0&quot;,&quot;copyright&quot;:&quot;&quot;,&quot;focal_length&quot;:&quot;0&quot;,&quot;iso&quot;:&quot;0&quot;,&quot;shutter_speed&quot;:&quot;0&quot;,&quot;title&quot;:&quot;&quot;,&quot;orientation&quot;:&quot;0&quot;}\" data-image-title=\"b9a3855066fdf34c396b57e4bd42a6f0\" data-image-description=\"\" data-image-caption=\"\" data-large-file=\"https:\/\/www.alqueria.es\/blogs\/alqueriaamarillanaranja\/wp-content\/uploads\/sites\/9\/2016\/04\/b9a3855066fdf34c396b57e4bd42a6f0.jpg\" class=\"alignright size-medium wp-image-20072\" src=\"https:\/\/cloud.alqueria.es\/wp-content\/uploads\/sites\/9\/2016\/04\/b9a3855066fdf34c396b57e4bd42a6f0-210x300.jpg\" alt=\"b9a3855066fdf34c396b57e4bd42a6f0\" width=\"210\" height=\"300\" srcset=\"https:\/\/www.alqueria.es\/blogs\/alqueriaamarillanaranja\/wp-content\/uploads\/sites\/9\/2016\/04\/b9a3855066fdf34c396b57e4bd42a6f0-210x300.jpg 210w, https:\/\/www.alqueria.es\/blogs\/alqueriaamarillanaranja\/wp-content\/uploads\/sites\/9\/2016\/04\/b9a3855066fdf34c396b57e4bd42a6f0.jpg 449w\" sizes=\"(max-width: 210px) 100vw, 210px\" \/> lectura. Ha sido una semana en la que hemos intentado que nuestros ni\u00f1os y ni\u00f1as tuviesen la oportunidad de disfrutar de los libros y los cuentos de las formas m\u00e1s diversas y divertidas posibles. \u00bfLo habremos conseguido?, creemos que s\u00ed. Gracias a las diferentes colaboraciones hemos conseguido que sea una semana de gran riqueza literaria y que nuestros amarillos tengan experiencias que siempre los acompa\u00f1en. Tenemos que decir que nosotras no podemos quedarnos a parte, hemos disfrutado tanto o m\u00e1s que ellos.<\/span><\/em><\/strong><\/p>\n<p style=\"text-align: right\"><strong><em><span style=\"color: #000000\">Encarna Cam\u00fas y Loli G\u00e1lvez<\/span><\/em><\/strong><\/p>\n<p>&nbsp;<\/p>\n","protected":false},"excerpt":{"rendered":"<p>Un d\u00eda m\u00e1s, y continuamos con nuestro programa. D\u00eda tras d\u00eda hemos disfrutado con las sorpresas que ten\u00edamos preparadas, con muy buen \u00e1nimo y ganas de participar por parte de tod@s. Durante esta semana hemos demostrado ser capaces de asistir a diferentes \u00abeventos de mayores\u00bb (teatro, concierto, audiciones, cuenta-cuentos) manteniendo la atenci\u00f3n en todo momento &hellip; <a href=\"https:\/\/www.alqueria.es\/blogs\/alqueriaamarillanaranja\/2016\/04\/22\/clausura-semana-de-la-lectura-2\/\" class=\"more-link\">Seguir leyendo <span class=\"screen-reader-text\">Clausura Semana de la lectura<\/span> <span class=\"meta-nav\">&rarr;<\/span><\/a><\/p>\n","protected":false},"author":23,"featured_media":0,"comment_status":"open","ping_status":"open","sticky":false,"template":"","format":"standard","meta":{"jetpack_post_was_ever_published":false,"_jetpack_newsletter_access":"","_jetpack_dont_email_post_to_subs":false,"_jetpack_newsletter_tier_id":0,"_jetpack_memberships_contains_paywalled_content":false,"_jetpack_memberships_contains_paid_content":false,"footnotes":"","jetpack_publicize_message":"","jetpack_publicize_feature_enabled":true,"jetpack_social_post_already_shared":true,"jetpack_social_options":{"image_generator_settings":{"template":"highway","default_image_id":0,"font":"","enabled":false},"version":2}},"categories":[6,9],"tags":[360],"class_list":["post-20012","post","type-post","status-publish","format-standard","hentry","category-clase-amarilla","category-diario-clase-amarilla","tag-semanalecturainfantil2016"],"jetpack_publicize_connections":[],"jetpack_featured_media_url":"","jetpack_sharing_enabled":true,"jetpack_shortlink":"https:\/\/wp.me\/p4lG08-5cM","jetpack-related-posts":[],"_links":{"self":[{"href":"https:\/\/www.alqueria.es\/blogs\/alqueriaamarillanaranja\/wp-json\/wp\/v2\/posts\/20012","targetHints":{"allow":["GET"]}}],"collection":[{"href":"https:\/\/www.alqueria.es\/blogs\/alqueriaamarillanaranja\/wp-json\/wp\/v2\/posts"}],"about":[{"href":"https:\/\/www.alqueria.es\/blogs\/alqueriaamarillanaranja\/wp-json\/wp\/v2\/types\/post"}],"author":[{"embeddable":true,"href":"https:\/\/www.alqueria.es\/blogs\/alqueriaamarillanaranja\/wp-json\/wp\/v2\/users\/23"}],"replies":[{"embeddable":true,"href":"https:\/\/www.alqueria.es\/blogs\/alqueriaamarillanaranja\/wp-json\/wp\/v2\/comments?post=20012"}],"version-history":[{"count":0,"href":"https:\/\/www.alqueria.es\/blogs\/alqueriaamarillanaranja\/wp-json\/wp\/v2\/posts\/20012\/revisions"}],"wp:attachment":[{"href":"https:\/\/www.alqueria.es\/blogs\/alqueriaamarillanaranja\/wp-json\/wp\/v2\/media?parent=20012"}],"wp:term":[{"taxonomy":"category","embeddable":true,"href":"https:\/\/www.alqueria.es\/blogs\/alqueriaamarillanaranja\/wp-json\/wp\/v2\/categories?post=20012"},{"taxonomy":"post_tag","embeddable":true,"href":"https:\/\/www.alqueria.es\/blogs\/alqueriaamarillanaranja\/wp-json\/wp\/v2\/tags?post=20012"}],"curies":[{"name":"wp","href":"https:\/\/api.w.org\/{rel}","templated":true}]}}