{"id":20889,"date":"2016-05-30T16:55:24","date_gmt":"2016-05-30T14:55:24","guid":{"rendered":"https:\/\/www.alqueria.es\/blogs\/alqueriaamarillanaranja\/?p=20889"},"modified":"2016-05-30T16:30:15","modified_gmt":"2016-05-30T14:30:15","slug":"preparados-listos-nos-vamos-de-excursion","status":"publish","type":"post","link":"https:\/\/www.alqueria.es\/blogs\/alqueriaamarillanaranja\/2016\/05\/30\/preparados-listos-nos-vamos-de-excursion\/","title":{"rendered":"\u00a1Preparados, listos&#8230;&#8230;&#8230;&#8230;..nos vamos de excursi\u00f3n!"},"content":{"rendered":"<p><strong><em><span style=\"color: #800080\"><img decoding=\"async\" data-attachment-id=\"20893\" data-permalink=\"https:\/\/www.alqueria.es\/blogs\/alqueriaamarillanaranja\/2016\/05\/30\/preparados-listos-nos-vamos-de-excursion\/images-87\/\" data-orig-file=\"https:\/\/www.alqueria.es\/blogs\/alqueriaamarillanaranja\/wp-content\/uploads\/sites\/9\/2016\/05\/images-1.jpg\" data-orig-size=\"268,188\" data-comments-opened=\"1\" data-image-meta=\"{&quot;aperture&quot;:&quot;0&quot;,&quot;credit&quot;:&quot;&quot;,&quot;camera&quot;:&quot;&quot;,&quot;caption&quot;:&quot;&quot;,&quot;created_timestamp&quot;:&quot;0&quot;,&quot;copyright&quot;:&quot;&quot;,&quot;focal_length&quot;:&quot;0&quot;,&quot;iso&quot;:&quot;0&quot;,&quot;shutter_speed&quot;:&quot;0&quot;,&quot;title&quot;:&quot;&quot;,&quot;orientation&quot;:&quot;0&quot;}\" data-image-title=\"images\" data-image-description=\"\" data-image-caption=\"\" data-large-file=\"https:\/\/www.alqueria.es\/blogs\/alqueriaamarillanaranja\/wp-content\/uploads\/sites\/9\/2016\/05\/images-1.jpg\" class=\"alignleft size-full wp-image-20893\" src=\"https:\/\/cloud.alqueria.es\/wp-content\/uploads\/sites\/9\/2016\/05\/images-1.jpg\" alt=\"images\" width=\"268\" height=\"188\" \/>Tras el puente nos incorporamos al aula contentos por el reencuentro con los amig@s. Adem\u00e1s hoy ha sido un d\u00eda muy tranquilo pero lleno de grandes noticias:<\/span><\/em><\/strong><\/p>\n<ul>\n<li><strong><em><span style=\"color: #800080\">Lo primero que recordamos es que ma\u00f1ana nos vamos de excursi\u00f3n. Como ya sab\u00e9is el lugar es la zona recreativa de \u00abLos llanos\u00bb de Monachil. Aproximadamente a las 10:00h saldremos a la aventura con nuestros ni\u00f1os y ni\u00f1as, y a las familias os esperamos a partir de las 14:00h para compartir comida y un ratito agradable. Al final de la entrada os hacemos algunas recomendaciones sobre el vestuario de vuestros hij@s ma\u00f1ana.<\/span><\/em><\/strong><\/li>\n<li><strong><em><span style=\"color: #800080\">\u00a1Ha nacido el hermanito de Sof\u00eda, Jaime! Est\u00e1ba content\u00edsima y no pod\u00eda esperar al momento de la asamblea para cont\u00e1rselo a todo el mundo. Enhorabuena a la mam\u00e1 desde aqu\u00ed \ud83d\ude42<\/span><\/em><\/strong><\/li>\n<li><strong><em><span style=\"color: #800080\">Otra noticia ha sido que Marcelo ya no usa pa\u00f1al de noche, \u00a1muy bien compa\u00f1ero!<\/span><\/em><\/strong><\/li>\n<li><strong><em><span style=\"color: #800080\">Y adem\u00e1s, nuestra amiga Aline nos ha sorprendido dici\u00e9ndonos que ya no usa biber\u00f3n, se toma la leche en vaso \u00a1como una mayor!<\/span><\/em><\/strong><\/li>\n<\/ul>\n<p><strong><em><span style=\"color: #800080\">Como v\u00e9is ha sido un d\u00eda lleno de noticias, pero a nosotros lo que realmente nos emociona es nuestra salida de ma\u00f1ana. Os recordamos que no es necesario que los ni\u00f1os lleven nada en especial como \u00abequipaje\u00bb, nosotras llevaremos algunas mudas de ropa comunes (por lo que pueda pasar&#8230;&#8230;&#8230;&#8230;, jajaja), la crema solar y las gorras\/gorros de todos ellos. Esta es la indumentaria que os recomendamos que lleven para pasar nuestro d\u00eda de campo:<\/span><\/em><\/strong><\/p>\n<ol>\n<li><strong><em><span style=\"color: #800080\">Sudadera de manga larga (por si hace fresquito)<\/span><\/em><\/strong><\/li>\n<li><strong><em><span style=\"color: #800080\">Camiseta de manga corta (creemos que ser\u00e1 un d\u00eda soleado)<\/span><\/em><\/strong><\/li>\n<li><strong><em><span style=\"color: #800080\">Pantal\u00f3n largo y c\u00f3modo (para evitar rozaduras y heridas ante posibles caidas)<\/span><\/em><\/strong><\/li>\n<li><strong><em><span style=\"color: #800080\">Gorro\/gorra (si a\u00fan no lo hab\u00e9is traido a clase)<\/span><\/em><\/strong><\/li>\n<li><strong><em><span style=\"color: #800080\">Calzado deportivo c\u00f3modo (que les permita andar de forma segura por este terreno inestable)<\/span><\/em><\/strong><\/li>\n<li><strong><em><span style=\"color: #800080\">Muchas ganas de pasarlo bien \ud83d\ude09<\/span><\/em><\/strong><\/li>\n<li><\/li>\n<\/ol>\n<p><strong><em><span style=\"color: #800080\">Todo lo dem\u00e1s corre de nuestra cuenta: mudas, orinales, papel y toallitas, comida, menaje, jarapas, mantas y s\u00e1banas para montar nuestro \u00abdormitorio de campa\u00f1a\u00bb&#8230;&#8230;&#8230;..<\/span><\/em><\/strong><\/p>\n<p><img decoding=\"async\" data-attachment-id=\"20896\" data-permalink=\"https:\/\/www.alqueria.es\/blogs\/alqueriaamarillanaranja\/2016\/05\/30\/preparados-listos-nos-vamos-de-excursion\/n\/\" data-orig-file=\"https:\/\/www.alqueria.es\/blogs\/alqueriaamarillanaranja\/wp-content\/uploads\/sites\/9\/2016\/05\/n.jpg\" data-orig-size=\"262,192\" data-comments-opened=\"1\" data-image-meta=\"{&quot;aperture&quot;:&quot;0&quot;,&quot;credit&quot;:&quot;&quot;,&quot;camera&quot;:&quot;&quot;,&quot;caption&quot;:&quot;&quot;,&quot;created_timestamp&quot;:&quot;0&quot;,&quot;copyright&quot;:&quot;&quot;,&quot;focal_length&quot;:&quot;0&quot;,&quot;iso&quot;:&quot;0&quot;,&quot;shutter_speed&quot;:&quot;0&quot;,&quot;title&quot;:&quot;&quot;,&quot;orientation&quot;:&quot;0&quot;}\" data-image-title=\"n\" data-image-description=\"\" data-image-caption=\"\" data-large-file=\"https:\/\/www.alqueria.es\/blogs\/alqueriaamarillanaranja\/wp-content\/uploads\/sites\/9\/2016\/05\/n.jpg\" class=\"size-medium wp-image-20896 aligncenter\" src=\"https:\/\/cloud.alqueria.es\/wp-content\/uploads\/sites\/9\/2016\/05\/n.jpg\" alt=\"n\" width=\"262\" height=\"192\" \/><\/p>\n<p><strong><em><span style=\"color: #800080\">Esta tarde a descansar que ma\u00f1ana nos espera a tod@s un d\u00eda muy intenso. \u00a1Os esperamos!<\/span><\/em><\/strong><\/p>\n<p style=\"text-align: right\"><strong><em><span style=\"color: #800080\">Encarna Cam\u00fas y Loli G\u00e1lvez<\/span><\/em><\/strong><\/p>\n<p>&nbsp;<\/p>\n","protected":false},"excerpt":{"rendered":"<p>Tras el puente nos incorporamos al aula contentos por el reencuentro con los amig@s. Adem\u00e1s hoy ha sido un d\u00eda muy tranquilo pero lleno de grandes noticias: Lo primero que recordamos es que ma\u00f1ana nos vamos de excursi\u00f3n. Como ya sab\u00e9is el lugar es la zona recreativa de \u00abLos llanos\u00bb de Monachil. Aproximadamente a las &hellip; <a href=\"https:\/\/www.alqueria.es\/blogs\/alqueriaamarillanaranja\/2016\/05\/30\/preparados-listos-nos-vamos-de-excursion\/\" class=\"more-link\">Seguir leyendo <span class=\"screen-reader-text\">\u00a1Preparados, listos&#8230;&#8230;&#8230;&#8230;..nos vamos de excursi\u00f3n!<\/span> <span class=\"meta-nav\">&rarr;<\/span><\/a><\/p>\n","protected":false},"author":23,"featured_media":0,"comment_status":"open","ping_status":"open","sticky":false,"template":"","format":"standard","meta":{"jetpack_post_was_ever_published":false,"_jetpack_newsletter_access":"","_jetpack_dont_email_post_to_subs":false,"_jetpack_newsletter_tier_id":0,"_jetpack_memberships_contains_paywalled_content":false,"_jetpack_memberships_contains_paid_content":false,"footnotes":"","jetpack_publicize_message":"","jetpack_publicize_feature_enabled":true,"jetpack_social_post_already_shared":true,"jetpack_social_options":{"image_generator_settings":{"template":"highway","default_image_id":0,"font":"","enabled":false},"version":2}},"categories":[6],"tags":[],"class_list":["post-20889","post","type-post","status-publish","format-standard","hentry","category-clase-amarilla"],"jetpack_publicize_connections":[],"jetpack_featured_media_url":"","jetpack_sharing_enabled":true,"jetpack_shortlink":"https:\/\/wp.me\/p4lG08-5qV","jetpack-related-posts":[],"_links":{"self":[{"href":"https:\/\/www.alqueria.es\/blogs\/alqueriaamarillanaranja\/wp-json\/wp\/v2\/posts\/20889","targetHints":{"allow":["GET"]}}],"collection":[{"href":"https:\/\/www.alqueria.es\/blogs\/alqueriaamarillanaranja\/wp-json\/wp\/v2\/posts"}],"about":[{"href":"https:\/\/www.alqueria.es\/blogs\/alqueriaamarillanaranja\/wp-json\/wp\/v2\/types\/post"}],"author":[{"embeddable":true,"href":"https:\/\/www.alqueria.es\/blogs\/alqueriaamarillanaranja\/wp-json\/wp\/v2\/users\/23"}],"replies":[{"embeddable":true,"href":"https:\/\/www.alqueria.es\/blogs\/alqueriaamarillanaranja\/wp-json\/wp\/v2\/comments?post=20889"}],"version-history":[{"count":0,"href":"https:\/\/www.alqueria.es\/blogs\/alqueriaamarillanaranja\/wp-json\/wp\/v2\/posts\/20889\/revisions"}],"wp:attachment":[{"href":"https:\/\/www.alqueria.es\/blogs\/alqueriaamarillanaranja\/wp-json\/wp\/v2\/media?parent=20889"}],"wp:term":[{"taxonomy":"category","embeddable":true,"href":"https:\/\/www.alqueria.es\/blogs\/alqueriaamarillanaranja\/wp-json\/wp\/v2\/categories?post=20889"},{"taxonomy":"post_tag","embeddable":true,"href":"https:\/\/www.alqueria.es\/blogs\/alqueriaamarillanaranja\/wp-json\/wp\/v2\/tags?post=20889"}],"curies":[{"name":"wp","href":"https:\/\/api.w.org\/{rel}","templated":true}]}}