{"id":21363,"date":"2016-09-19T16:55:37","date_gmt":"2016-09-19T14:55:37","guid":{"rendered":"https:\/\/www.alqueria.es\/blogs\/alqueriaamarillanaranja\/?p=21363"},"modified":"2016-09-19T16:27:16","modified_gmt":"2016-09-19T14:27:16","slug":"un-dia-de-reencuentro","status":"publish","type":"post","link":"https:\/\/www.alqueria.es\/blogs\/alqueriaamarillanaranja\/2016\/09\/19\/un-dia-de-reencuentro\/","title":{"rendered":"UN D\u00cdA DE REENCUENTRO."},"content":{"rendered":"<p><span style=\"color: #0000ff\"><em>Un d\u00eda cargado de emociones y de reencuentro. Arturo y Adriana, se <img decoding=\"async\" data-attachment-id=\"21431\" data-permalink=\"https:\/\/www.alqueria.es\/blogs\/alqueriaamarillanaranja\/2016\/09\/19\/un-dia-de-reencuentro\/images-92\/\" data-orig-file=\"https:\/\/www.alqueria.es\/blogs\/alqueriaamarillanaranja\/wp-content\/uploads\/sites\/9\/2016\/09\/images-5.jpg\" data-orig-size=\"156,260\" data-comments-opened=\"1\" data-image-meta=\"{&quot;aperture&quot;:&quot;0&quot;,&quot;credit&quot;:&quot;&quot;,&quot;camera&quot;:&quot;&quot;,&quot;caption&quot;:&quot;&quot;,&quot;created_timestamp&quot;:&quot;0&quot;,&quot;copyright&quot;:&quot;&quot;,&quot;focal_length&quot;:&quot;0&quot;,&quot;iso&quot;:&quot;0&quot;,&quot;shutter_speed&quot;:&quot;0&quot;,&quot;title&quot;:&quot;&quot;,&quot;orientation&quot;:&quot;0&quot;}\" data-image-title=\"images\" data-image-description=\"\" data-image-caption=\"\" data-large-file=\"https:\/\/www.alqueria.es\/blogs\/alqueriaamarillanaranja\/wp-content\/uploads\/sites\/9\/2016\/09\/images-5.jpg\" class=\"size-thumbnail wp-image-21431 alignleft\" src=\"https:\/\/cloud.alqueria.es\/wp-content\/uploads\/sites\/9\/2016\/09\/images-5-150x150.jpg\" alt=\"images\" width=\"150\" height=\"150\" \/>incorporan al grupo. Mart\u00edn vuelve de su largo \u00abfinde\u00bb.\u00a0 <\/em><\/span><\/p>\n<p><span style=\"color: #0000ff\"><em>Como en todos los inicios, a primera hora tenemos algunos enfados que pasan\u00a0 poco a poco. <\/em><\/span><\/p>\n<p><span style=\"color: #0000ff\"><em>Los juegos\u00a0 en los que hoy centran su atenci\u00f3n han sido: las construcciones de madera y a las casitas. Comenzamos a compartir con los compa\u00f1eros . Sus actividad predilecta es la de manipular todo lo que tienen a su <img decoding=\"async\" data-attachment-id=\"21430\" data-permalink=\"https:\/\/www.alqueria.es\/blogs\/alqueriaamarillanaranja\/2016\/09\/19\/un-dia-de-reencuentro\/22093_html_m78fd0f1\/\" data-orig-file=\"https:\/\/www.alqueria.es\/blogs\/alqueriaamarillanaranja\/wp-content\/uploads\/sites\/9\/2016\/09\/22093_html_m78fd0f1.jpg\" data-orig-size=\"324,324\" data-comments-opened=\"1\" data-image-meta=\"{&quot;aperture&quot;:&quot;0&quot;,&quot;credit&quot;:&quot;Picasa 3.0&quot;,&quot;camera&quot;:&quot;&quot;,&quot;caption&quot;:&quot;&quot;,&quot;created_timestamp&quot;:&quot;0&quot;,&quot;copyright&quot;:&quot;&quot;,&quot;focal_length&quot;:&quot;0&quot;,&quot;iso&quot;:&quot;0&quot;,&quot;shutter_speed&quot;:&quot;0&quot;,&quot;title&quot;:&quot;&quot;,&quot;orientation&quot;:&quot;0&quot;}\" data-image-title=\"22093_html_m78fd0f1\" data-image-description=\"\" data-image-caption=\"\" data-large-file=\"https:\/\/www.alqueria.es\/blogs\/alqueriaamarillanaranja\/wp-content\/uploads\/sites\/9\/2016\/09\/22093_html_m78fd0f1.jpg\" class=\"size-thumbnail wp-image-21430 alignright\" src=\"https:\/\/cloud.alqueria.es\/wp-content\/uploads\/sites\/9\/2016\/09\/22093_html_m78fd0f1-150x150.jpg\" alt=\"22093_html_m78fd0f1\" width=\"150\" height=\"150\" srcset=\"https:\/\/www.alqueria.es\/blogs\/alqueriaamarillanaranja\/wp-content\/uploads\/sites\/9\/2016\/09\/22093_html_m78fd0f1-150x150.jpg 150w, https:\/\/www.alqueria.es\/blogs\/alqueriaamarillanaranja\/wp-content\/uploads\/sites\/9\/2016\/09\/22093_html_m78fd0f1-300x300.jpg 300w, https:\/\/www.alqueria.es\/blogs\/alqueriaamarillanaranja\/wp-content\/uploads\/sites\/9\/2016\/09\/22093_html_m78fd0f1.jpg 324w\" sizes=\"(max-width: 150px) 100vw, 150px\" \/>alcance y explorar cada rinc\u00f3n. Los mayores expresan verbalmente sus pensamientos. Hoy en la asamblea la s\u00faper ayudante es SOF\u00cdA.<\/em><\/span><\/p>\n<p><span style=\"color: #0000ff\"><em>En el patio investigamos con ayuda de cubos, palas, rastrillo y carretillas. Tambi\u00e9n nos visitan algunos naranjitas, que nos cuidan muy bien y juegan con nosotros. <\/em><\/span><\/p>\n<p style=\"text-align: right\"><span style=\"color: #0000ff\"><em>Encarna Cam\u00fas<br \/>\n<\/em><\/span><\/p>\n<p>&nbsp;<\/p>\n","protected":false},"excerpt":{"rendered":"<p>Un d\u00eda cargado de emociones y de reencuentro. Arturo y Adriana, se incorporan al grupo. Mart\u00edn vuelve de su largo \u00abfinde\u00bb.\u00a0 Como en todos los inicios, a primera hora tenemos algunos enfados que pasan\u00a0 poco a poco. Los juegos\u00a0 en los que hoy centran su atenci\u00f3n han sido: las construcciones de madera y a las &hellip; <a href=\"https:\/\/www.alqueria.es\/blogs\/alqueriaamarillanaranja\/2016\/09\/19\/un-dia-de-reencuentro\/\" class=\"more-link\">Seguir leyendo <span class=\"screen-reader-text\">UN D\u00cdA DE REENCUENTRO.<\/span> <span class=\"meta-nav\">&rarr;<\/span><\/a><\/p>\n","protected":false},"author":23,"featured_media":0,"comment_status":"open","ping_status":"open","sticky":false,"template":"","format":"standard","meta":{"jetpack_post_was_ever_published":false,"_jetpack_newsletter_access":"","_jetpack_dont_email_post_to_subs":false,"_jetpack_newsletter_tier_id":0,"_jetpack_memberships_contains_paywalled_content":false,"_jetpack_memberships_contains_paid_content":false,"footnotes":"","jetpack_publicize_message":"","jetpack_publicize_feature_enabled":true,"jetpack_social_post_already_shared":true,"jetpack_social_options":{"image_generator_settings":{"template":"highway","default_image_id":0,"font":"","enabled":false},"version":2}},"categories":[383,6,9],"tags":[25],"class_list":["post-21363","post","type-post","status-publish","format-standard","hentry","category-adaptacion","category-clase-amarilla","category-diario-clase-amarilla","tag-adaptacion"],"jetpack_publicize_connections":[],"jetpack_featured_media_url":"","jetpack_sharing_enabled":true,"jetpack_shortlink":"https:\/\/wp.me\/p4lG08-5yz","jetpack-related-posts":[],"_links":{"self":[{"href":"https:\/\/www.alqueria.es\/blogs\/alqueriaamarillanaranja\/wp-json\/wp\/v2\/posts\/21363","targetHints":{"allow":["GET"]}}],"collection":[{"href":"https:\/\/www.alqueria.es\/blogs\/alqueriaamarillanaranja\/wp-json\/wp\/v2\/posts"}],"about":[{"href":"https:\/\/www.alqueria.es\/blogs\/alqueriaamarillanaranja\/wp-json\/wp\/v2\/types\/post"}],"author":[{"embeddable":true,"href":"https:\/\/www.alqueria.es\/blogs\/alqueriaamarillanaranja\/wp-json\/wp\/v2\/users\/23"}],"replies":[{"embeddable":true,"href":"https:\/\/www.alqueria.es\/blogs\/alqueriaamarillanaranja\/wp-json\/wp\/v2\/comments?post=21363"}],"version-history":[{"count":0,"href":"https:\/\/www.alqueria.es\/blogs\/alqueriaamarillanaranja\/wp-json\/wp\/v2\/posts\/21363\/revisions"}],"wp:attachment":[{"href":"https:\/\/www.alqueria.es\/blogs\/alqueriaamarillanaranja\/wp-json\/wp\/v2\/media?parent=21363"}],"wp:term":[{"taxonomy":"category","embeddable":true,"href":"https:\/\/www.alqueria.es\/blogs\/alqueriaamarillanaranja\/wp-json\/wp\/v2\/categories?post=21363"},{"taxonomy":"post_tag","embeddable":true,"href":"https:\/\/www.alqueria.es\/blogs\/alqueriaamarillanaranja\/wp-json\/wp\/v2\/tags?post=21363"}],"curies":[{"name":"wp","href":"https:\/\/api.w.org\/{rel}","templated":true}]}}