{"id":21460,"date":"2016-09-21T17:00:12","date_gmt":"2016-09-21T15:00:12","guid":{"rendered":"https:\/\/www.alqueria.es\/blogs\/alqueriaamarillanaranja\/?p=21460"},"modified":"2016-09-21T15:51:19","modified_gmt":"2016-09-21T13:51:19","slug":"hoy-ha-sido-un-buen-dia-2","status":"publish","type":"post","link":"https:\/\/www.alqueria.es\/blogs\/alqueriaamarillanaranja\/2016\/09\/21\/hoy-ha-sido-un-buen-dia-2\/","title":{"rendered":"Hoy ha sido un buen d\u00eda"},"content":{"rendered":"<p><strong><em><span style=\"color: #3366ff\"><img decoding=\"async\" data-attachment-id=\"21465\" data-permalink=\"https:\/\/www.alqueria.es\/blogs\/alqueriaamarillanaranja\/2016\/09\/21\/hoy-ha-sido-un-buen-dia-2\/descarga-3-12\/\" data-orig-file=\"https:\/\/www.alqueria.es\/blogs\/alqueriaamarillanaranja\/wp-content\/uploads\/sites\/9\/2016\/09\/descarga-3-1.jpg\" data-orig-size=\"225,225\" data-comments-opened=\"1\" data-image-meta=\"{&quot;aperture&quot;:&quot;0&quot;,&quot;credit&quot;:&quot;&quot;,&quot;camera&quot;:&quot;&quot;,&quot;caption&quot;:&quot;&quot;,&quot;created_timestamp&quot;:&quot;0&quot;,&quot;copyright&quot;:&quot;&quot;,&quot;focal_length&quot;:&quot;0&quot;,&quot;iso&quot;:&quot;0&quot;,&quot;shutter_speed&quot;:&quot;0&quot;,&quot;title&quot;:&quot;&quot;,&quot;orientation&quot;:&quot;0&quot;}\" data-image-title=\"descarga-3\" data-image-description=\"\" data-image-caption=\"\" data-large-file=\"https:\/\/www.alqueria.es\/blogs\/alqueriaamarillanaranja\/wp-content\/uploads\/sites\/9\/2016\/09\/descarga-3-1.jpg\" class=\"alignleft size-full wp-image-21465\" src=\"https:\/\/cloud.alqueria.es\/wp-content\/uploads\/sites\/9\/2016\/09\/descarga-3-1.jpg\" alt=\"descarga-3\" width=\"225\" height=\"225\" srcset=\"https:\/\/www.alqueria.es\/blogs\/alqueriaamarillanaranja\/wp-content\/uploads\/sites\/9\/2016\/09\/descarga-3-1.jpg 225w, https:\/\/www.alqueria.es\/blogs\/alqueriaamarillanaranja\/wp-content\/uploads\/sites\/9\/2016\/09\/descarga-3-1-150x150.jpg 150w\" sizes=\"(max-width: 225px) 100vw, 225px\" \/>La adaptaci\u00f3n de nuestros naranjitas va viento en popa. Las despedidas est\u00e1n siendo interiorizadas y poco a poco forman parte de nuestra rutina diaria. Parece que les gusta que comencemos la ma\u00f1ana con canciones y cuentos, hoy ha sido el turno de : \u00abCuando estoy contento\u00bb (tratando de fomentar que ese sea nuestro estado de \u00e1nimo durante todo el d\u00eda).<\/span><\/em><\/strong><\/p>\n<p><strong><em><span style=\"color: #3366ff\">Hoy nuestros ni\u00f1os y ni\u00f1as han continuado muy animados con la propuesta de \u00ablos leones y las leonas\u00bb as\u00ed que por una mayor\u00eda aplastante decidimos que esta seguir\u00e1 siendo la propuesta de juego de la ma\u00f1ana. Nos hemos maquillado y hemos \u00abconstruido\u00bb dos casas\/cuevas bajo las mesas de la clase. El desarrollo del juego ha ido <img decoding=\"async\" data-attachment-id=\"21466\" data-permalink=\"https:\/\/www.alqueria.es\/blogs\/alqueriaamarillanaranja\/2016\/09\/21\/hoy-ha-sido-un-buen-dia-2\/images-2-22\/\" data-orig-file=\"https:\/\/www.alqueria.es\/blogs\/alqueriaamarillanaranja\/wp-content\/uploads\/sites\/9\/2016\/09\/images-2-2.jpg\" data-orig-size=\"225,225\" data-comments-opened=\"1\" data-image-meta=\"{&quot;aperture&quot;:&quot;0&quot;,&quot;credit&quot;:&quot;&quot;,&quot;camera&quot;:&quot;&quot;,&quot;caption&quot;:&quot;&quot;,&quot;created_timestamp&quot;:&quot;0&quot;,&quot;copyright&quot;:&quot;&quot;,&quot;focal_length&quot;:&quot;0&quot;,&quot;iso&quot;:&quot;0&quot;,&quot;shutter_speed&quot;:&quot;0&quot;,&quot;title&quot;:&quot;&quot;,&quot;orientation&quot;:&quot;0&quot;}\" data-image-title=\"images-2\" data-image-description=\"\" data-image-caption=\"\" data-large-file=\"https:\/\/www.alqueria.es\/blogs\/alqueriaamarillanaranja\/wp-content\/uploads\/sites\/9\/2016\/09\/images-2-2.jpg\" class=\"alignright size-full wp-image-21466\" src=\"https:\/\/cloud.alqueria.es\/wp-content\/uploads\/sites\/9\/2016\/09\/images-2-2.jpg\" alt=\"images-2\" width=\"225\" height=\"225\" srcset=\"https:\/\/www.alqueria.es\/blogs\/alqueriaamarillanaranja\/wp-content\/uploads\/sites\/9\/2016\/09\/images-2-2.jpg 225w, https:\/\/www.alqueria.es\/blogs\/alqueriaamarillanaranja\/wp-content\/uploads\/sites\/9\/2016\/09\/images-2-2-150x150.jpg 150w\" sizes=\"(max-width: 225px) 100vw, 225px\" \/>muy bien, aunque a veces da la sensaci\u00f3n de que los leones est\u00e1n enfadados o est\u00e1n peleando&#8230;<\/span><\/em><\/strong><\/p>\n<p><strong><em><span style=\"color: #3366ff\">En la asamblea de comunicaci\u00f3n ampliamos informaci\u00f3n y tratamos debidamente la forma que tenemos de jugar y de relacionarnos con los dem\u00e1s:<\/span><\/em><\/strong><\/p>\n<ul>\n<li><strong><em><span style=\"color: #3366ff\">Los leones y leonas no est\u00e1n enfadados ni se pelean; a veces discuten por la comida&#8230;, pero solo a veces.<\/span><\/em><\/strong><\/li>\n<li><strong><em><span style=\"color: #3366ff\">Los leones rugen porque es su forma de comunicarse, su manera de hablar, pero no quiere decir que est\u00e9n discutiendo.<\/span><\/em><\/strong><\/li>\n<li><strong><em><span style=\"color: #3366ff\">Cazan para comer, no son malos. \u00bfQu\u00e9 comen los leones?, comen carne de algunos animales como por ejemplo la cebra, la gacela&#8230;..e incluso conejos (aporta un espont\u00e1neo&#8230;, jajaja).<\/span><\/em><\/strong><\/li>\n<li><strong><em><span style=\"color: #3366ff\">Nuestra amiga Ana, que es experta en leones, aporta que los leones no viven en la selva sino en la sabana. \u00a1Qu\u00e9 interesante!<\/span><\/em><\/strong><\/li>\n<\/ul>\n<p><strong><em><span style=\"color: #3366ff\">Mientras aprendemos tantas cosas, Aline se encarga de repartir un rico mel\u00f3n que todos han agradecido en ingl\u00e9s (thank you Aline). Adem\u00e1s, nuestra \u00abteacher\u00bb Elena nos muestra unas l\u00e1minas de animales y aprendemos sus nombres en ingl\u00e9s.<\/span><\/em><\/strong><\/p>\n<p><strong><em><span style=\"color: #3366ff\">Tras la asamblea hemos dibujado a los grandes protagonistas del d\u00eda: el le\u00f3n y la leona, pod\u00e9is verlos \u00abretratados\u00bb en nuestro tabl\u00f3n.<\/span><\/em><\/strong><\/p>\n<p><strong><em><span style=\"color: #3366ff\"><img decoding=\"async\" data-attachment-id=\"21467\" data-permalink=\"https:\/\/www.alqueria.es\/blogs\/alqueriaamarillanaranja\/2016\/09\/21\/hoy-ha-sido-un-buen-dia-2\/images-3-20\/\" data-orig-file=\"https:\/\/www.alqueria.es\/blogs\/alqueriaamarillanaranja\/wp-content\/uploads\/sites\/9\/2016\/09\/images-3-1.jpg\" data-orig-size=\"318,159\" data-comments-opened=\"1\" data-image-meta=\"{&quot;aperture&quot;:&quot;0&quot;,&quot;credit&quot;:&quot;&quot;,&quot;camera&quot;:&quot;&quot;,&quot;caption&quot;:&quot;&quot;,&quot;created_timestamp&quot;:&quot;0&quot;,&quot;copyright&quot;:&quot;&quot;,&quot;focal_length&quot;:&quot;0&quot;,&quot;iso&quot;:&quot;0&quot;,&quot;shutter_speed&quot;:&quot;0&quot;,&quot;title&quot;:&quot;&quot;,&quot;orientation&quot;:&quot;0&quot;}\" data-image-title=\"images-3\" data-image-description=\"\" data-image-caption=\"\" data-large-file=\"https:\/\/www.alqueria.es\/blogs\/alqueriaamarillanaranja\/wp-content\/uploads\/sites\/9\/2016\/09\/images-3-1.jpg\" class=\"alignleft wp-image-21467\" src=\"https:\/\/cloud.alqueria.es\/wp-content\/uploads\/sites\/9\/2016\/09\/images-3-1-300x150.jpg\" alt=\"images-3\" width=\"206\" height=\"103\" srcset=\"https:\/\/www.alqueria.es\/blogs\/alqueriaamarillanaranja\/wp-content\/uploads\/sites\/9\/2016\/09\/images-3-1-300x150.jpg 300w, https:\/\/www.alqueria.es\/blogs\/alqueriaamarillanaranja\/wp-content\/uploads\/sites\/9\/2016\/09\/images-3-1.jpg 318w\" sizes=\"(max-width: 206px) 100vw, 206px\" \/>Por la tarde hemos tenido sesi\u00f3n de dibujo con tizas de colores en la pizarra y el tapiz de la clase, y adem\u00e1s construimos con bloques de madera.<\/span><\/em><\/strong><\/p>\n<p><strong><em><span style=\"color: #3366ff\">Como veis nuestro d\u00eda a d\u00eda comienza a ser \u00abnormal\u00bb y nuestros ni\u00f1os y ni\u00f1as disfrutan de cada uno de los momentos de la jornada en el cole, ese es nuestro gran objetivo.<\/span><\/em><\/strong><\/p>\n<p style=\"text-align: right\"><strong><em><span style=\"color: #3366ff\">Loli G\u00e1lvez<\/span><\/em><\/strong><\/p>\n","protected":false},"excerpt":{"rendered":"<p>La adaptaci\u00f3n de nuestros naranjitas va viento en popa. Las despedidas est\u00e1n siendo interiorizadas y poco a poco forman parte de nuestra rutina diaria. Parece que les gusta que comencemos la ma\u00f1ana con canciones y cuentos, hoy ha sido el turno de : \u00abCuando estoy contento\u00bb (tratando de fomentar que ese sea nuestro estado de &hellip; <a href=\"https:\/\/www.alqueria.es\/blogs\/alqueriaamarillanaranja\/2016\/09\/21\/hoy-ha-sido-un-buen-dia-2\/\" class=\"more-link\">Seguir leyendo <span class=\"screen-reader-text\">Hoy ha sido un buen d\u00eda<\/span> <span class=\"meta-nav\">&rarr;<\/span><\/a><\/p>\n","protected":false},"author":23,"featured_media":0,"comment_status":"open","ping_status":"open","sticky":false,"template":"","format":"standard","meta":{"jetpack_post_was_ever_published":false,"_jetpack_newsletter_access":"","_jetpack_dont_email_post_to_subs":false,"_jetpack_newsletter_tier_id":0,"_jetpack_memberships_contains_paywalled_content":false,"_jetpack_memberships_contains_paid_content":false,"footnotes":"","jetpack_publicize_message":"","jetpack_publicize_feature_enabled":true,"jetpack_social_post_already_shared":true,"jetpack_social_options":{"image_generator_settings":{"template":"highway","default_image_id":0,"font":"","enabled":false},"version":2}},"categories":[7,8],"tags":[285,89],"class_list":["post-21460","post","type-post","status-publish","format-standard","hentry","category-clase-naranja","category-diario","tag-alfabetizacion","tag-metodo-de-propuestas"],"jetpack_publicize_connections":[],"jetpack_featured_media_url":"","jetpack_sharing_enabled":true,"jetpack_shortlink":"https:\/\/wp.me\/p4lG08-5A8","jetpack-related-posts":[],"_links":{"self":[{"href":"https:\/\/www.alqueria.es\/blogs\/alqueriaamarillanaranja\/wp-json\/wp\/v2\/posts\/21460","targetHints":{"allow":["GET"]}}],"collection":[{"href":"https:\/\/www.alqueria.es\/blogs\/alqueriaamarillanaranja\/wp-json\/wp\/v2\/posts"}],"about":[{"href":"https:\/\/www.alqueria.es\/blogs\/alqueriaamarillanaranja\/wp-json\/wp\/v2\/types\/post"}],"author":[{"embeddable":true,"href":"https:\/\/www.alqueria.es\/blogs\/alqueriaamarillanaranja\/wp-json\/wp\/v2\/users\/23"}],"replies":[{"embeddable":true,"href":"https:\/\/www.alqueria.es\/blogs\/alqueriaamarillanaranja\/wp-json\/wp\/v2\/comments?post=21460"}],"version-history":[{"count":0,"href":"https:\/\/www.alqueria.es\/blogs\/alqueriaamarillanaranja\/wp-json\/wp\/v2\/posts\/21460\/revisions"}],"wp:attachment":[{"href":"https:\/\/www.alqueria.es\/blogs\/alqueriaamarillanaranja\/wp-json\/wp\/v2\/media?parent=21460"}],"wp:term":[{"taxonomy":"category","embeddable":true,"href":"https:\/\/www.alqueria.es\/blogs\/alqueriaamarillanaranja\/wp-json\/wp\/v2\/categories?post=21460"},{"taxonomy":"post_tag","embeddable":true,"href":"https:\/\/www.alqueria.es\/blogs\/alqueriaamarillanaranja\/wp-json\/wp\/v2\/tags?post=21460"}],"curies":[{"name":"wp","href":"https:\/\/api.w.org\/{rel}","templated":true}]}}