{"id":21502,"date":"2016-09-23T17:00:58","date_gmt":"2016-09-23T15:00:58","guid":{"rendered":"https:\/\/www.alqueria.es\/blogs\/alqueriaamarillanaranja\/?p=21502"},"modified":"2016-09-23T16:08:05","modified_gmt":"2016-09-23T14:08:05","slug":"otra-semana-mas-2","status":"publish","type":"post","link":"https:\/\/www.alqueria.es\/blogs\/alqueriaamarillanaranja\/2016\/09\/23\/otra-semana-mas-2\/","title":{"rendered":"Otra semana m\u00e1s"},"content":{"rendered":"<p><img decoding=\"async\" data-attachment-id=\"21508\" data-permalink=\"https:\/\/www.alqueria.es\/blogs\/alqueriaamarillanaranja\/2016\/09\/23\/otra-semana-mas-2\/descarga-1-24\/\" data-orig-file=\"https:\/\/www.alqueria.es\/blogs\/alqueriaamarillanaranja\/wp-content\/uploads\/sites\/9\/2016\/09\/descarga-1-3.jpg\" data-orig-size=\"225,225\" data-comments-opened=\"1\" data-image-meta=\"{&quot;aperture&quot;:&quot;0&quot;,&quot;credit&quot;:&quot;&quot;,&quot;camera&quot;:&quot;&quot;,&quot;caption&quot;:&quot;&quot;,&quot;created_timestamp&quot;:&quot;0&quot;,&quot;copyright&quot;:&quot;&quot;,&quot;focal_length&quot;:&quot;0&quot;,&quot;iso&quot;:&quot;0&quot;,&quot;shutter_speed&quot;:&quot;0&quot;,&quot;title&quot;:&quot;&quot;,&quot;orientation&quot;:&quot;0&quot;}\" data-image-title=\"descarga-1\" data-image-description=\"\" data-image-caption=\"\" data-large-file=\"https:\/\/www.alqueria.es\/blogs\/alqueriaamarillanaranja\/wp-content\/uploads\/sites\/9\/2016\/09\/descarga-1-3.jpg\" class=\"alignleft size-full wp-image-21508\" src=\"https:\/\/cloud.alqueria.es\/wp-content\/uploads\/sites\/9\/2016\/09\/descarga-1-3.jpg\" alt=\"descarga-1\" width=\"225\" height=\"225\" srcset=\"https:\/\/www.alqueria.es\/blogs\/alqueriaamarillanaranja\/wp-content\/uploads\/sites\/9\/2016\/09\/descarga-1-3.jpg 225w, https:\/\/www.alqueria.es\/blogs\/alqueriaamarillanaranja\/wp-content\/uploads\/sites\/9\/2016\/09\/descarga-1-3-150x150.jpg 150w\" sizes=\"(max-width: 225px) 100vw, 225px\" \/><strong><em><span style=\"color: #ff6600\">Esta ma\u00f1ana en nuestra asamblea inicial leemos un cuento muy simp\u00e1tico y original que nos ha tra\u00eddo Andrea: \u00abLa cebeja es una cebra que vuela\u00bb. Se trata de un libro interactivo en el que se pueden crear animales la mar de divertidos. En cada p\u00e1gina se combinan dos animales que nos permiten formar otros dos diferentes (gracias a las solapas de sus p\u00e1ginas). Nos hemos re\u00eddo mucho, jajajaja.<\/span><\/em><\/strong><\/p>\n<p><strong><em><span style=\"color: #0000ff\">Tras la asamblea tenemos sesi\u00f3n de m\u00fasica en la que han cantado y<img decoding=\"async\" data-attachment-id=\"21504\" data-permalink=\"https:\/\/www.alqueria.es\/blogs\/alqueriaamarillanaranja\/2016\/09\/23\/otra-semana-mas-2\/images-1-24\/\" data-orig-file=\"https:\/\/www.alqueria.es\/blogs\/alqueriaamarillanaranja\/wp-content\/uploads\/sites\/9\/2016\/09\/images-1-3.jpg\" data-orig-size=\"331,152\" data-comments-opened=\"1\" data-image-meta=\"{&quot;aperture&quot;:&quot;0&quot;,&quot;credit&quot;:&quot;&quot;,&quot;camera&quot;:&quot;&quot;,&quot;caption&quot;:&quot;&quot;,&quot;created_timestamp&quot;:&quot;0&quot;,&quot;copyright&quot;:&quot;&quot;,&quot;focal_length&quot;:&quot;0&quot;,&quot;iso&quot;:&quot;0&quot;,&quot;shutter_speed&quot;:&quot;0&quot;,&quot;title&quot;:&quot;&quot;,&quot;orientation&quot;:&quot;0&quot;}\" data-image-title=\"images-1\" data-image-description=\"\" data-image-caption=\"\" data-large-file=\"https:\/\/www.alqueria.es\/blogs\/alqueriaamarillanaranja\/wp-content\/uploads\/sites\/9\/2016\/09\/images-1-3.jpg\" class=\"alignright size-medium wp-image-21504\" src=\"https:\/\/cloud.alqueria.es\/wp-content\/uploads\/sites\/9\/2016\/09\/images-1-3-300x138.jpg\" alt=\"images-1\" width=\"300\" height=\"138\" srcset=\"https:\/\/www.alqueria.es\/blogs\/alqueriaamarillanaranja\/wp-content\/uploads\/sites\/9\/2016\/09\/images-1-3-300x138.jpg 300w, https:\/\/www.alqueria.es\/blogs\/alqueriaamarillanaranja\/wp-content\/uploads\/sites\/9\/2016\/09\/images-1-3.jpg 331w\" sizes=\"(max-width: 300px) 100vw, 300px\" \/> bailado al son de la m\u00fasica. En esta sesi\u00f3n vuelven a cobrar protagonismo los instrumentos musicales ya que en estos momentos de adaptaci\u00f3n son algunos de los elementos que m\u00e1s llaman su atenci\u00f3n y les divierten.<\/span><\/em><\/strong><\/p>\n<p><img decoding=\"async\" data-attachment-id=\"21506\" data-permalink=\"https:\/\/www.alqueria.es\/blogs\/alqueriaamarillanaranja\/2016\/09\/23\/otra-semana-mas-2\/images-2-23\/\" data-orig-file=\"https:\/\/www.alqueria.es\/blogs\/alqueriaamarillanaranja\/wp-content\/uploads\/sites\/9\/2016\/09\/images-2-3.jpg\" data-orig-size=\"267,189\" data-comments-opened=\"1\" data-image-meta=\"{&quot;aperture&quot;:&quot;0&quot;,&quot;credit&quot;:&quot;&quot;,&quot;camera&quot;:&quot;&quot;,&quot;caption&quot;:&quot;&quot;,&quot;created_timestamp&quot;:&quot;0&quot;,&quot;copyright&quot;:&quot;&quot;,&quot;focal_length&quot;:&quot;0&quot;,&quot;iso&quot;:&quot;0&quot;,&quot;shutter_speed&quot;:&quot;0&quot;,&quot;title&quot;:&quot;&quot;,&quot;orientation&quot;:&quot;0&quot;}\" data-image-title=\"images-2\" data-image-description=\"\" data-image-caption=\"\" data-large-file=\"https:\/\/www.alqueria.es\/blogs\/alqueriaamarillanaranja\/wp-content\/uploads\/sites\/9\/2016\/09\/images-2-3.jpg\" class=\"alignleft size-full wp-image-21506\" src=\"https:\/\/cloud.alqueria.es\/wp-content\/uploads\/sites\/9\/2016\/09\/images-2-3.jpg\" alt=\"images-2\" width=\"267\" height=\"189\" \/><strong><em><span style=\"color: #ff0000\">Cuando acaba la clase, nuestro profe de educaci\u00f3n f\u00edsica nos lleva a la pista deportiva para jugar con diferentes materiales motrices. Tras la sesi\u00f3n han llegado agotados&#8230;., pero tambi\u00e9n encantados con tanta actividad.<\/span><\/em><\/strong><\/p>\n<p><strong><em><span style=\"color: #333399\">Y adem\u00e1s de todo esto, hemos celebrado el tercer cumplea\u00f1os de <img decoding=\"async\" data-attachment-id=\"21507\" data-permalink=\"https:\/\/www.alqueria.es\/blogs\/alqueriaamarillanaranja\/2016\/09\/23\/otra-semana-mas-2\/descarga-58\/\" data-orig-file=\"https:\/\/www.alqueria.es\/blogs\/alqueriaamarillanaranja\/wp-content\/uploads\/sites\/9\/2016\/09\/descarga-6.jpg\" data-orig-size=\"272,185\" data-comments-opened=\"1\" data-image-meta=\"{&quot;aperture&quot;:&quot;0&quot;,&quot;credit&quot;:&quot;&quot;,&quot;camera&quot;:&quot;&quot;,&quot;caption&quot;:&quot;&quot;,&quot;created_timestamp&quot;:&quot;0&quot;,&quot;copyright&quot;:&quot;&quot;,&quot;focal_length&quot;:&quot;0&quot;,&quot;iso&quot;:&quot;0&quot;,&quot;shutter_speed&quot;:&quot;0&quot;,&quot;title&quot;:&quot;&quot;,&quot;orientation&quot;:&quot;0&quot;}\" data-image-title=\"descarga\" data-image-description=\"\" data-image-caption=\"\" data-large-file=\"https:\/\/www.alqueria.es\/blogs\/alqueriaamarillanaranja\/wp-content\/uploads\/sites\/9\/2016\/09\/descarga-6.jpg\" class=\"alignright size-full wp-image-21507\" src=\"https:\/\/cloud.alqueria.es\/wp-content\/uploads\/sites\/9\/2016\/09\/descarga-6.jpg\" alt=\"descarga\" width=\"272\" height=\"185\" \/>nuestra amiga PAULA. Ha tra\u00eddo un bizcocho riqu\u00edsimo que ha compartido con tod@s y nosotros le hemos dedicado nuestros dibujos, por supuesto. Paula ha tenido una gran idea para celebra su cumple en el cole&#8230;, ha tra\u00eddo \u00abpomperos\u00bb para todos los compa\u00f1eros. Los hemos sacado al patio y lo han pasado en grande intentando hacer pompas de jab\u00f3n. \u00a1Muchas gracias Paula!, ha sido muy divertido.<\/span><\/em><\/strong><\/p>\n<p class=\"jetpack-slideshow-noscript robots-nocontent\">El pase de diapositivas requiere JavaScript.<\/p><div id=\"gallery-21502-1-slideshow\" class=\"jetpack-slideshow-window jetpack-slideshow jetpack-slideshow-black\" data-trans=\"fade\" data-autostart=\"1\" data-gallery=\"[{&quot;src&quot;:&quot;https:\\\/\\\/www.alqueria.es\\\/blogs\\\/alqueriaamarillanaranja\\\/wp-content\\\/uploads\\\/sites\\\/9\\\/2016\\\/09\\\/20160923_115137-1024x576.jpg&quot;,&quot;id&quot;:&quot;21510&quot;,&quot;title&quot;:&quot;20160923_115137&quot;,&quot;alt&quot;:&quot;&quot;,&quot;caption&quot;:&quot;&quot;,&quot;itemprop&quot;:&quot;image&quot;},{&quot;src&quot;:&quot;https:\\\/\\\/www.alqueria.es\\\/blogs\\\/alqueriaamarillanaranja\\\/wp-content\\\/uploads\\\/sites\\\/9\\\/2016\\\/09\\\/20160923_115615-1024x576.jpg&quot;,&quot;id&quot;:&quot;21511&quot;,&quot;title&quot;:&quot;20160923_115615&quot;,&quot;alt&quot;:&quot;&quot;,&quot;caption&quot;:&quot;&quot;,&quot;itemprop&quot;:&quot;image&quot;},{&quot;src&quot;:&quot;https:\\\/\\\/www.alqueria.es\\\/blogs\\\/alqueriaamarillanaranja\\\/wp-content\\\/uploads\\\/sites\\\/9\\\/2016\\\/09\\\/20160923_115625-1024x576.jpg&quot;,&quot;id&quot;:&quot;21512&quot;,&quot;title&quot;:&quot;20160923_115625&quot;,&quot;alt&quot;:&quot;&quot;,&quot;caption&quot;:&quot;&quot;,&quot;itemprop&quot;:&quot;image&quot;},{&quot;src&quot;:&quot;https:\\\/\\\/www.alqueria.es\\\/blogs\\\/alqueriaamarillanaranja\\\/wp-content\\\/uploads\\\/sites\\\/9\\\/2016\\\/09\\\/20160923_115651-1024x576.jpg&quot;,&quot;id&quot;:&quot;21513&quot;,&quot;title&quot;:&quot;20160923_115651&quot;,&quot;alt&quot;:&quot;&quot;,&quot;caption&quot;:&quot;&quot;,&quot;itemprop&quot;:&quot;image&quot;},{&quot;src&quot;:&quot;https:\\\/\\\/www.alqueria.es\\\/blogs\\\/alqueriaamarillanaranja\\\/wp-content\\\/uploads\\\/sites\\\/9\\\/2016\\\/09\\\/20160923_115722-1024x576.jpg&quot;,&quot;id&quot;:&quot;21514&quot;,&quot;title&quot;:&quot;20160923_115722&quot;,&quot;alt&quot;:&quot;&quot;,&quot;caption&quot;:&quot;&quot;,&quot;itemprop&quot;:&quot;image&quot;},{&quot;src&quot;:&quot;https:\\\/\\\/www.alqueria.es\\\/blogs\\\/alqueriaamarillanaranja\\\/wp-content\\\/uploads\\\/sites\\\/9\\\/2016\\\/09\\\/20160923_115805-1024x576.jpg&quot;,&quot;id&quot;:&quot;21515&quot;,&quot;title&quot;:&quot;20160923_115805&quot;,&quot;alt&quot;:&quot;&quot;,&quot;caption&quot;:&quot;&quot;,&quot;itemprop&quot;:&quot;image&quot;},{&quot;src&quot;:&quot;https:\\\/\\\/www.alqueria.es\\\/blogs\\\/alqueriaamarillanaranja\\\/wp-content\\\/uploads\\\/sites\\\/9\\\/2016\\\/09\\\/20160923_115945-1024x576.jpg&quot;,&quot;id&quot;:&quot;21516&quot;,&quot;title&quot;:&quot;20160923_115945&quot;,&quot;alt&quot;:&quot;&quot;,&quot;caption&quot;:&quot;&quot;,&quot;itemprop&quot;:&quot;image&quot;},{&quot;src&quot;:&quot;https:\\\/\\\/www.alqueria.es\\\/blogs\\\/alqueriaamarillanaranja\\\/wp-content\\\/uploads\\\/sites\\\/9\\\/2016\\\/09\\\/20160923_120038-1024x576.jpg&quot;,&quot;id&quot;:&quot;21517&quot;,&quot;title&quot;:&quot;20160923_120038&quot;,&quot;alt&quot;:&quot;&quot;,&quot;caption&quot;:&quot;&quot;,&quot;itemprop&quot;:&quot;image&quot;}]\" itemscope itemtype=\"https:\/\/schema.org\/ImageGallery\"><\/div>\n<p><strong><em><span style=\"color: #008000\">Os espero el lunes a todos y todas con muchas m\u00e1s actividades. Buen fin de semana.<\/span><\/em><\/strong><\/p>\n<p style=\"text-align: right\"><strong><em><span style=\"color: #008000\">Loli G\u00e1lvez<\/span><\/em><\/strong><\/p>\n","protected":false},"excerpt":{"rendered":"<p>Esta ma\u00f1ana en nuestra asamblea inicial leemos un cuento muy simp\u00e1tico y original que nos ha tra\u00eddo Andrea: \u00abLa cebeja es una cebra que vuela\u00bb. Se trata de un libro interactivo en el que se pueden crear animales la mar de divertidos. En cada p\u00e1gina se combinan dos animales que nos permiten formar otros dos &hellip; <a href=\"https:\/\/www.alqueria.es\/blogs\/alqueriaamarillanaranja\/2016\/09\/23\/otra-semana-mas-2\/\" class=\"more-link\">Seguir leyendo <span class=\"screen-reader-text\">Otra semana m\u00e1s<\/span> <span class=\"meta-nav\">&rarr;<\/span><\/a><\/p>\n","protected":false},"author":23,"featured_media":0,"comment_status":"open","ping_status":"open","sticky":false,"template":"","format":"standard","meta":{"jetpack_post_was_ever_published":false,"_jetpack_newsletter_access":"","_jetpack_dont_email_post_to_subs":false,"_jetpack_newsletter_tier_id":0,"_jetpack_memberships_contains_paywalled_content":false,"_jetpack_memberships_contains_paid_content":false,"footnotes":"","jetpack_publicize_message":"","jetpack_publicize_feature_enabled":true,"jetpack_social_post_already_shared":true,"jetpack_social_options":{"image_generator_settings":{"template":"highway","default_image_id":0,"font":"","enabled":false},"version":2}},"categories":[7,8],"tags":[42,48,144],"class_list":["post-21502","post","type-post","status-publish","format-standard","hentry","category-clase-naranja","category-diario","tag-cumpleanos","tag-educacion-fisica","tag-musica"],"jetpack_publicize_connections":[],"jetpack_featured_media_url":"","jetpack_sharing_enabled":true,"jetpack_shortlink":"https:\/\/wp.me\/p4lG08-5AO","jetpack-related-posts":[],"_links":{"self":[{"href":"https:\/\/www.alqueria.es\/blogs\/alqueriaamarillanaranja\/wp-json\/wp\/v2\/posts\/21502","targetHints":{"allow":["GET"]}}],"collection":[{"href":"https:\/\/www.alqueria.es\/blogs\/alqueriaamarillanaranja\/wp-json\/wp\/v2\/posts"}],"about":[{"href":"https:\/\/www.alqueria.es\/blogs\/alqueriaamarillanaranja\/wp-json\/wp\/v2\/types\/post"}],"author":[{"embeddable":true,"href":"https:\/\/www.alqueria.es\/blogs\/alqueriaamarillanaranja\/wp-json\/wp\/v2\/users\/23"}],"replies":[{"embeddable":true,"href":"https:\/\/www.alqueria.es\/blogs\/alqueriaamarillanaranja\/wp-json\/wp\/v2\/comments?post=21502"}],"version-history":[{"count":0,"href":"https:\/\/www.alqueria.es\/blogs\/alqueriaamarillanaranja\/wp-json\/wp\/v2\/posts\/21502\/revisions"}],"wp:attachment":[{"href":"https:\/\/www.alqueria.es\/blogs\/alqueriaamarillanaranja\/wp-json\/wp\/v2\/media?parent=21502"}],"wp:term":[{"taxonomy":"category","embeddable":true,"href":"https:\/\/www.alqueria.es\/blogs\/alqueriaamarillanaranja\/wp-json\/wp\/v2\/categories?post=21502"},{"taxonomy":"post_tag","embeddable":true,"href":"https:\/\/www.alqueria.es\/blogs\/alqueriaamarillanaranja\/wp-json\/wp\/v2\/tags?post=21502"}],"curies":[{"name":"wp","href":"https:\/\/api.w.org\/{rel}","templated":true}]}}