{"id":2207,"date":"2012-11-13T15:35:14","date_gmt":"2012-11-13T14:35:14","guid":{"rendered":"http:\/\/alqueriaamarillanaranja.wordpress.com\/?p=2207"},"modified":"2014-02-24T12:41:12","modified_gmt":"2014-02-24T12:41:12","slug":"proyecto-de-lectura-2","status":"publish","type":"post","link":"https:\/\/www.alqueria.es\/blogs\/alqueriaamarillanaranja\/2012\/11\/13\/proyecto-de-lectura-2\/","title":{"rendered":"PROYECTO DE LECTURA"},"content":{"rendered":"<p><a href=\"https:\/\/cloud.alqueria.es\/wp-content\/uploads\/sites\/9\/2012\/11\/biblioteca-infantil11.jpg\"><img decoding=\"async\" data-attachment-id=\"2208\" data-permalink=\"https:\/\/www.alqueria.es\/blogs\/alqueriaamarillanaranja\/biblioteca-infantil1\/\" data-orig-file=\"https:\/\/www.alqueria.es\/blogs\/alqueriaamarillanaranja\/wp-content\/uploads\/sites\/9\/2012\/11\/biblioteca-infantil1.jpg\" data-orig-size=\"480,320\" data-comments-opened=\"1\" data-image-meta=\"{&quot;aperture&quot;:&quot;0&quot;,&quot;credit&quot;:&quot;&quot;,&quot;camera&quot;:&quot;&quot;,&quot;caption&quot;:&quot;&quot;,&quot;created_timestamp&quot;:&quot;0&quot;,&quot;copyright&quot;:&quot;&quot;,&quot;focal_length&quot;:&quot;0&quot;,&quot;iso&quot;:&quot;0&quot;,&quot;shutter_speed&quot;:&quot;0&quot;,&quot;title&quot;:&quot;&quot;}\" data-image-title=\"Biblioteca-Infantil[1]\" data-image-description=\"\" data-image-caption=\"\" data-large-file=\"https:\/\/www.alqueria.es\/blogs\/alqueriaamarillanaranja\/wp-content\/uploads\/sites\/9\/2012\/11\/biblioteca-infantil1.jpg\" class=\"alignright  wp-image-2208\" title=\"Biblioteca-Infantil[1]\" alt=\"\" src=\"https:\/\/cloud.alqueria.es\/wp-content\/uploads\/sites\/9\/2012\/11\/biblioteca-infantil11.jpg\" height=\"288\" width=\"432\" \/><\/a>Hoy hemos tenido nuestra segunda sesi\u00f3n de <span style=\"color:#ff6600\">proyecto de lectura<\/span>; adem\u00e1s de devolver los libros que han tenido en casa durante una semana, han guardado su dibujo en su carpeta y han registrado en su hoja de control el libro que han le\u00eddo. De uno en uno han pasado por la mesa de trabajo y me han \u00abresumido\u00bb la historia de su libro, me han dicho si les ha gustado o no, y me han explicado lo que han dibujado (a alguno se le ha olvidado hacer un dibujo por ser la primera semana&#8230;.).<\/p>\n<p>Cuando hemos ido guardando los dibujos me he dado cuenta de que no os he dado unas pautas claras a la hora de realizar este taller en casa (pues cada dibujo tra\u00eda un formato diferente&#8230;). Los dibujos a final de curso los encuadernar\u00e9 en un dosier, de manera que para facilitar esta tarea necesito que sigais las siguientes<span style=\"color:#ff6600\"> instrucciones<\/span>:<\/p>\n<p><span style=\"color:#ff6600\">&#8211; El papel o cartulina debe ser tama\u00f1o A4, es decir tama\u00f1o folio.<\/span><\/p>\n<p><span style=\"color:#ff6600\">&#8211; Si les ofreceis el papel en horizontal, mejor.<\/span><\/p>\n<p><span style=\"color:#ff6600\">&#8211; En el margen superior izquierdo debeis escribir el nombre de vuestro hijo\/a en may\u00fascula (y pedirle a \u00e9l que tambi\u00e9n lo haga, con l\u00e1piz negro de grafito. Siempre que escribimos le daremos lapiz).<\/span><\/p>\n<p><span style=\"color:#ff6600\">&#8211; En el margen superior derecho debeis escribir la fecha (para facilitar el orden de los dibujos). Tambi\u00e9n ellos pueden escribirla.<\/span><\/p>\n<p><span style=\"color:#ff6600\">&#8211; Arriba en el centro les pediremos que escriban el t\u00edtulo del cuento (as\u00ed poco a poco iremos interiorizando las diferentes partes de un texto).<\/span><\/p>\n<p><span style=\"color:#ff6600\">&#8211; Vosotros por detr\u00e1s escribireis el t\u00edtulo y la explicaci\u00f3n que ellos os den del dibujo cuando lo hayan acabado (todo en may\u00fasculas).<\/span><\/p>\n<p><span style=\"color:#ff6600\">&#8211; Os recomiendo que el dibujo lo hagais durante el fin de semana, pues as\u00ed est\u00e1n m\u00e1s descansados.<\/span><\/p>\n<p><span style=\"color:#ff6600\">&#8211; Si les ofreceis diferentes materiales de pintura la actividad ser\u00e1 m\u00e1s divertida y motivadora para ellos.<\/span><\/p>\n<p>Esta tarde no olvideis llevaros los libros a casa.<\/p>\n<p><a href=\"https:\/\/cloud.alqueria.es\/wp-content\/uploads\/sites\/9\/2012\/11\/35311_logo11.jpg\"><img decoding=\"async\" data-attachment-id=\"2212\" data-permalink=\"https:\/\/www.alqueria.es\/blogs\/alqueriaamarillanaranja\/35311_logo1\/\" data-orig-file=\"https:\/\/www.alqueria.es\/blogs\/alqueriaamarillanaranja\/wp-content\/uploads\/sites\/9\/2012\/11\/35311_logo1.jpg\" data-orig-size=\"350,349\" data-comments-opened=\"1\" data-image-meta=\"{&quot;aperture&quot;:&quot;0&quot;,&quot;credit&quot;:&quot;&quot;,&quot;camera&quot;:&quot;&quot;,&quot;caption&quot;:&quot;&quot;,&quot;created_timestamp&quot;:&quot;0&quot;,&quot;copyright&quot;:&quot;&quot;,&quot;focal_length&quot;:&quot;0&quot;,&quot;iso&quot;:&quot;0&quot;,&quot;shutter_speed&quot;:&quot;0&quot;,&quot;title&quot;:&quot;&quot;}\" data-image-title=\"35311_logo[1]\" data-image-description=\"\" data-image-caption=\"\" data-large-file=\"https:\/\/www.alqueria.es\/blogs\/alqueriaamarillanaranja\/wp-content\/uploads\/sites\/9\/2012\/11\/35311_logo1.jpg\" class=\"alignleft  wp-image-2212\" title=\"35311_logo[1]\" alt=\"\" src=\"https:\/\/cloud.alqueria.es\/wp-content\/uploads\/sites\/9\/2012\/11\/35311_logo11.jpg\" height=\"251\" width=\"252\" \/><\/a>Durante la ma\u00f1ana continuamos jugando a los cuentos, es divertid\u00edsimo entrar en la clase y ver a los ni\u00f1os y ni\u00f1as disfrazados inventando historias. Con esta propuesta lo est\u00e1n pasando en grande.<\/p>\n<p>En la asamblea de la fruta en la que hoy el \u00absuper\u00bb ha sido Miguel leemos un cuento con mucha magia \u00abLa caja de los tesoros\u00bb (traido por Clara de casa). Se trata de un libro desplegable en el que cada p\u00e1gina encierra una sorpresa.<\/p>\n<p>Hoy adem\u00e1s han decorado una caja con Erika que nos servir\u00e1 para recoger el papel reciclado de la clase, \u00a1muy buena idea!<\/p>\n<p>Por la tarde disfrutan jugando un ratito con diferentes juegos de construcci\u00f3n.<\/p>\n<p style=\"text-align:right\">Loli G\u00e1lvez<\/p>\n","protected":false},"excerpt":{"rendered":"<p>Hoy hemos tenido nuestra segunda sesi\u00f3n de proyecto de lectura; adem\u00e1s de devolver los libros que han tenido en casa durante una semana, han guardado su dibujo en su carpeta y han registrado en su hoja de control el libro que han le\u00eddo. De uno en uno han pasado por la mesa de trabajo y &hellip; <a href=\"https:\/\/www.alqueria.es\/blogs\/alqueriaamarillanaranja\/2012\/11\/13\/proyecto-de-lectura-2\/\" class=\"more-link\">Seguir leyendo <span class=\"screen-reader-text\">PROYECTO DE LECTURA<\/span> <span class=\"meta-nav\">&rarr;<\/span><\/a><\/p>\n","protected":false},"author":23,"featured_media":0,"comment_status":"open","ping_status":"open","sticky":false,"template":"","format":"standard","meta":{"jetpack_post_was_ever_published":false,"_jetpack_newsletter_access":"","_jetpack_dont_email_post_to_subs":false,"_jetpack_newsletter_tier_id":0,"_jetpack_memberships_contains_paywalled_content":false,"_jetpack_memberships_contains_paid_content":false,"footnotes":"","jetpack_publicize_message":"","jetpack_publicize_feature_enabled":true,"jetpack_social_post_already_shared":true,"jetpack_social_options":{"image_generator_settings":{"template":"highway","default_image_id":0,"font":"","enabled":false},"version":2}},"categories":[7,8],"tags":[],"class_list":["post-2207","post","type-post","status-publish","format-standard","hentry","category-clase-naranja","category-diario"],"jetpack_publicize_connections":[],"jetpack_featured_media_url":"","jetpack_sharing_enabled":true,"jetpack_shortlink":"https:\/\/wp.me\/p4lG08-zB","jetpack-related-posts":[],"_links":{"self":[{"href":"https:\/\/www.alqueria.es\/blogs\/alqueriaamarillanaranja\/wp-json\/wp\/v2\/posts\/2207","targetHints":{"allow":["GET"]}}],"collection":[{"href":"https:\/\/www.alqueria.es\/blogs\/alqueriaamarillanaranja\/wp-json\/wp\/v2\/posts"}],"about":[{"href":"https:\/\/www.alqueria.es\/blogs\/alqueriaamarillanaranja\/wp-json\/wp\/v2\/types\/post"}],"author":[{"embeddable":true,"href":"https:\/\/www.alqueria.es\/blogs\/alqueriaamarillanaranja\/wp-json\/wp\/v2\/users\/23"}],"replies":[{"embeddable":true,"href":"https:\/\/www.alqueria.es\/blogs\/alqueriaamarillanaranja\/wp-json\/wp\/v2\/comments?post=2207"}],"version-history":[{"count":0,"href":"https:\/\/www.alqueria.es\/blogs\/alqueriaamarillanaranja\/wp-json\/wp\/v2\/posts\/2207\/revisions"}],"wp:attachment":[{"href":"https:\/\/www.alqueria.es\/blogs\/alqueriaamarillanaranja\/wp-json\/wp\/v2\/media?parent=2207"}],"wp:term":[{"taxonomy":"category","embeddable":true,"href":"https:\/\/www.alqueria.es\/blogs\/alqueriaamarillanaranja\/wp-json\/wp\/v2\/categories?post=2207"},{"taxonomy":"post_tag","embeddable":true,"href":"https:\/\/www.alqueria.es\/blogs\/alqueriaamarillanaranja\/wp-json\/wp\/v2\/tags?post=2207"}],"curies":[{"name":"wp","href":"https:\/\/api.w.org\/{rel}","templated":true}]}}