{"id":22244,"date":"2016-10-28T17:00:26","date_gmt":"2016-10-28T15:00:26","guid":{"rendered":"https:\/\/www.alqueria.es\/blogs\/alqueriaamarillanaranja\/?p=22244"},"modified":"2016-10-28T16:40:44","modified_gmt":"2016-10-28T14:40:44","slug":"nos-encanta-el-lobo","status":"publish","type":"post","link":"https:\/\/www.alqueria.es\/blogs\/alqueriaamarillanaranja\/2016\/10\/28\/nos-encanta-el-lobo\/","title":{"rendered":"\u00a1Nos encanta \u00abEl lobo\u00bb!"},"content":{"rendered":"<p><strong><em><span style=\"color: #0000ff\">Hoy ponemos fin a nuestra \u00abs\u00faper-propuesta\u00bb de EL LOBO. Como sab\u00e9is ha sido una semana en la que hemos le\u00eddo multitud de cuentos, hemos representado con marionetas, nos hemos transformado en los personajes de los cuentos (a trav\u00e9s del maquillaje, los disfraces y la ambientaci\u00f3n espacial), hemos escuchado canciones y hemos visto peque\u00f1os cap\u00edtulos de dibujos animados. Para poner punto y final a esta propuesta hemos escuchado los poemas de Jos\u00e9 Agust\u00edn Goytisolo y de Gloria Fuertes. \u00a1Ha sido una gran semana para tod@s!, gracias por todas las colaboraciones de casa.<\/span><\/em><\/strong><\/p>\n<p><span class=\"embed-youtube\" style=\"text-align:center; display: block;\"><div class=\"a25-CTUOC-hidding-box\" data-original-content=\"&lt;iframe loading=&quot;lazy&quot; class=&quot;youtube-player&quot; width=&quot;474&quot; height=&quot;267&quot; src=&quot;https:\/\/www.youtube.com\/embed\/Oe2J3BXKs04?version=3&amp;#038;rel=1&amp;#038;showsearch=0&amp;#038;showinfo=1&amp;#038;iv_load_policy=1&amp;#038;fs=1&amp;#038;hl=es-ES&amp;#038;autohide=2&amp;#038;wmode=transparent&quot; allowfullscreen=&quot;true&quot; style=&quot;border:0;&quot; sandbox=&quot;allow-scripts allow-same-origin allow-popups allow-presentation allow-popups-to-escape-sandbox&quot;&gt;&lt;\/iframe&gt;\">Esta p\u00e1gina incluye contenido multimedia que requiere aceptar todas las cookies. Pulse aqu\u00ed para abrir la configuraci\u00f3n de cookies.<\/div><\/span><\/p>\n<p><span class=\"embed-youtube\" style=\"text-align:center; display: block;\"><div class=\"a25-CTUOC-hidding-box\" data-original-content=\"&lt;iframe loading=&quot;lazy&quot; class=&quot;youtube-player&quot; width=&quot;474&quot; height=&quot;267&quot; src=&quot;https:\/\/www.youtube.com\/embed\/-7iN7PH6ADo?version=3&amp;#038;rel=1&amp;#038;showsearch=0&amp;#038;showinfo=1&amp;#038;iv_load_policy=1&amp;#038;fs=1&amp;#038;hl=es-ES&amp;#038;autohide=2&amp;#038;wmode=transparent&quot; allowfullscreen=&quot;true&quot; style=&quot;border:0;&quot; sandbox=&quot;allow-scripts allow-same-origin allow-popups allow-presentation allow-popups-to-escape-sandbox&quot;&gt;&lt;\/iframe&gt;\">Esta p\u00e1gina incluye contenido multimedia que requiere aceptar todas las cookies. Pulse aqu\u00ed para abrir la configuraci\u00f3n de cookies.<\/div><\/span><\/p>\n<p><strong><em><span style=\"color: #ff6600\">NOTAS DE INTER\u00c9S:<\/span><\/em><\/strong><\/p>\n<ul>\n<li><strong><em><span style=\"color: #ff6600\">Os recuerdo que nos vamos de puente, volvemos el mi\u00e9rcoles as\u00ed que la pr\u00f3xima semana no tendremos Proyecto de lectura. Pod\u00e9is traer los libros el mi\u00e9rcoles, pero la pr\u00f3xima entrega se realizar\u00e1 el martes d\u00eda 8 de noviembre.<\/span><\/em><\/strong><\/li>\n<li><strong><em><span style=\"color: #ff6600\">Necesito que para la vuelta del puente cada ni\u00f1@ traiga a clase un CORCHO de botella (los usaremos para un taller creativo).<\/span><\/em><\/strong><\/li>\n<li><strong><em><span style=\"color: #ff6600\">Estoy esperando las nuevas fotos de familia, y las fotos carnet, para poder actualizar nuestro cartel de las emociones. Aprovechad el puente y conseguidlas.<\/span><\/em><\/strong><\/li>\n<li><strong><em><span style=\"color: #ff6600\">El mi\u00e9rcoles que nos incorporamos tras el puente tendremos salida a la vega, \u00a0recordad que hay que traer ropa y calzado c\u00f3modos.<\/span><\/em><\/strong><\/li>\n<li><strong><em><span style=\"color: #ff6600\">El pr\u00f3ximo viernes, d\u00eda 4, tendremos nuestra Fiesta de Oto\u00f1o. Nosotros en el cole tendremos un d\u00eda especial desde primera hora de la ma\u00f1ana, con la visita del Sr. y la Sra. Oto\u00f1o. A las familias os esperamos a partir de las 16:00h para compartir merienda en el patio. Os recuerdo que cada clase tendr\u00e1 asignada una mesa en la que podr\u00e9is dejar vuestro dulce de oto\u00f1o. Cuando todas las familias hayan recogido a sus hijos\/as nos reuniremos alrededor de esta mesa para celebrar la llegada de esta estaci\u00f3n. No faltar\u00e1 el chocolate calentito y las casta\u00f1as asadas, como cada a\u00f1o. \u00a1No pod\u00e9is faltar!<\/span><\/em><\/strong><\/li>\n<\/ul>\n<p style=\"text-align: right\"><strong><em><span style=\"color: #ff6600\">Loli G\u00e1lvez<\/span><\/em><\/strong><\/p>\n<p><strong><em><span style=\"color: #ff6600\">NO<\/span><\/em><\/strong> PROYECTO LECTURA<\/p>\n<p>ANUNCIAR FIESTA PRIMAVERA<\/p>\n<p>&nbsp;<\/p>\n<p>&nbsp;<\/p>\n","protected":false},"excerpt":{"rendered":"<p>Hoy ponemos fin a nuestra \u00abs\u00faper-propuesta\u00bb de EL LOBO. Como sab\u00e9is ha sido una semana en la que hemos le\u00eddo multitud de cuentos, hemos representado con marionetas, nos hemos transformado en los personajes de los cuentos (a trav\u00e9s del maquillaje, los disfraces y la ambientaci\u00f3n espacial), hemos escuchado canciones y hemos visto peque\u00f1os cap\u00edtulos de &hellip; <a href=\"https:\/\/www.alqueria.es\/blogs\/alqueriaamarillanaranja\/2016\/10\/28\/nos-encanta-el-lobo\/\" class=\"more-link\">Seguir leyendo <span class=\"screen-reader-text\">\u00a1Nos encanta \u00abEl lobo\u00bb!<\/span> <span class=\"meta-nav\">&rarr;<\/span><\/a><\/p>\n","protected":false},"author":23,"featured_media":0,"comment_status":"open","ping_status":"open","sticky":false,"template":"","format":"standard","meta":{"jetpack_post_was_ever_published":false,"_jetpack_newsletter_access":"","_jetpack_dont_email_post_to_subs":false,"_jetpack_newsletter_tier_id":0,"_jetpack_memberships_contains_paywalled_content":false,"_jetpack_memberships_contains_paid_content":false,"footnotes":"","jetpack_publicize_message":"","jetpack_publicize_feature_enabled":true,"jetpack_social_post_already_shared":true,"jetpack_social_options":{"image_generator_settings":{"template":"highway","default_image_id":0,"font":"","enabled":false},"version":2}},"categories":[23,7,8],"tags":[291,48,89,144],"class_list":["post-22244","post","type-post","status-publish","format-standard","hentry","category-cancionero-clase-naranja-2","category-clase-naranja","category-diario","tag-cancionero","tag-educacion-fisica","tag-metodo-de-propuestas","tag-musica"],"jetpack_publicize_connections":[],"jetpack_featured_media_url":"","jetpack_sharing_enabled":true,"jetpack_shortlink":"https:\/\/wp.me\/p4lG08-5MM","jetpack-related-posts":[],"_links":{"self":[{"href":"https:\/\/www.alqueria.es\/blogs\/alqueriaamarillanaranja\/wp-json\/wp\/v2\/posts\/22244","targetHints":{"allow":["GET"]}}],"collection":[{"href":"https:\/\/www.alqueria.es\/blogs\/alqueriaamarillanaranja\/wp-json\/wp\/v2\/posts"}],"about":[{"href":"https:\/\/www.alqueria.es\/blogs\/alqueriaamarillanaranja\/wp-json\/wp\/v2\/types\/post"}],"author":[{"embeddable":true,"href":"https:\/\/www.alqueria.es\/blogs\/alqueriaamarillanaranja\/wp-json\/wp\/v2\/users\/23"}],"replies":[{"embeddable":true,"href":"https:\/\/www.alqueria.es\/blogs\/alqueriaamarillanaranja\/wp-json\/wp\/v2\/comments?post=22244"}],"version-history":[{"count":0,"href":"https:\/\/www.alqueria.es\/blogs\/alqueriaamarillanaranja\/wp-json\/wp\/v2\/posts\/22244\/revisions"}],"wp:attachment":[{"href":"https:\/\/www.alqueria.es\/blogs\/alqueriaamarillanaranja\/wp-json\/wp\/v2\/media?parent=22244"}],"wp:term":[{"taxonomy":"category","embeddable":true,"href":"https:\/\/www.alqueria.es\/blogs\/alqueriaamarillanaranja\/wp-json\/wp\/v2\/categories?post=22244"},{"taxonomy":"post_tag","embeddable":true,"href":"https:\/\/www.alqueria.es\/blogs\/alqueriaamarillanaranja\/wp-json\/wp\/v2\/tags?post=22244"}],"curies":[{"name":"wp","href":"https:\/\/api.w.org\/{rel}","templated":true}]}}