{"id":22797,"date":"2016-11-21T15:03:25","date_gmt":"2016-11-21T14:03:25","guid":{"rendered":"https:\/\/www.alqueria.es\/blogs\/alqueriaamarillanaranja\/?p=22797"},"modified":"2016-11-21T15:03:25","modified_gmt":"2016-11-21T14:03:25","slug":"primera-salida-al-exterior","status":"publish","type":"post","link":"https:\/\/www.alqueria.es\/blogs\/alqueriaamarillanaranja\/2016\/11\/21\/primera-salida-al-exterior\/","title":{"rendered":"PRIMERA SALIDA AL EXTERIOR."},"content":{"rendered":"<p>En este d\u00eda tan oto\u00f1al iniciamos la jornada jugando con las pelotas de diferentes tama\u00f1os y colores.<\/p>\n<p>Hacemos la lectura de las cartas del fin de semana. Adriana, Nacho y Vega nos cuentan lo bien que lo han pasado con su familia. Con ayuda de la lectura de la carta han ido recordando dichos momentos tan significativos y lo han podido comunicar a su manera y compartir con sus iguales. Para aquellos olvidadizos os\u00a0 ANIMO A ESCRIBIR\u00a0 es en beneficio de vuestros peque\u00f1os,\u00a0 que <img decoding=\"async\" data-attachment-id=\"22885\" data-permalink=\"https:\/\/www.alqueria.es\/blogs\/alqueriaamarillanaranja\/2016\/11\/21\/primera-salida-al-exterior\/la_carta_725032_t0\/\" data-orig-file=\"https:\/\/www.alqueria.es\/blogs\/alqueriaamarillanaranja\/wp-content\/uploads\/sites\/9\/2016\/11\/la_carta_725032_t0.jpg\" data-orig-size=\"500,353\" data-comments-opened=\"1\" data-image-meta=\"{&quot;aperture&quot;:&quot;0&quot;,&quot;credit&quot;:&quot;&quot;,&quot;camera&quot;:&quot;&quot;,&quot;caption&quot;:&quot;&quot;,&quot;created_timestamp&quot;:&quot;0&quot;,&quot;copyright&quot;:&quot;&quot;,&quot;focal_length&quot;:&quot;0&quot;,&quot;iso&quot;:&quot;0&quot;,&quot;shutter_speed&quot;:&quot;0&quot;,&quot;title&quot;:&quot;&quot;,&quot;orientation&quot;:&quot;0&quot;}\" data-image-title=\"la_carta_725032_t0\" data-image-description=\"\" data-image-caption=\"\" data-large-file=\"https:\/\/www.alqueria.es\/blogs\/alqueriaamarillanaranja\/wp-content\/uploads\/sites\/9\/2016\/11\/la_carta_725032_t0.jpg\" class=\" wp-image-22885 alignright\" src=\"https:\/\/cloud.alqueria.es\/wp-content\/uploads\/sites\/9\/2016\/11\/la_carta_725032_t0-300x212.jpg\" alt=\"la_carta_725032_t0\" width=\"338\" height=\"239\" srcset=\"https:\/\/www.alqueria.es\/blogs\/alqueriaamarillanaranja\/wp-content\/uploads\/sites\/9\/2016\/11\/la_carta_725032_t0-300x212.jpg 300w, https:\/\/www.alqueria.es\/blogs\/alqueriaamarillanaranja\/wp-content\/uploads\/sites\/9\/2016\/11\/la_carta_725032_t0.jpg 500w\" sizes=\"(max-width: 338px) 100vw, 338px\" \/>necesitan la ayuda del adulto para rememorar los momentos vividos y expresar a su manera con los ojos, las manos&#8230;.hablando.<br \/>\nAnunciamos de manera oficial que el pr\u00f3ximo viernes tendremos <img decoding=\"async\" data-attachment-id=\"22886\" data-permalink=\"https:\/\/www.alqueria.es\/blogs\/alqueriaamarillanaranja\/2016\/11\/21\/primera-salida-al-exterior\/transporte-escolar_hd_38227\/\" data-orig-file=\"https:\/\/www.alqueria.es\/blogs\/alqueriaamarillanaranja\/wp-content\/uploads\/sites\/9\/2016\/11\/transporte-escolar_hd_38227.jpg\" data-orig-size=\"1024,680\" data-comments-opened=\"1\" data-image-meta=\"{&quot;aperture&quot;:&quot;0&quot;,&quot;credit&quot;:&quot;&quot;,&quot;camera&quot;:&quot;&quot;,&quot;caption&quot;:&quot;&quot;,&quot;created_timestamp&quot;:&quot;0&quot;,&quot;copyright&quot;:&quot;&quot;,&quot;focal_length&quot;:&quot;0&quot;,&quot;iso&quot;:&quot;0&quot;,&quot;shutter_speed&quot;:&quot;0&quot;,&quot;title&quot;:&quot;&quot;,&quot;orientation&quot;:&quot;0&quot;}\" data-image-title=\"transporte-escolar_hd_38227\" data-image-description=\"\" data-image-caption=\"\" data-large-file=\"https:\/\/www.alqueria.es\/blogs\/alqueriaamarillanaranja\/wp-content\/uploads\/sites\/9\/2016\/11\/transporte-escolar_hd_38227-1024x680.jpg\" class=\"size-medium wp-image-22886 alignleft\" src=\"https:\/\/cloud.alqueria.es\/wp-content\/uploads\/sites\/9\/2016\/11\/transporte-escolar_hd_38227-300x199.jpg\" alt=\"transporte-escolar_hd_38227\" width=\"300\" height=\"199\" srcset=\"https:\/\/www.alqueria.es\/blogs\/alqueriaamarillanaranja\/wp-content\/uploads\/sites\/9\/2016\/11\/transporte-escolar_hd_38227-300x199.jpg 300w, https:\/\/www.alqueria.es\/blogs\/alqueriaamarillanaranja\/wp-content\/uploads\/sites\/9\/2016\/11\/transporte-escolar_hd_38227-768x510.jpg 768w, https:\/\/www.alqueria.es\/blogs\/alqueriaamarillanaranja\/wp-content\/uploads\/sites\/9\/2016\/11\/transporte-escolar_hd_38227.jpg 1024w\" sizes=\"(max-width: 300px) 100vw, 300px\" \/>nuestra primera salida.<\/p>\n<p>El lugar: Facultad de la Ciencias del Deporte. Ten\u00e9is un cartel en la entrada del aula para recordar el d\u00eda, el lugar y la hora de salida. Tratamos las normas de la salida:<\/p>\n<p>&#8211; El d\u00eda de la salida nos ponemos las placas identificativas.<\/p>\n<p>-Todos juntos despacito, sin correr.<\/p>\n<p>-En el autob\u00fas todos bien sentados nos ponemos los cinturones de<img decoding=\"async\" data-attachment-id=\"22887\" data-permalink=\"https:\/\/www.alqueria.es\/blogs\/alqueriaamarillanaranja\/2016\/11\/21\/primera-salida-al-exterior\/13131752-dibujos-de-los-ni-os-en-un-coche-foto-de-archivo\/\" data-orig-file=\"https:\/\/www.alqueria.es\/blogs\/alqueriaamarillanaranja\/wp-content\/uploads\/sites\/9\/2016\/11\/13131752-dibujos-de-los-ni-os-en-un-coche-Foto-de-archivo.jpg\" data-orig-size=\"1024,789\" data-comments-opened=\"1\" data-image-meta=\"{&quot;aperture&quot;:&quot;0&quot;,&quot;credit&quot;:&quot;&quot;,&quot;camera&quot;:&quot;&quot;,&quot;caption&quot;:&quot;&quot;,&quot;created_timestamp&quot;:&quot;0&quot;,&quot;copyright&quot;:&quot;&quot;,&quot;focal_length&quot;:&quot;0&quot;,&quot;iso&quot;:&quot;0&quot;,&quot;shutter_speed&quot;:&quot;0&quot;,&quot;title&quot;:&quot;&quot;,&quot;orientation&quot;:&quot;0&quot;}\" data-image-title=\"13131752-dibujos-de-los-ni-os-en-un-coche-foto-de-archivo\" data-image-description=\"\" data-image-caption=\"\" data-large-file=\"https:\/\/www.alqueria.es\/blogs\/alqueriaamarillanaranja\/wp-content\/uploads\/sites\/9\/2016\/11\/13131752-dibujos-de-los-ni-os-en-un-coche-Foto-de-archivo-1024x789.jpg\" class=\"size-medium wp-image-22887 alignright\" src=\"https:\/\/cloud.alqueria.es\/wp-content\/uploads\/sites\/9\/2016\/11\/13131752-dibujos-de-los-ni-os-en-un-coche-Foto-de-archivo-300x231.jpg\" alt=\"13131752-dibujos-de-los-ni-os-en-un-coche-foto-de-archivo\" width=\"300\" height=\"231\" srcset=\"https:\/\/www.alqueria.es\/blogs\/alqueriaamarillanaranja\/wp-content\/uploads\/sites\/9\/2016\/11\/13131752-dibujos-de-los-ni-os-en-un-coche-Foto-de-archivo-300x231.jpg 300w, https:\/\/www.alqueria.es\/blogs\/alqueriaamarillanaranja\/wp-content\/uploads\/sites\/9\/2016\/11\/13131752-dibujos-de-los-ni-os-en-un-coche-Foto-de-archivo-768x592.jpg 768w, https:\/\/www.alqueria.es\/blogs\/alqueriaamarillanaranja\/wp-content\/uploads\/sites\/9\/2016\/11\/13131752-dibujos-de-los-ni-os-en-un-coche-Foto-de-archivo.jpg 1024w\" sizes=\"(max-width: 300px) 100vw, 300px\" \/>seguridad. No se quitan hasta que Carmen o Encarna lo digan.<\/p>\n<p>-Con los oidos bien abiertos para escuchar todo cuanto nos digan.<\/p>\n<p>Para dicha salida os recomendamos ropa c\u00f3moda: chandal para estar libre en los movimientos que se tengan de realizar y buen calzado.<\/p>\n<p style=\"text-align: right\">Encarna Cam\u00fas.<\/p>\n","protected":false},"excerpt":{"rendered":"<p>En este d\u00eda tan oto\u00f1al iniciamos la jornada jugando con las pelotas de diferentes tama\u00f1os y colores. Hacemos la lectura de las cartas del fin de semana. Adriana, Nacho y Vega nos cuentan lo bien que lo han pasado con su familia. Con ayuda de la lectura de la carta han ido recordando dichos momentos &hellip; <a href=\"https:\/\/www.alqueria.es\/blogs\/alqueriaamarillanaranja\/2016\/11\/21\/primera-salida-al-exterior\/\" class=\"more-link\">Seguir leyendo <span class=\"screen-reader-text\">PRIMERA SALIDA AL EXTERIOR.<\/span> <span class=\"meta-nav\">&rarr;<\/span><\/a><\/p>\n","protected":false},"author":23,"featured_media":0,"comment_status":"open","ping_status":"open","sticky":false,"template":"","format":"standard","meta":{"jetpack_post_was_ever_published":false,"_jetpack_newsletter_access":"","_jetpack_dont_email_post_to_subs":false,"_jetpack_newsletter_tier_id":0,"_jetpack_memberships_contains_paywalled_content":false,"_jetpack_memberships_contains_paid_content":false,"footnotes":"","jetpack_publicize_message":"","jetpack_publicize_feature_enabled":true,"jetpack_social_post_already_shared":true,"jetpack_social_options":{"image_generator_settings":{"template":"highway","default_image_id":0,"font":"","enabled":false},"version":2}},"categories":[6,9],"tags":[285,80],"class_list":["post-22797","post","type-post","status-publish","format-standard","hentry","category-clase-amarilla","category-diario-clase-amarilla","tag-alfabetizacion","tag-juego-libre"],"jetpack_publicize_connections":[],"jetpack_featured_media_url":"","jetpack_sharing_enabled":true,"jetpack_shortlink":"https:\/\/wp.me\/p4lG08-5VH","jetpack-related-posts":[],"_links":{"self":[{"href":"https:\/\/www.alqueria.es\/blogs\/alqueriaamarillanaranja\/wp-json\/wp\/v2\/posts\/22797","targetHints":{"allow":["GET"]}}],"collection":[{"href":"https:\/\/www.alqueria.es\/blogs\/alqueriaamarillanaranja\/wp-json\/wp\/v2\/posts"}],"about":[{"href":"https:\/\/www.alqueria.es\/blogs\/alqueriaamarillanaranja\/wp-json\/wp\/v2\/types\/post"}],"author":[{"embeddable":true,"href":"https:\/\/www.alqueria.es\/blogs\/alqueriaamarillanaranja\/wp-json\/wp\/v2\/users\/23"}],"replies":[{"embeddable":true,"href":"https:\/\/www.alqueria.es\/blogs\/alqueriaamarillanaranja\/wp-json\/wp\/v2\/comments?post=22797"}],"version-history":[{"count":0,"href":"https:\/\/www.alqueria.es\/blogs\/alqueriaamarillanaranja\/wp-json\/wp\/v2\/posts\/22797\/revisions"}],"wp:attachment":[{"href":"https:\/\/www.alqueria.es\/blogs\/alqueriaamarillanaranja\/wp-json\/wp\/v2\/media?parent=22797"}],"wp:term":[{"taxonomy":"category","embeddable":true,"href":"https:\/\/www.alqueria.es\/blogs\/alqueriaamarillanaranja\/wp-json\/wp\/v2\/categories?post=22797"},{"taxonomy":"post_tag","embeddable":true,"href":"https:\/\/www.alqueria.es\/blogs\/alqueriaamarillanaranja\/wp-json\/wp\/v2\/tags?post=22797"}],"curies":[{"name":"wp","href":"https:\/\/api.w.org\/{rel}","templated":true}]}}