{"id":22864,"date":"2016-11-21T17:00:11","date_gmt":"2016-11-21T16:00:11","guid":{"rendered":"https:\/\/www.alqueria.es\/blogs\/alqueriaamarillanaranja\/?p=22864"},"modified":"2016-11-21T16:31:09","modified_gmt":"2016-11-21T15:31:09","slug":"casa-o-piso","status":"publish","type":"post","link":"https:\/\/www.alqueria.es\/blogs\/alqueriaamarillanaranja\/2016\/11\/21\/casa-o-piso\/","title":{"rendered":"\u00bfCasa o piso?"},"content":{"rendered":"<p><strong><em><span style=\"color: #ff6600\">Comenzamos una semana m\u00e1s que parece que promete mucho \u00abjuego <img decoding=\"async\" class=\" alignright\" src=\"http:\/\/gifsde.com\/uploads\/6545c8_patolluvia.gif\" alt=\"\" width=\"157\" height=\"224\" \/>en el aula\u00bb, ya que el pron\u00f3stico es de lluvia para todos los d\u00edas.<\/span><\/em><\/strong><\/p>\n<p><strong><em><span style=\"color: #ff6600\">En nuestra asamblea inicial damos la bienvenida al grupo que llega contento despu\u00e9s del \u00abdescanso\u00bb del <span style=\"text-decoration: underline\">fin de semana.<\/span> Aqu\u00ed os dejo los comentarios que han hecho acerca de los d\u00edas que han pasado en casa:<\/span><\/em><\/strong><\/p>\n<p><strong><em><span style=\"color: #ff6600\">LUNA: he ido al Parque de las ciencias.<\/span><\/em><\/strong><\/p>\n<p><strong><em><span style=\"color: #ff6600\">ALEX: hemos ido al cumple de Vera, mi amiga del cole Luna. Y hemos jugado con unas pelotas, y un tibur\u00f3n, y hemos corrido mucho.<\/span><\/em><\/strong><\/p>\n<p><strong><em><span style=\"color: #ff6600\">CLARA: he estado en casa y me he dado un golpe en la frente con la puerta.<\/span><\/em><\/strong><\/p>\n<p><strong><em><span style=\"color: #ff6600\">OLIVER: he ido a comprar pan con pap\u00e1 y mam\u00e1.<\/span><\/em><\/strong><\/p>\n<p><strong><em><span style=\"color: #ff6600\">MARCO: he comido chicle que me ha dado mi hermana. Y he ido al cine con mis amigos a ver Harry Potter.<\/span><\/em><\/strong><\/p>\n<p><strong><em><span style=\"color: #ff6600\">MARCELO: he estado en mi casa con pap\u00e1 y mam\u00e1, y pap\u00e1 jugaba conmigo a los lobos.<\/span><\/em><\/strong><\/p>\n<p><strong><em><span style=\"color: #ff6600\">LEO P.: he ido al parque con papi y con Nacho y con mami, y con mi bici.<\/span><\/em><\/strong><\/p>\n<p><strong><em><span style=\"color: #ff6600\">ALINE: he ido al baloncesto con Andrea, y ve\u00edamos el partido.<\/span><\/em><\/strong><\/p>\n<p><strong><em><span style=\"color: #ff6600\">ANDREA: y yo me re\u00eda, y sal\u00edan bailarinas y bailaban.<\/span><\/em><\/strong><\/p>\n<p><strong><em><span style=\"color: #ff6600\">ANA: yo he jugado en casa a los leones.<\/span><\/em><\/strong><\/p>\n<p><strong><em><span style=\"color: #ff6600\">MAR\u00cdA: he ido a comprar chocolate y lacasitos con mam\u00e1.<\/span><\/em><\/strong><\/p>\n<p><strong><em><span style=\"color: #ff6600\">SOF\u00cdA: he ido al cumplea\u00f1os de Rodrigo y de mi primo \u00c1lvaro, y yo jugaba sola, sin pap\u00e1 ni mam\u00e1, en los columpios.<\/span><\/em><\/strong><\/p>\n<p><strong><em><span style=\"color: #ff6600\">CANDELA: yo he estado malita, me hac\u00eda da\u00f1o en las orejas<\/span><\/em><\/strong><\/p>\n<p><strong><em><span style=\"color: #ff6600\">BEATR\u00cdZ: he ido a un teatro de \u00abEl mago Kike\u00bb, y hac\u00eda magia. Y hac\u00eda un truco con los ni\u00f1os.<\/span><\/em><\/strong><\/p>\n<p><strong><em><span style=\"color: #ff6600\">LEO S.: he estado con pap\u00e1 y he ido a los columpios y he jugado mucho.<\/span><\/em><\/strong><\/p>\n<p><strong><em><span style=\"color: #ff6600\">VIOLETA: me he quedado en casa porque estaba malita. Me dol\u00eda la barriga.<\/span><\/em><\/strong><\/p>\n<p><strong><em><span style=\"color: #ff6600\"><img decoding=\"async\" data-attachment-id=\"22875\" data-permalink=\"https:\/\/www.alqueria.es\/blogs\/alqueriaamarillanaranja\/2016\/11\/21\/casa-o-piso\/descarga-74\/\" data-orig-file=\"https:\/\/www.alqueria.es\/blogs\/alqueriaamarillanaranja\/wp-content\/uploads\/sites\/9\/2016\/11\/descarga-7.jpg\" data-orig-size=\"259,194\" data-comments-opened=\"1\" data-image-meta=\"{&quot;aperture&quot;:&quot;0&quot;,&quot;credit&quot;:&quot;&quot;,&quot;camera&quot;:&quot;&quot;,&quot;caption&quot;:&quot;&quot;,&quot;created_timestamp&quot;:&quot;0&quot;,&quot;copyright&quot;:&quot;&quot;,&quot;focal_length&quot;:&quot;0&quot;,&quot;iso&quot;:&quot;0&quot;,&quot;shutter_speed&quot;:&quot;0&quot;,&quot;title&quot;:&quot;&quot;,&quot;orientation&quot;:&quot;0&quot;}\" data-image-title=\"descarga\" data-image-description=\"\" data-image-caption=\"\" data-large-file=\"https:\/\/www.alqueria.es\/blogs\/alqueriaamarillanaranja\/wp-content\/uploads\/sites\/9\/2016\/11\/descarga-7.jpg\" class=\"alignleft wp-image-22875\" src=\"https:\/\/cloud.alqueria.es\/wp-content\/uploads\/sites\/9\/2016\/11\/descarga-7.jpg\" alt=\"descarga\" width=\"291\" height=\"218\" \/>Tras esta larga charla&#8230;&#8230;.., retomamos el tema que empezamos el viernes sobre <span style=\"text-decoration: underline\">\u00abd\u00f3nde vivimos\u00bb.<\/span> Todos tienen clara una cosa: \u00bb yo vivo en mi casa\u00bb ;). A partir de aqu\u00ed les hago un dibujo en la pizarra de una casa y otro de un edificio de pisos. Hablamos sobre sus diferencias, pero reconocemos tambi\u00e9n sus semejanzas: todos tienen b\u00e1sicamente las mismas habitaciones o dependencias: cocina, ba\u00f1o, dormitorios, sal\u00f3n&#8230;&#8230;.. Para este aspecto, nos viene estupendamente un libro que ha tra\u00eddo Marcelo t\u00edtulado: \u00abLa casa\u00bb, en \u00e9l observamos las cosas b\u00e1sicas que podemos encontrar en cada una de estas dependencias.<\/span><\/em><\/strong><\/p>\n<p><strong><em><span style=\"color: #ff6600\">Finalmente les pregunto:<span style=\"text-decoration: underline\"> \u00bfd\u00f3nde vives en un piso o en una casa?,<\/span> y <img decoding=\"async\" data-attachment-id=\"22876\" data-permalink=\"https:\/\/www.alqueria.es\/blogs\/alqueriaamarillanaranja\/2016\/11\/21\/casa-o-piso\/images-106\/\" data-orig-file=\"https:\/\/www.alqueria.es\/blogs\/alqueriaamarillanaranja\/wp-content\/uploads\/sites\/9\/2016\/11\/images-7.jpg\" data-orig-size=\"225,225\" data-comments-opened=\"1\" data-image-meta=\"{&quot;aperture&quot;:&quot;0&quot;,&quot;credit&quot;:&quot;&quot;,&quot;camera&quot;:&quot;&quot;,&quot;caption&quot;:&quot;&quot;,&quot;created_timestamp&quot;:&quot;0&quot;,&quot;copyright&quot;:&quot;&quot;,&quot;focal_length&quot;:&quot;0&quot;,&quot;iso&quot;:&quot;0&quot;,&quot;shutter_speed&quot;:&quot;0&quot;,&quot;title&quot;:&quot;&quot;,&quot;orientation&quot;:&quot;0&quot;}\" data-image-title=\"images\" data-image-description=\"\" data-image-caption=\"\" data-large-file=\"https:\/\/www.alqueria.es\/blogs\/alqueriaamarillanaranja\/wp-content\/uploads\/sites\/9\/2016\/11\/images-7.jpg\" class=\"alignright size-full wp-image-22876\" src=\"https:\/\/cloud.alqueria.es\/wp-content\/uploads\/sites\/9\/2016\/11\/images-7.jpg\" alt=\"images\" width=\"225\" height=\"225\" srcset=\"https:\/\/www.alqueria.es\/blogs\/alqueriaamarillanaranja\/wp-content\/uploads\/sites\/9\/2016\/11\/images-7.jpg 225w, https:\/\/www.alqueria.es\/blogs\/alqueriaamarillanaranja\/wp-content\/uploads\/sites\/9\/2016\/11\/images-7-150x150.jpg 150w\" sizes=\"(max-width: 225px) 100vw, 225px\" \/>parece que todos lo tienen claro:<\/span><\/em><\/strong><\/p>\n<p><strong><em><span style=\"color: #ff6600\">PISO: Andrea, Clara, Leo S., Leo P., y Sof\u00eda.<\/span><\/em><\/strong><\/p>\n<p><strong><em><span style=\"color: #ff6600\">CASA: (todos los dem\u00e1s&#8230;&#8230;&#8230;..).<\/span><\/em><\/strong><\/p>\n<p><strong><em><span style=\"color: #ff6600\">Un aspecto importante que han tenido en cuenta a la hora de diferenciarlos es si su casa tiene o no ascensor, jajajajaja (ellos solos buscan sus propias estrat\u00e9gias).<\/span><\/em><\/strong><\/p>\n<p><strong><em><span style=\"color: #993300\">Y como broche de la ma\u00f1ana, tenemos <span style=\"text-decoration: underline\">degustaci\u00f3n de los siguientes productos:<\/span><\/span><\/em><\/strong><\/p>\n<div class=\"tiled-gallery type-circle tiled-gallery-unresized\" data-original-width=\"474\" data-carousel-extra='{&quot;blog_id&quot;:9,&quot;permalink&quot;:&quot;https:\\\/\\\/www.alqueria.es\\\/blogs\\\/alqueriaamarillanaranja\\\/2016\\\/11\\\/21\\\/casa-o-piso\\\/&quot;,&quot;likes_blog_id&quot;:64271688}' itemscope itemtype=\"http:\/\/schema.org\/ImageGallery\" > <div class=\"gallery-row\" style=\"width: 474px; height: 237px;\" data-original-width=\"474\" data-original-height=\"237\" > <div class=\"gallery-group\" style=\"width: 237px; height: 237px;\" data-original-width=\"237\" data-original-height=\"237\" > <div class=\"tiled-gallery-item \" itemprop=\"associatedMedia\" itemscope itemtype=\"http:\/\/schema.org\/ImageObject\"> <a href=\"https:\/\/www.alqueria.es\/blogs\/alqueriaamarillanaranja\/2016\/11\/21\/casa-o-piso\/descarga-1-34\/\" border=\"0\" itemprop=\"url\"> <meta itemprop=\"width\" content=\"233\"> <meta itemprop=\"height\" content=\"233\"> <img decoding=\"async\" class=\"\" data-attachment-id=\"22877\" data-orig-file=\"https:\/\/www.alqueria.es\/blogs\/alqueriaamarillanaranja\/wp-content\/uploads\/sites\/9\/2016\/11\/descarga-1-3.jpg\" data-orig-size=\"275,183\" data-comments-opened=\"1\" data-image-meta=\"{&quot;aperture&quot;:&quot;0&quot;,&quot;credit&quot;:&quot;&quot;,&quot;camera&quot;:&quot;&quot;,&quot;caption&quot;:&quot;&quot;,&quot;created_timestamp&quot;:&quot;0&quot;,&quot;copyright&quot;:&quot;&quot;,&quot;focal_length&quot;:&quot;0&quot;,&quot;iso&quot;:&quot;0&quot;,&quot;shutter_speed&quot;:&quot;0&quot;,&quot;title&quot;:&quot;&quot;,&quot;orientation&quot;:&quot;0&quot;}\" data-image-title=\"descarga-1\" data-image-description=\"\" data-medium-file=\"https:\/\/www.alqueria.es\/blogs\/alqueriaamarillanaranja\/wp-content\/uploads\/sites\/9\/2016\/11\/descarga-1-3.jpg\" data-large-file=\"https:\/\/www.alqueria.es\/blogs\/alqueriaamarillanaranja\/wp-content\/uploads\/sites\/9\/2016\/11\/descarga-1-3.jpg\" src=\"https:\/\/i0.wp.com\/www.alqueria.es\/blogs\/alqueriaamarillanaranja\/wp-content\/uploads\/sites\/9\/2016\/11\/descarga-1-3.jpg?w=233&#038;h=233&#038;crop=1&#038;ssl=1\" width=\"233\" height=\"233\" loading=\"lazy\" data-original-width=\"233\" data-original-height=\"233\" itemprop=\"http:\/\/schema.org\/image\" title=\"descarga-1\" alt=\"descarga-1\" style=\"width: 233px; height: 233px;\" \/> <\/a> <\/div> <\/div> <div class=\"gallery-group\" style=\"width: 237px; height: 237px;\" data-original-width=\"237\" data-original-height=\"237\" > <div class=\"tiled-gallery-item \" itemprop=\"associatedMedia\" itemscope itemtype=\"http:\/\/schema.org\/ImageObject\"> <a href=\"https:\/\/www.alqueria.es\/blogs\/alqueriaamarillanaranja\/2016\/11\/21\/casa-o-piso\/descarga-2-25\/\" border=\"0\" itemprop=\"url\"> <meta itemprop=\"width\" content=\"233\"> <meta itemprop=\"height\" content=\"233\"> <img decoding=\"async\" class=\"\" data-attachment-id=\"22878\" data-orig-file=\"https:\/\/www.alqueria.es\/blogs\/alqueriaamarillanaranja\/wp-content\/uploads\/sites\/9\/2016\/11\/descarga-2-3.jpg\" data-orig-size=\"269,187\" data-comments-opened=\"1\" data-image-meta=\"{&quot;aperture&quot;:&quot;0&quot;,&quot;credit&quot;:&quot;&quot;,&quot;camera&quot;:&quot;&quot;,&quot;caption&quot;:&quot;&quot;,&quot;created_timestamp&quot;:&quot;0&quot;,&quot;copyright&quot;:&quot;&quot;,&quot;focal_length&quot;:&quot;0&quot;,&quot;iso&quot;:&quot;0&quot;,&quot;shutter_speed&quot;:&quot;0&quot;,&quot;title&quot;:&quot;&quot;,&quot;orientation&quot;:&quot;0&quot;}\" data-image-title=\"descarga-2\" data-image-description=\"\" data-medium-file=\"https:\/\/www.alqueria.es\/blogs\/alqueriaamarillanaranja\/wp-content\/uploads\/sites\/9\/2016\/11\/descarga-2-3.jpg\" data-large-file=\"https:\/\/www.alqueria.es\/blogs\/alqueriaamarillanaranja\/wp-content\/uploads\/sites\/9\/2016\/11\/descarga-2-3.jpg\" src=\"https:\/\/i0.wp.com\/www.alqueria.es\/blogs\/alqueriaamarillanaranja\/wp-content\/uploads\/sites\/9\/2016\/11\/descarga-2-3.jpg?w=233&#038;h=233&#038;crop=1&#038;ssl=1\" width=\"233\" height=\"233\" loading=\"lazy\" data-original-width=\"233\" data-original-height=\"233\" itemprop=\"http:\/\/schema.org\/image\" title=\"descarga-2\" alt=\"descarga-2\" style=\"width: 233px; height: 233px;\" \/> <\/a> <\/div> <\/div> <\/div> <\/div>\n<ul>\n<li><strong><em><span style=\"color: #993300\">Mandarinas que nos trajo Candela de Valencia la semana pasada (desde aqu\u00ed damos las gracias al abuelo Pepe)<\/span><\/em><\/strong><\/li>\n<li><strong><em><span style=\"color: #993300\">Tamarindos que ha tra\u00eddo Sof\u00eda para que los prueben los compa\u00f1eros<\/span><\/em><\/strong><\/li>\n<li><strong><em><span style=\"color: #993300\">\u00a1Palomitas de ma\u00edz! como premio por haber conseguido \u00abcinco caritas sonrientes\u00bb, una por cada d\u00eda de la semana que nuestro comportamiento en el comedor fue adecuado. \u00a0Hemos hecho las palomitas en una palomitera, y hemos tenido la oportunidad de verlas saltar cuando se hac\u00edan. Mientras las com\u00edamos hemos escuchado esta m\u00fasica, que luego nos ha servido para bailar y saltar para que todo lo que hab\u00edamos comido nos llegase a la<\/span><\/em> <span style=\"color: #993300\">barriga, je<\/span><\/strong>.<\/li>\n<\/ul>\n<p><span class=\"embed-youtube\" style=\"text-align:center; display: block;\"><div class=\"a25-CTUOC-hidding-box\" data-original-content=\"&lt;iframe loading=&quot;lazy&quot; class=&quot;youtube-player&quot; width=&quot;474&quot; height=&quot;267&quot; src=&quot;https:\/\/www.youtube.com\/embed\/ARRPGTlyVdI?version=3&amp;#038;rel=1&amp;#038;showsearch=0&amp;#038;showinfo=1&amp;#038;iv_load_policy=1&amp;#038;fs=1&amp;#038;hl=es-ES&amp;#038;autohide=2&amp;#038;wmode=transparent&quot; allowfullscreen=&quot;true&quot; style=&quot;border:0;&quot; sandbox=&quot;allow-scripts allow-same-origin allow-popups allow-presentation allow-popups-to-escape-sandbox&quot;&gt;&lt;\/iframe&gt;\">Esta p\u00e1gina incluye contenido multimedia que requiere aceptar todas las cookies. Pulse aqu\u00ed para abrir la configuraci\u00f3n de cookies.<\/div><\/span><\/p>\n<p><strong><em><span style=\"color: #993300\">En la<span style=\"text-decoration: underline\"> tarde cooperativa<\/span> nos reunimos en la sala de psicomotricidad en <img decoding=\"async\" data-attachment-id=\"22891\" data-permalink=\"https:\/\/www.alqueria.es\/blogs\/alqueriaamarillanaranja\/2016\/11\/21\/casa-o-piso\/images-1-33\/\" data-orig-file=\"https:\/\/www.alqueria.es\/blogs\/alqueriaamarillanaranja\/wp-content\/uploads\/sites\/9\/2016\/11\/images-1-2.jpg\" data-orig-size=\"243,207\" data-comments-opened=\"1\" data-image-meta=\"{&quot;aperture&quot;:&quot;0&quot;,&quot;credit&quot;:&quot;&quot;,&quot;camera&quot;:&quot;&quot;,&quot;caption&quot;:&quot;&quot;,&quot;created_timestamp&quot;:&quot;0&quot;,&quot;copyright&quot;:&quot;&quot;,&quot;focal_length&quot;:&quot;0&quot;,&quot;iso&quot;:&quot;0&quot;,&quot;shutter_speed&quot;:&quot;0&quot;,&quot;title&quot;:&quot;&quot;,&quot;orientation&quot;:&quot;0&quot;}\" data-image-title=\"images-1\" data-image-description=\"\" data-image-caption=\"\" data-large-file=\"https:\/\/www.alqueria.es\/blogs\/alqueriaamarillanaranja\/wp-content\/uploads\/sites\/9\/2016\/11\/images-1-2.jpg\" class=\"alignright size-full wp-image-22891\" src=\"https:\/\/cloud.alqueria.es\/wp-content\/uploads\/sites\/9\/2016\/11\/images-1-2.jpg\" alt=\"images-1\" width=\"243\" height=\"207\" \/>una gran asamblea para ir avanzando temas relacionados con la navidad:<\/span><\/em><\/strong><\/p>\n<ul>\n<li><strong><em><span style=\"color: #993300\">Vamos a hacer un \u00e1rbol en el que colaborar\u00e1n las tres clases<\/span><\/em><\/strong><\/li>\n<li><strong><em><span style=\"color: #993300\">Introducimos el concepto: \u00abCarta de los deseos\u00bb, \u00bfqu\u00e9 es un deseo?, un deseo no se toca y no se puede comprar&#8230;&#8230;<\/span><\/em><\/strong><\/li>\n<li><strong><em><span style=\"color: #993300\">Ensayamos los villancicos que estamos preparando con Elena en las clases de m\u00fasica<\/span><\/em><\/strong><\/li>\n<\/ul>\n<p><strong><em><span style=\"color: #993300\">Terminamos cantando la canci\u00f3n \u00abEn la feria del este\u00bb \u00a0con Charito a la guitarra. \u00a1Qu\u00e9 bonito!<\/span><\/em><\/strong><\/p>\n<p style=\"text-align: left\"><strong><em><span style=\"color: #993300\">\u00a1<span style=\"text-decoration: underline\">Nuestro s\u00faper<\/span> ha sido Leo S. !<\/span><\/em><\/strong><\/p>\n<p style=\"text-align: left\"><strong><em><span style=\"color: #993300\">Loli G\u00e1lvez<\/span><\/em><\/strong><\/p>\n","protected":false},"excerpt":{"rendered":"<p>Comenzamos una semana m\u00e1s que parece que promete mucho \u00abjuego en el aula\u00bb, ya que el pron\u00f3stico es de lluvia para todos los d\u00edas. En nuestra asamblea inicial damos la bienvenida al grupo que llega contento despu\u00e9s del \u00abdescanso\u00bb del fin de semana. Aqu\u00ed os dejo los comentarios que han hecho acerca de los d\u00edas &hellip; <a href=\"https:\/\/www.alqueria.es\/blogs\/alqueriaamarillanaranja\/2016\/11\/21\/casa-o-piso\/\" class=\"more-link\">Seguir leyendo <span class=\"screen-reader-text\">\u00bfCasa o piso?<\/span> <span class=\"meta-nav\">&rarr;<\/span><\/a><\/p>\n","protected":false},"author":23,"featured_media":0,"comment_status":"open","ping_status":"open","sticky":false,"template":"","format":"standard","meta":{"jetpack_post_was_ever_published":false,"_jetpack_newsletter_access":"","_jetpack_dont_email_post_to_subs":false,"_jetpack_newsletter_tier_id":0,"_jetpack_memberships_contains_paywalled_content":false,"_jetpack_memberships_contains_paid_content":false,"footnotes":"","jetpack_publicize_message":"","jetpack_publicize_feature_enabled":true,"jetpack_social_post_already_shared":true,"jetpack_social_options":{"image_generator_settings":{"template":"highway","default_image_id":0,"font":"","enabled":false},"version":2}},"categories":[7,8],"tags":[181,400,89],"class_list":["post-22864","post","type-post","status-publish","format-standard","hentry","category-clase-naranja","category-diario","tag-fin-de-semana","tag-las-casas","tag-metodo-de-propuestas"],"jetpack_publicize_connections":[],"jetpack_featured_media_url":"","jetpack_sharing_enabled":true,"jetpack_shortlink":"https:\/\/wp.me\/p4lG08-5WM","jetpack-related-posts":[],"_links":{"self":[{"href":"https:\/\/www.alqueria.es\/blogs\/alqueriaamarillanaranja\/wp-json\/wp\/v2\/posts\/22864","targetHints":{"allow":["GET"]}}],"collection":[{"href":"https:\/\/www.alqueria.es\/blogs\/alqueriaamarillanaranja\/wp-json\/wp\/v2\/posts"}],"about":[{"href":"https:\/\/www.alqueria.es\/blogs\/alqueriaamarillanaranja\/wp-json\/wp\/v2\/types\/post"}],"author":[{"embeddable":true,"href":"https:\/\/www.alqueria.es\/blogs\/alqueriaamarillanaranja\/wp-json\/wp\/v2\/users\/23"}],"replies":[{"embeddable":true,"href":"https:\/\/www.alqueria.es\/blogs\/alqueriaamarillanaranja\/wp-json\/wp\/v2\/comments?post=22864"}],"version-history":[{"count":0,"href":"https:\/\/www.alqueria.es\/blogs\/alqueriaamarillanaranja\/wp-json\/wp\/v2\/posts\/22864\/revisions"}],"wp:attachment":[{"href":"https:\/\/www.alqueria.es\/blogs\/alqueriaamarillanaranja\/wp-json\/wp\/v2\/media?parent=22864"}],"wp:term":[{"taxonomy":"category","embeddable":true,"href":"https:\/\/www.alqueria.es\/blogs\/alqueriaamarillanaranja\/wp-json\/wp\/v2\/categories?post=22864"},{"taxonomy":"post_tag","embeddable":true,"href":"https:\/\/www.alqueria.es\/blogs\/alqueriaamarillanaranja\/wp-json\/wp\/v2\/tags?post=22864"}],"curies":[{"name":"wp","href":"https:\/\/api.w.org\/{rel}","templated":true}]}}