{"id":23197,"date":"2016-12-02T17:00:16","date_gmt":"2016-12-02T16:00:16","guid":{"rendered":"https:\/\/www.alqueria.es\/blogs\/alqueriaamarillanaranja\/?p=23197"},"modified":"2016-12-02T22:34:08","modified_gmt":"2016-12-02T21:34:08","slug":"estos-son-nuestros-deseos","status":"publish","type":"post","link":"https:\/\/www.alqueria.es\/blogs\/alqueriaamarillanaranja\/2016\/12\/02\/estos-son-nuestros-deseos\/","title":{"rendered":"Deseos y cumplea\u00f1os,  un d\u00eda completo"},"content":{"rendered":"<ul>\n<li><strong><em><span style=\"color: #008000\"><img decoding=\"async\" data-attachment-id=\"23198\" data-permalink=\"https:\/\/www.alqueria.es\/blogs\/alqueriaamarillanaranja\/2016\/12\/02\/estos-son-nuestros-deseos\/2cb96e17c2beb958e5cc3d23acff1ddc\/\" data-orig-file=\"https:\/\/www.alqueria.es\/blogs\/alqueriaamarillanaranja\/wp-content\/uploads\/sites\/9\/2016\/12\/2cb96e17c2beb958e5cc3d23acff1ddc.jpg\" data-orig-size=\"480,853\" data-comments-opened=\"1\" data-image-meta=\"{&quot;aperture&quot;:&quot;0&quot;,&quot;credit&quot;:&quot;&quot;,&quot;camera&quot;:&quot;&quot;,&quot;caption&quot;:&quot;&quot;,&quot;created_timestamp&quot;:&quot;0&quot;,&quot;copyright&quot;:&quot;&quot;,&quot;focal_length&quot;:&quot;0&quot;,&quot;iso&quot;:&quot;0&quot;,&quot;shutter_speed&quot;:&quot;0&quot;,&quot;title&quot;:&quot;&quot;,&quot;orientation&quot;:&quot;0&quot;}\" data-image-title=\"2cb96e17c2beb958e5cc3d23acff1ddc\" data-image-description=\"\" data-image-caption=\"\" data-large-file=\"https:\/\/www.alqueria.es\/blogs\/alqueriaamarillanaranja\/wp-content\/uploads\/sites\/9\/2016\/12\/2cb96e17c2beb958e5cc3d23acff1ddc.jpg\" class=\"alignright wp-image-23198 \" src=\"https:\/\/cloud.alqueria.es\/wp-content\/uploads\/sites\/9\/2016\/12\/2cb96e17c2beb958e5cc3d23acff1ddc-169x300.jpg\" alt=\"2cb96e17c2beb958e5cc3d23acff1ddc\" width=\"242\" height=\"429\" srcset=\"https:\/\/www.alqueria.es\/blogs\/alqueriaamarillanaranja\/wp-content\/uploads\/sites\/9\/2016\/12\/2cb96e17c2beb958e5cc3d23acff1ddc-169x300.jpg 169w, https:\/\/www.alqueria.es\/blogs\/alqueriaamarillanaranja\/wp-content\/uploads\/sites\/9\/2016\/12\/2cb96e17c2beb958e5cc3d23acff1ddc.jpg 480w\" sizes=\"(max-width: 242px) 100vw, 242px\" \/>Hoy hemos concluido nuestro taller dedicado a la elaboraci\u00f3n de nuestras CARTAS DE LOS DESEOS. Como os he ido contando estos \u00faltimos d\u00edas, se trata de una actividad laboriosa tanto a nivel mental de comprensi\u00f3n y adaptaci\u00f3n, como de motricidad fina y de trabajo alfab\u00e9tico. Pues bien, por fin todos\/as han acabado su carta, y la verdad es que nos han quedado preciosas.<\/span><\/em><\/strong><\/li>\n<\/ul>\n<p><strong><em><span style=\"color: #008000\">Adem\u00e1s, hemos visto montado el \u00e1rbol de navidad que hemos confeccionado entre las tres clases (entre todos hemos pintado las cajas que lo componen&#8230;). El resultado, un tanto \u00abcubista\u00bb, nunca mejor dicho&#8230;&#8230;.., pero seguro que cuando el lunes colguemos nuestras cartas estar\u00e1 precioso.<\/span><\/em><\/strong><\/p>\n<p><strong><em><span style=\"color: #0000ff\"><img decoding=\"async\" data-attachment-id=\"22450\" data-permalink=\"https:\/\/www.alqueria.es\/blogs\/alqueriaamarillanaranja\/2016\/11\/02\/22431\/imagenes-de-pasteles-de-cumpleanos-11\/\" data-orig-file=\"https:\/\/www.alqueria.es\/blogs\/alqueriaamarillanaranja\/wp-content\/uploads\/sites\/9\/2016\/11\/imagenes-de-pasteles-de-cumpleanos-11.gif\" data-orig-size=\"350,350\" data-comments-opened=\"1\" data-image-meta=\"{&quot;aperture&quot;:&quot;0&quot;,&quot;credit&quot;:&quot;&quot;,&quot;camera&quot;:&quot;&quot;,&quot;caption&quot;:&quot;&quot;,&quot;created_timestamp&quot;:&quot;0&quot;,&quot;copyright&quot;:&quot;&quot;,&quot;focal_length&quot;:&quot;0&quot;,&quot;iso&quot;:&quot;0&quot;,&quot;shutter_speed&quot;:&quot;0&quot;,&quot;title&quot;:&quot;&quot;,&quot;orientation&quot;:&quot;0&quot;}\" data-image-title=\"imagenes-de-pasteles-de-cumpleanos-11\" data-image-description=\"\" data-image-caption=\"\" data-large-file=\"https:\/\/www.alqueria.es\/blogs\/alqueriaamarillanaranja\/wp-content\/uploads\/sites\/9\/2016\/11\/imagenes-de-pasteles-de-cumpleanos-11.gif\" class=\"alignleft wp-image-22450 size-thumbnail\" src=\"https:\/\/cloud.alqueria.es\/wp-content\/uploads\/sites\/9\/2016\/11\/imagenes-de-pasteles-de-cumpleanos-11-150x150.gif\" alt=\"imagenes-de-pasteles-de-cumpleanos-11\" width=\"150\" height=\"150\" srcset=\"https:\/\/www.alqueria.es\/blogs\/alqueriaamarillanaranja\/wp-content\/uploads\/sites\/9\/2016\/11\/imagenes-de-pasteles-de-cumpleanos-11-150x150.gif 150w, https:\/\/www.alqueria.es\/blogs\/alqueriaamarillanaranja\/wp-content\/uploads\/sites\/9\/2016\/11\/imagenes-de-pasteles-de-cumpleanos-11-300x300.gif 300w\" sizes=\"(max-width: 150px) 100vw, 150px\" \/>Pero esto no ha sido todo, porque tambi\u00e9n \u00a0hemos celebrado el tercer cumplea\u00f1os de uno de los benjamines del grupo, \u00a0nuestro compa\u00f1ero LEO P. Hemos tenido una fiesta fant\u00e1stica con bizcocho , globos con forma de coraz\u00f3n \u00a0y \u00abtrompetillas\u00bb (que no nos dejaban ni escuchar la m\u00fasica&#8230;., jajaja jajaja ). Lo han pasado genial. A la hora de hacerle su dibujo, le hemos preguntado qu\u00e9 le gustar\u00eda y la respuesta ha sido rotunda: una moto, un tractor , una excavadora y un \u00a0cami\u00f3n \u00a0(todo veh\u00edculos motorizados \ud83d\ude09 . Much\u00edsimas felicidades Leo, esperamos que tambi\u00e9n lo c\u00e9lebres en familia.<\/span><\/em><\/strong><\/p>\n<p>&#8212;&#8212;&#8212;&#8212;&#8212;&#8212;&#8212;&#8212;&#8212;&#8212;&#8212;&#8212;&#8212;&#8212;&#8212;&#8212;&#8212;&#8212;&#8211;<\/p>\n<p><strong><em><span style=\"color: #008000\">Os recuerdo que pod\u00e9is aprovechar el fin de semana para elaborar vuestras decoraciones navide\u00f1as para traerlas al cole. Entre tod@s conseguiremos crear un ambiente de lo m\u00e1s acogedor. Aprovecho para hacer hincapi\u00e9 en que trat\u00e9is de usar materiales reciclados y\/o alternativos en vuestras decoraciones, as\u00ed fomentaremos el reciclaje \u00a0y la reutilizaci\u00f3n de elementos que tenemos en casa, y\u00a0nuestros ni\u00f1os y ni\u00f1as ver\u00e1n c\u00f3mo es posible buscarles otra utilidad (aunque sea decorativa \ud83d\ude09 ).<\/span><\/em><\/strong><\/p>\n<p><strong><em><span style=\"color: #008000\">Os deseo un buen fin de semana, nos vemos el lunes.<\/span><\/em><\/strong><\/p>\n<p style=\"text-align: right\"><strong><em><span style=\"color: #008000\">Loli G\u00e1lvez<\/span><\/em><\/strong><\/p>\n","protected":false},"excerpt":{"rendered":"<p>Hoy hemos concluido nuestro taller dedicado a la elaboraci\u00f3n de nuestras CARTAS DE LOS DESEOS. Como os he ido contando estos \u00faltimos d\u00edas, se trata de una actividad laboriosa tanto a nivel mental de comprensi\u00f3n y adaptaci\u00f3n, como de motricidad fina y de trabajo alfab\u00e9tico. Pues bien, por fin todos\/as han acabado su carta, y &hellip; <a href=\"https:\/\/www.alqueria.es\/blogs\/alqueriaamarillanaranja\/2016\/12\/02\/estos-son-nuestros-deseos\/\" class=\"more-link\">Seguir leyendo <span class=\"screen-reader-text\">Deseos y cumplea\u00f1os,  un d\u00eda completo<\/span> <span class=\"meta-nav\">&rarr;<\/span><\/a><\/p>\n","protected":false},"author":23,"featured_media":0,"comment_status":"open","ping_status":"open","sticky":false,"template":"","format":"standard","meta":{"jetpack_post_was_ever_published":false,"_jetpack_newsletter_access":"","_jetpack_dont_email_post_to_subs":true,"_jetpack_newsletter_tier_id":0,"_jetpack_memberships_contains_paywalled_content":false,"_jetpack_memberships_contains_paid_content":false,"footnotes":"","jetpack_publicize_message":"","jetpack_publicize_feature_enabled":true,"jetpack_social_post_already_shared":true,"jetpack_social_options":{"image_generator_settings":{"template":"highway","default_image_id":0,"font":"","enabled":false},"version":2}},"categories":[7,8],"tags":[],"class_list":["post-23197","post","type-post","status-publish","format-standard","hentry","category-clase-naranja","category-diario"],"jetpack_publicize_connections":[],"jetpack_featured_media_url":"","jetpack_sharing_enabled":true,"jetpack_shortlink":"https:\/\/wp.me\/p4lG08-629","jetpack-related-posts":[],"_links":{"self":[{"href":"https:\/\/www.alqueria.es\/blogs\/alqueriaamarillanaranja\/wp-json\/wp\/v2\/posts\/23197","targetHints":{"allow":["GET"]}}],"collection":[{"href":"https:\/\/www.alqueria.es\/blogs\/alqueriaamarillanaranja\/wp-json\/wp\/v2\/posts"}],"about":[{"href":"https:\/\/www.alqueria.es\/blogs\/alqueriaamarillanaranja\/wp-json\/wp\/v2\/types\/post"}],"author":[{"embeddable":true,"href":"https:\/\/www.alqueria.es\/blogs\/alqueriaamarillanaranja\/wp-json\/wp\/v2\/users\/23"}],"replies":[{"embeddable":true,"href":"https:\/\/www.alqueria.es\/blogs\/alqueriaamarillanaranja\/wp-json\/wp\/v2\/comments?post=23197"}],"version-history":[{"count":0,"href":"https:\/\/www.alqueria.es\/blogs\/alqueriaamarillanaranja\/wp-json\/wp\/v2\/posts\/23197\/revisions"}],"wp:attachment":[{"href":"https:\/\/www.alqueria.es\/blogs\/alqueriaamarillanaranja\/wp-json\/wp\/v2\/media?parent=23197"}],"wp:term":[{"taxonomy":"category","embeddable":true,"href":"https:\/\/www.alqueria.es\/blogs\/alqueriaamarillanaranja\/wp-json\/wp\/v2\/categories?post=23197"},{"taxonomy":"post_tag","embeddable":true,"href":"https:\/\/www.alqueria.es\/blogs\/alqueriaamarillanaranja\/wp-json\/wp\/v2\/tags?post=23197"}],"curies":[{"name":"wp","href":"https:\/\/api.w.org\/{rel}","templated":true}]}}