{"id":23427,"date":"2016-12-20T17:00:21","date_gmt":"2016-12-20T16:00:21","guid":{"rendered":"https:\/\/www.alqueria.es\/blogs\/alqueriaamarillanaranja\/?p=23427"},"modified":"2016-12-20T16:07:20","modified_gmt":"2016-12-20T15:07:20","slug":"villancicos-y-comida-especial-de-navidad","status":"publish","type":"post","link":"https:\/\/www.alqueria.es\/blogs\/alqueriaamarillanaranja\/2016\/12\/20\/villancicos-y-comida-especial-de-navidad\/","title":{"rendered":"Villancicos y comida especial de navidad"},"content":{"rendered":"<p><strong><em><span style=\"color: #993366\">Nuestro martes ha estado protagonizado por dos momentos especiales<img decoding=\"async\" data-attachment-id=\"23555\" data-permalink=\"https:\/\/www.alqueria.es\/blogs\/alqueriaamarillanaranja\/2016\/12\/20\/villancicos-y-comida-especial-de-navidad\/63006fe3d26dbd97028d873450c1e918\/\" data-orig-file=\"https:\/\/www.alqueria.es\/blogs\/alqueriaamarillanaranja\/wp-content\/uploads\/sites\/9\/2016\/12\/63006fe3d26dbd97028d873450c1e918.jpg\" data-orig-size=\"474,669\" data-comments-opened=\"1\" data-image-meta=\"{&quot;aperture&quot;:&quot;0&quot;,&quot;credit&quot;:&quot;&quot;,&quot;camera&quot;:&quot;&quot;,&quot;caption&quot;:&quot;&quot;,&quot;created_timestamp&quot;:&quot;0&quot;,&quot;copyright&quot;:&quot;&quot;,&quot;focal_length&quot;:&quot;0&quot;,&quot;iso&quot;:&quot;0&quot;,&quot;shutter_speed&quot;:&quot;0&quot;,&quot;title&quot;:&quot;&quot;,&quot;orientation&quot;:&quot;0&quot;}\" data-image-title=\"63006fe3d26dbd97028d873450c1e918\" data-image-description=\"\" data-image-caption=\"\" data-large-file=\"https:\/\/www.alqueria.es\/blogs\/alqueriaamarillanaranja\/wp-content\/uploads\/sites\/9\/2016\/12\/63006fe3d26dbd97028d873450c1e918.jpg\" class=\"alignright size-medium wp-image-23555\" src=\"https:\/\/cloud.alqueria.es\/wp-content\/uploads\/sites\/9\/2016\/12\/63006fe3d26dbd97028d873450c1e918-213x300.jpg\" alt=\"\" width=\"213\" height=\"300\" srcset=\"https:\/\/www.alqueria.es\/blogs\/alqueriaamarillanaranja\/wp-content\/uploads\/sites\/9\/2016\/12\/63006fe3d26dbd97028d873450c1e918-213x300.jpg 213w, https:\/\/www.alqueria.es\/blogs\/alqueriaamarillanaranja\/wp-content\/uploads\/sites\/9\/2016\/12\/63006fe3d26dbd97028d873450c1e918.jpg 474w\" sizes=\"(max-width: 213px) 100vw, 213px\" \/> en torno a los cuales ha girado la ma\u00f1ana:<\/span><\/em><\/strong><\/p>\n<p><strong><em><span style=\"color: #993366\">Tras la bienvenida y la incorporaci\u00f3n al grupo de todos los naranjitas (excepto los que est\u00e1n malitos&#8230;..) hemos ido al aula de motricidad y usos m\u00faltiples para participar en nuestro recital de villancicos navide\u00f1os. Cada clase participa interpretando el suyo propio, y despu\u00e9s se unen para cantar uno com\u00fan de ciclo.\u00a0<\/span><\/em><\/strong><\/p>\n<p><strong><em><span style=\"color: #993366\">Como podr\u00e9is ver a continuaci\u00f3n, nuestros ni\u00f1os y ni\u00f1as se han esforzado al m\u00e1ximo y lo han hecho s\u00faper bien:<\/span><\/em><\/strong><\/p>\n<p><div class=\"a25-CTUOC-hidding-box\" data-original-content=\"&lt;iframe loading=&quot;lazy&quot; title=&quot;VILLANCICO NARANJITAS (3-4 A\u00d1OS)&quot; src=&quot;https:\/\/player.vimeo.com\/video\/196435938?dnt=1&amp;amp;app_id=122963&quot; width=&quot;474&quot; height=&quot;261&quot; frameborder=&quot;0&quot; allow=&quot;autoplay; fullscreen; picture-in-picture; clipboard-write&quot;&gt;&lt;\/iframe&gt;\">Esta p\u00e1gina incluye contenido multimedia que requiere aceptar todas las cookies. Pulse aqu\u00ed para abrir la configuraci\u00f3n de cookies.<\/div><\/p>\n<p><div class=\"a25-CTUOC-hidding-box\" data-original-content=\"&lt;iframe loading=&quot;lazy&quot; title=&quot;VILLANCICO CICLO 3-6 INFANTIL&quot; src=&quot;https:\/\/player.vimeo.com\/video\/196436429?dnt=1&amp;amp;app_id=122963&quot; width=&quot;474&quot; height=&quot;261&quot; frameborder=&quot;0&quot; allow=&quot;autoplay; fullscreen; picture-in-picture; clipboard-write&quot;&gt;&lt;\/iframe&gt;\">Esta p\u00e1gina incluye contenido multimedia que requiere aceptar todas las cookies. Pulse aqu\u00ed para abrir la configuraci\u00f3n de cookies.<\/div><\/p>\n<p><strong><em><span style=\"color: #993366\">Tras el recital y asearnos un poquito, vamos al comedor y nos encontramos una GRAN SORPRESA. Las mesas est\u00e1n preciosas, con manteles blancos, servilletas de navidad&#8230;&#8230;\u00a1y hasta velas! \u00a1Qu\u00e9 emoci\u00f3n!<\/span><\/em><\/strong><\/p>\n<div class=\"tiled-gallery type-circle tiled-gallery-unresized\" data-original-width=\"474\" data-carousel-extra='{&quot;blog_id&quot;:9,&quot;permalink&quot;:&quot;https:\\\/\\\/www.alqueria.es\\\/blogs\\\/alqueriaamarillanaranja\\\/2016\\\/12\\\/20\\\/villancicos-y-comida-especial-de-navidad\\\/&quot;,&quot;likes_blog_id&quot;:64271688}' itemscope itemtype=\"http:\/\/schema.org\/ImageGallery\" > <div class=\"gallery-row\" style=\"width: 474px; height: 237px;\" data-original-width=\"474\" data-original-height=\"237\" > <div class=\"gallery-group\" style=\"width: 237px; height: 237px;\" data-original-width=\"237\" data-original-height=\"237\" > <div class=\"tiled-gallery-item \" itemprop=\"associatedMedia\" itemscope itemtype=\"http:\/\/schema.org\/ImageObject\"> <a href=\"https:\/\/www.alqueria.es\/blogs\/alqueriaamarillanaranja\/2016\/12\/20\/villancicos-y-comida-especial-de-navidad\/20161220_122347\/\" border=\"0\" itemprop=\"url\"> <meta itemprop=\"width\" content=\"233\"> <meta itemprop=\"height\" content=\"233\"> <img decoding=\"async\" class=\"\" data-attachment-id=\"23539\" data-orig-file=\"https:\/\/www.alqueria.es\/blogs\/alqueriaamarillanaranja\/wp-content\/uploads\/sites\/9\/2016\/12\/20161220_122347.jpg\" data-orig-size=\"1024,576\" data-comments-opened=\"1\" data-image-meta=\"{&quot;aperture&quot;:&quot;0&quot;,&quot;credit&quot;:&quot;&quot;,&quot;camera&quot;:&quot;&quot;,&quot;caption&quot;:&quot;&quot;,&quot;created_timestamp&quot;:&quot;0&quot;,&quot;copyright&quot;:&quot;&quot;,&quot;focal_length&quot;:&quot;0&quot;,&quot;iso&quot;:&quot;0&quot;,&quot;shutter_speed&quot;:&quot;0&quot;,&quot;title&quot;:&quot;&quot;,&quot;orientation&quot;:&quot;0&quot;}\" data-image-title=\"20161220_122347\" data-image-description=\"\" data-medium-file=\"https:\/\/www.alqueria.es\/blogs\/alqueriaamarillanaranja\/wp-content\/uploads\/sites\/9\/2016\/12\/20161220_122347-300x169.jpg\" data-large-file=\"https:\/\/www.alqueria.es\/blogs\/alqueriaamarillanaranja\/wp-content\/uploads\/sites\/9\/2016\/12\/20161220_122347-1024x576.jpg\" src=\"https:\/\/i0.wp.com\/www.alqueria.es\/blogs\/alqueriaamarillanaranja\/wp-content\/uploads\/sites\/9\/2016\/12\/20161220_122347.jpg?w=233&#038;h=233&#038;crop=1&#038;ssl=1\" width=\"233\" height=\"233\" loading=\"lazy\" data-original-width=\"233\" data-original-height=\"233\" itemprop=\"http:\/\/schema.org\/image\" title=\"20161220_122347\" alt=\"20161220_122347\" style=\"width: 233px; height: 233px;\" \/> <\/a> <\/div> <\/div> <div class=\"gallery-group\" style=\"width: 237px; height: 237px;\" data-original-width=\"237\" data-original-height=\"237\" > <div class=\"tiled-gallery-item \" itemprop=\"associatedMedia\" itemscope itemtype=\"http:\/\/schema.org\/ImageObject\"> <a href=\"https:\/\/www.alqueria.es\/blogs\/alqueriaamarillanaranja\/2016\/12\/20\/villancicos-y-comida-especial-de-navidad\/20161220_122413\/\" border=\"0\" itemprop=\"url\"> <meta itemprop=\"width\" content=\"233\"> <meta itemprop=\"height\" content=\"233\"> <img decoding=\"async\" class=\"\" data-attachment-id=\"23540\" data-orig-file=\"https:\/\/www.alqueria.es\/blogs\/alqueriaamarillanaranja\/wp-content\/uploads\/sites\/9\/2016\/12\/20161220_122413.jpg\" data-orig-size=\"1024,576\" data-comments-opened=\"1\" data-image-meta=\"{&quot;aperture&quot;:&quot;0&quot;,&quot;credit&quot;:&quot;&quot;,&quot;camera&quot;:&quot;&quot;,&quot;caption&quot;:&quot;&quot;,&quot;created_timestamp&quot;:&quot;0&quot;,&quot;copyright&quot;:&quot;&quot;,&quot;focal_length&quot;:&quot;0&quot;,&quot;iso&quot;:&quot;0&quot;,&quot;shutter_speed&quot;:&quot;0&quot;,&quot;title&quot;:&quot;&quot;,&quot;orientation&quot;:&quot;0&quot;}\" data-image-title=\"20161220_122413\" data-image-description=\"\" data-medium-file=\"https:\/\/www.alqueria.es\/blogs\/alqueriaamarillanaranja\/wp-content\/uploads\/sites\/9\/2016\/12\/20161220_122413-300x169.jpg\" data-large-file=\"https:\/\/www.alqueria.es\/blogs\/alqueriaamarillanaranja\/wp-content\/uploads\/sites\/9\/2016\/12\/20161220_122413-1024x576.jpg\" src=\"https:\/\/i0.wp.com\/www.alqueria.es\/blogs\/alqueriaamarillanaranja\/wp-content\/uploads\/sites\/9\/2016\/12\/20161220_122413.jpg?w=233&#038;h=233&#038;crop=1&#038;ssl=1\" width=\"233\" height=\"233\" loading=\"lazy\" data-original-width=\"233\" data-original-height=\"233\" itemprop=\"http:\/\/schema.org\/image\" title=\"20161220_122413\" alt=\"20161220_122413\" style=\"width: 233px; height: 233px;\" \/> <\/a> <\/div> <\/div> <\/div> <\/div>\n<p><strong><em><span style=\"color: #993366\"><img decoding=\"async\" data-attachment-id=\"23428\" data-permalink=\"https:\/\/www.alqueria.es\/blogs\/alqueriaamarillanaranja\/2016\/12\/20\/villancicos-y-comida-especial-de-navidad\/d8009e125c30a8906264a6e7f7306b1a\/\" data-orig-file=\"https:\/\/www.alqueria.es\/blogs\/alqueriaamarillanaranja\/wp-content\/uploads\/sites\/9\/2016\/12\/d8009e125c30a8906264a6e7f7306b1a.jpg\" data-orig-size=\"500,794\" data-comments-opened=\"1\" data-image-meta=\"{&quot;aperture&quot;:&quot;0&quot;,&quot;credit&quot;:&quot;&quot;,&quot;camera&quot;:&quot;&quot;,&quot;caption&quot;:&quot;&quot;,&quot;created_timestamp&quot;:&quot;0&quot;,&quot;copyright&quot;:&quot;&quot;,&quot;focal_length&quot;:&quot;0&quot;,&quot;iso&quot;:&quot;0&quot;,&quot;shutter_speed&quot;:&quot;0&quot;,&quot;title&quot;:&quot;&quot;,&quot;orientation&quot;:&quot;0&quot;}\" data-image-title=\"d8009e125c30a8906264a6e7f7306b1a\" data-image-description=\"\" data-image-caption=\"\" data-large-file=\"https:\/\/www.alqueria.es\/blogs\/alqueriaamarillanaranja\/wp-content\/uploads\/sites\/9\/2016\/12\/d8009e125c30a8906264a6e7f7306b1a.jpg\" class=\"alignleft wp-image-23428\" src=\"https:\/\/cloud.alqueria.es\/wp-content\/uploads\/sites\/9\/2016\/12\/d8009e125c30a8906264a6e7f7306b1a.jpg\" alt=\"\" width=\"171\" height=\"271\" srcset=\"https:\/\/www.alqueria.es\/blogs\/alqueriaamarillanaranja\/wp-content\/uploads\/sites\/9\/2016\/12\/d8009e125c30a8906264a6e7f7306b1a.jpg 500w, https:\/\/www.alqueria.es\/blogs\/alqueriaamarillanaranja\/wp-content\/uploads\/sites\/9\/2016\/12\/d8009e125c30a8906264a6e7f7306b1a-189x300.jpg 189w\" sizes=\"(max-width: 171px) 100vw, 171px\" \/>Nuestras queridas cocineras se han esmerado en preparar hasta el \u00faltimo detalle para que todo estuviese perfecto.<\/span><\/em><\/strong><\/p>\n<p><strong><em><span style=\"color: #993366\">Este ha sido el men\u00fa que han podido disfrutar nuestros ni\u00f1os y ni\u00f1as:<\/span><\/em><\/strong><\/p>\n<p><strong><em><span style=\"color: #993366\">1\u00ba. Canap\u00e9s variados<\/span><\/em><\/strong><\/p>\n<p><strong><em><span style=\"color: #993366\">2\u00ba. Sopa de estrellitas<\/span><\/em><\/strong><\/p>\n<p><strong><em><span style=\"color: #993366\">3\u00ba. Pollo en salsa y patatas fritas<\/span><\/em><\/strong><\/p>\n<p><strong><em><span style=\"color: #993366\">4\u00ba. Brownie navide\u00f1o (cocinado por nosotros mismos \ud83d\ude09<\/span><\/em><\/strong><\/p>\n<p><strong><em><span style=\"color: #993366\">Nos ha encantado la comida, \u00a1vaya comilona!, y \u00a0lo mejor es que estaba todo riqu\u00ediiiiiiiiiiisimo.<img decoding=\"async\" data-attachment-id=\"23541\" data-permalink=\"https:\/\/www.alqueria.es\/blogs\/alqueriaamarillanaranja\/2016\/12\/20\/villancicos-y-comida-especial-de-navidad\/20161220_123731\/\" data-orig-file=\"https:\/\/www.alqueria.es\/blogs\/alqueriaamarillanaranja\/wp-content\/uploads\/sites\/9\/2016\/12\/20161220_123731.jpg\" data-orig-size=\"1024,576\" data-comments-opened=\"1\" data-image-meta=\"{&quot;aperture&quot;:&quot;0&quot;,&quot;credit&quot;:&quot;&quot;,&quot;camera&quot;:&quot;&quot;,&quot;caption&quot;:&quot;&quot;,&quot;created_timestamp&quot;:&quot;0&quot;,&quot;copyright&quot;:&quot;&quot;,&quot;focal_length&quot;:&quot;0&quot;,&quot;iso&quot;:&quot;0&quot;,&quot;shutter_speed&quot;:&quot;0&quot;,&quot;title&quot;:&quot;&quot;,&quot;orientation&quot;:&quot;0&quot;}\" data-image-title=\"20161220_123731\" data-image-description=\"\" data-image-caption=\"\" data-large-file=\"https:\/\/www.alqueria.es\/blogs\/alqueriaamarillanaranja\/wp-content\/uploads\/sites\/9\/2016\/12\/20161220_123731-1024x576.jpg\" class=\"aligncenter wp-image-23541 size-full\" src=\"https:\/\/cloud.alqueria.es\/wp-content\/uploads\/sites\/9\/2016\/12\/20161220_123731.jpg\" width=\"1024\" height=\"576\" srcset=\"https:\/\/www.alqueria.es\/blogs\/alqueriaamarillanaranja\/wp-content\/uploads\/sites\/9\/2016\/12\/20161220_123731.jpg 1024w, https:\/\/www.alqueria.es\/blogs\/alqueriaamarillanaranja\/wp-content\/uploads\/sites\/9\/2016\/12\/20161220_123731-300x169.jpg 300w, https:\/\/www.alqueria.es\/blogs\/alqueriaamarillanaranja\/wp-content\/uploads\/sites\/9\/2016\/12\/20161220_123731-768x432.jpg 768w\" sizes=\"(max-width: 1024px) 100vw, 1024px\" \/>Much\u00edsimas gracias a Charo, Loli L., Ana Mari y Alba porque sin ellas nada de esto hubiese sido posible. Adem\u00e1s nos han sorprendido con un atuendo especial para la ocasi\u00f3n&#8230;.<\/span><\/em><\/strong><\/p>\n<p><strong><em><span style=\"color: #993366\">Aqu\u00ed os dejo algunas fotos de esta comida tan especial:<\/span><\/em><\/strong><\/p>\n<p class=\"jetpack-slideshow-noscript robots-nocontent\">El pase de diapositivas requiere JavaScript.<\/p><div id=\"gallery-23427-1-slideshow\" class=\"jetpack-slideshow-window jetpack-slideshow jetpack-slideshow-black\" data-trans=\"fade\" data-autostart=\"1\" data-gallery=\"[{&quot;src&quot;:&quot;https:\\\/\\\/www.alqueria.es\\\/blogs\\\/alqueriaamarillanaranja\\\/wp-content\\\/uploads\\\/sites\\\/9\\\/2016\\\/12\\\/20161220_122519.jpg&quot;,&quot;id&quot;:&quot;23542&quot;,&quot;title&quot;:&quot;20161220_122519&quot;,&quot;alt&quot;:&quot;&quot;,&quot;caption&quot;:&quot;&quot;,&quot;itemprop&quot;:&quot;image&quot;},{&quot;src&quot;:&quot;https:\\\/\\\/www.alqueria.es\\\/blogs\\\/alqueriaamarillanaranja\\\/wp-content\\\/uploads\\\/sites\\\/9\\\/2016\\\/12\\\/20161220_122928.jpg&quot;,&quot;id&quot;:&quot;23543&quot;,&quot;title&quot;:&quot;20161220_122928&quot;,&quot;alt&quot;:&quot;&quot;,&quot;caption&quot;:&quot;&quot;,&quot;itemprop&quot;:&quot;image&quot;},{&quot;src&quot;:&quot;https:\\\/\\\/www.alqueria.es\\\/blogs\\\/alqueriaamarillanaranja\\\/wp-content\\\/uploads\\\/sites\\\/9\\\/2016\\\/12\\\/20161220_122942.jpg&quot;,&quot;id&quot;:&quot;23544&quot;,&quot;title&quot;:&quot;20161220_122942&quot;,&quot;alt&quot;:&quot;&quot;,&quot;caption&quot;:&quot;&quot;,&quot;itemprop&quot;:&quot;image&quot;},{&quot;src&quot;:&quot;https:\\\/\\\/www.alqueria.es\\\/blogs\\\/alqueriaamarillanaranja\\\/wp-content\\\/uploads\\\/sites\\\/9\\\/2016\\\/12\\\/20161220_122950.jpg&quot;,&quot;id&quot;:&quot;23545&quot;,&quot;title&quot;:&quot;20161220_122950&quot;,&quot;alt&quot;:&quot;&quot;,&quot;caption&quot;:&quot;&quot;,&quot;itemprop&quot;:&quot;image&quot;},{&quot;src&quot;:&quot;https:\\\/\\\/www.alqueria.es\\\/blogs\\\/alqueriaamarillanaranja\\\/wp-content\\\/uploads\\\/sites\\\/9\\\/2016\\\/12\\\/20161220_123002.jpg&quot;,&quot;id&quot;:&quot;23546&quot;,&quot;title&quot;:&quot;20161220_123002&quot;,&quot;alt&quot;:&quot;&quot;,&quot;caption&quot;:&quot;&quot;,&quot;itemprop&quot;:&quot;image&quot;},{&quot;src&quot;:&quot;https:\\\/\\\/www.alqueria.es\\\/blogs\\\/alqueriaamarillanaranja\\\/wp-content\\\/uploads\\\/sites\\\/9\\\/2016\\\/12\\\/20161220_124405.jpg&quot;,&quot;id&quot;:&quot;23547&quot;,&quot;title&quot;:&quot;20161220_124405&quot;,&quot;alt&quot;:&quot;&quot;,&quot;caption&quot;:&quot;&quot;,&quot;itemprop&quot;:&quot;image&quot;},{&quot;src&quot;:&quot;https:\\\/\\\/www.alqueria.es\\\/blogs\\\/alqueriaamarillanaranja\\\/wp-content\\\/uploads\\\/sites\\\/9\\\/2016\\\/12\\\/20161220_124417.jpg&quot;,&quot;id&quot;:&quot;23548&quot;,&quot;title&quot;:&quot;20161220_124417&quot;,&quot;alt&quot;:&quot;&quot;,&quot;caption&quot;:&quot;&quot;,&quot;itemprop&quot;:&quot;image&quot;},{&quot;src&quot;:&quot;https:\\\/\\\/www.alqueria.es\\\/blogs\\\/alqueriaamarillanaranja\\\/wp-content\\\/uploads\\\/sites\\\/9\\\/2016\\\/12\\\/20161220_125614.jpg&quot;,&quot;id&quot;:&quot;23549&quot;,&quot;title&quot;:&quot;20161220_125614&quot;,&quot;alt&quot;:&quot;&quot;,&quot;caption&quot;:&quot;&quot;,&quot;itemprop&quot;:&quot;image&quot;},{&quot;src&quot;:&quot;https:\\\/\\\/www.alqueria.es\\\/blogs\\\/alqueriaamarillanaranja\\\/wp-content\\\/uploads\\\/sites\\\/9\\\/2016\\\/12\\\/20161220_131802.jpg&quot;,&quot;id&quot;:&quot;23550&quot;,&quot;title&quot;:&quot;20161220_131802&quot;,&quot;alt&quot;:&quot;&quot;,&quot;caption&quot;:&quot;&quot;,&quot;itemprop&quot;:&quot;image&quot;},{&quot;src&quot;:&quot;https:\\\/\\\/www.alqueria.es\\\/blogs\\\/alqueriaamarillanaranja\\\/wp-content\\\/uploads\\\/sites\\\/9\\\/2016\\\/12\\\/20161220_132203.jpg&quot;,&quot;id&quot;:&quot;23551&quot;,&quot;title&quot;:&quot;20161220_132203&quot;,&quot;alt&quot;:&quot;&quot;,&quot;caption&quot;:&quot;&quot;,&quot;itemprop&quot;:&quot;image&quot;},{&quot;src&quot;:&quot;https:\\\/\\\/www.alqueria.es\\\/blogs\\\/alqueriaamarillanaranja\\\/wp-content\\\/uploads\\\/sites\\\/9\\\/2016\\\/12\\\/20161220_132226.jpg&quot;,&quot;id&quot;:&quot;23552&quot;,&quot;title&quot;:&quot;20161220_132226&quot;,&quot;alt&quot;:&quot;&quot;,&quot;caption&quot;:&quot;&quot;,&quot;itemprop&quot;:&quot;image&quot;}]\" itemscope itemtype=\"https:\/\/schema.org\/ImageGallery\"><\/div>\n<p><strong><em><span style=\"color: #993366\">Creo que para nuestros naranjitas hoy ha sido un d\u00eda magn\u00edfico, me alegro de haber podido compartirlos con ell@s.<\/span><\/em><\/strong><\/p>\n<p><strong><em><span style=\"color: #993366\">Loli G\u00e1lvez<\/span><\/em><\/strong><\/p>\n<p>&nbsp;<\/p>\n<p>&nbsp;<\/p>\n","protected":false},"excerpt":{"rendered":"<p>Nuestro martes ha estado protagonizado por dos momentos especiales en torno a los cuales ha girado la ma\u00f1ana: Tras la bienvenida y la incorporaci\u00f3n al grupo de todos los naranjitas (excepto los que est\u00e1n malitos&#8230;..) hemos ido al aula de motricidad y usos m\u00faltiples para participar en nuestro recital de villancicos navide\u00f1os. Cada clase participa &hellip; <a href=\"https:\/\/www.alqueria.es\/blogs\/alqueriaamarillanaranja\/2016\/12\/20\/villancicos-y-comida-especial-de-navidad\/\" class=\"more-link\">Seguir leyendo <span class=\"screen-reader-text\">Villancicos y comida especial de navidad<\/span> <span class=\"meta-nav\">&rarr;<\/span><\/a><\/p>\n","protected":false},"author":23,"featured_media":0,"comment_status":"open","ping_status":"open","sticky":false,"template":"","format":"standard","meta":{"jetpack_post_was_ever_published":false,"_jetpack_newsletter_access":"","_jetpack_dont_email_post_to_subs":false,"_jetpack_newsletter_tier_id":0,"_jetpack_memberships_contains_paywalled_content":false,"_jetpack_memberships_contains_paid_content":false,"footnotes":"","jetpack_publicize_message":"","jetpack_publicize_feature_enabled":true,"jetpack_social_post_already_shared":true,"jetpack_social_options":{"image_generator_settings":{"template":"highway","default_image_id":0,"font":"","enabled":false},"version":2}},"categories":[7,8],"tags":[37,96,314],"class_list":["post-23427","post","type-post","status-publish","format-standard","hentry","category-clase-naranja","category-diario","tag-comida-especial-navidad","tag-navidad","tag-villancicos"],"jetpack_publicize_connections":[],"jetpack_featured_media_url":"","jetpack_sharing_enabled":true,"jetpack_shortlink":"https:\/\/wp.me\/p4lG08-65R","jetpack-related-posts":[],"_links":{"self":[{"href":"https:\/\/www.alqueria.es\/blogs\/alqueriaamarillanaranja\/wp-json\/wp\/v2\/posts\/23427","targetHints":{"allow":["GET"]}}],"collection":[{"href":"https:\/\/www.alqueria.es\/blogs\/alqueriaamarillanaranja\/wp-json\/wp\/v2\/posts"}],"about":[{"href":"https:\/\/www.alqueria.es\/blogs\/alqueriaamarillanaranja\/wp-json\/wp\/v2\/types\/post"}],"author":[{"embeddable":true,"href":"https:\/\/www.alqueria.es\/blogs\/alqueriaamarillanaranja\/wp-json\/wp\/v2\/users\/23"}],"replies":[{"embeddable":true,"href":"https:\/\/www.alqueria.es\/blogs\/alqueriaamarillanaranja\/wp-json\/wp\/v2\/comments?post=23427"}],"version-history":[{"count":0,"href":"https:\/\/www.alqueria.es\/blogs\/alqueriaamarillanaranja\/wp-json\/wp\/v2\/posts\/23427\/revisions"}],"wp:attachment":[{"href":"https:\/\/www.alqueria.es\/blogs\/alqueriaamarillanaranja\/wp-json\/wp\/v2\/media?parent=23427"}],"wp:term":[{"taxonomy":"category","embeddable":true,"href":"https:\/\/www.alqueria.es\/blogs\/alqueriaamarillanaranja\/wp-json\/wp\/v2\/categories?post=23427"},{"taxonomy":"post_tag","embeddable":true,"href":"https:\/\/www.alqueria.es\/blogs\/alqueriaamarillanaranja\/wp-json\/wp\/v2\/tags?post=23427"}],"curies":[{"name":"wp","href":"https:\/\/api.w.org\/{rel}","templated":true}]}}