{"id":23469,"date":"2016-12-22T15:00:12","date_gmt":"2016-12-22T14:00:12","guid":{"rendered":"https:\/\/www.alqueria.es\/blogs\/alqueriaamarillanaranja\/?p=23469"},"modified":"2016-12-22T14:31:20","modified_gmt":"2016-12-22T13:31:20","slug":"nos-vamos-de-vacaciones","status":"publish","type":"post","link":"https:\/\/www.alqueria.es\/blogs\/alqueriaamarillanaranja\/2016\/12\/22\/nos-vamos-de-vacaciones\/","title":{"rendered":"\u00a1Nos vamos de vacaciones!"},"content":{"rendered":"<p><em><strong><span style=\"color: #333399\"><span style=\"color: #ff0000\"><img decoding=\"async\" class=\" alignleft\" src=\"http:\/\/1.bp.blogspot.com\/-Tt8MkJfcpiI\/UJtqNl1m-WI\/AAAAAAAAjro\/GEDPXGyTbNY\/s1600\/gifs+animados+arboles,tree+christmas+(15).gif\" width=\"236\" height=\"311\" \/>Hoy despedimos el trimestre con una ma\u00f1ana llena de actividades especiales para todos nuestros ni\u00f1os y ni\u00f1as:<\/span><\/span><\/strong><\/em><\/p>\n<p><span style=\"color: #ff0000\"><em><strong>1\u00ba. Asistimos al recital de villancicos que nos ofrecen nuestros compa\u00f1er@s de Primaria. Adem\u00e1s \u00ablas profes\u00bb nos sorprenden con un villancico en ingl\u00e9s que no sab\u00edamos que hab\u00edan preparado.<\/strong><\/em><\/span><\/p>\n<p class=\"jetpack-slideshow-noscript robots-nocontent\">El pase de diapositivas requiere JavaScript.<\/p><div id=\"gallery-23469-1-slideshow\" class=\"jetpack-slideshow-window jetpack-slideshow jetpack-slideshow-black\" data-trans=\"fade\" data-autostart=\"1\" data-gallery=\"[{&quot;src&quot;:&quot;https:\\\/\\\/www.alqueria.es\\\/blogs\\\/alqueriaamarillanaranja\\\/wp-content\\\/uploads\\\/sites\\\/9\\\/2016\\\/12\\\/20161222_112534.jpg&quot;,&quot;id&quot;:&quot;23645&quot;,&quot;title&quot;:&quot;20161222_112534&quot;,&quot;alt&quot;:&quot;&quot;,&quot;caption&quot;:&quot;&quot;,&quot;itemprop&quot;:&quot;image&quot;},{&quot;src&quot;:&quot;https:\\\/\\\/www.alqueria.es\\\/blogs\\\/alqueriaamarillanaranja\\\/wp-content\\\/uploads\\\/sites\\\/9\\\/2016\\\/12\\\/20161222_112718.jpg&quot;,&quot;id&quot;:&quot;23646&quot;,&quot;title&quot;:&quot;20161222_112718&quot;,&quot;alt&quot;:&quot;&quot;,&quot;caption&quot;:&quot;&quot;,&quot;itemprop&quot;:&quot;image&quot;},{&quot;src&quot;:&quot;https:\\\/\\\/www.alqueria.es\\\/blogs\\\/alqueriaamarillanaranja\\\/wp-content\\\/uploads\\\/sites\\\/9\\\/2016\\\/12\\\/20161222_113537.jpg&quot;,&quot;id&quot;:&quot;23647&quot;,&quot;title&quot;:&quot;20161222_113537&quot;,&quot;alt&quot;:&quot;&quot;,&quot;caption&quot;:&quot;&quot;,&quot;itemprop&quot;:&quot;image&quot;},{&quot;src&quot;:&quot;https:\\\/\\\/www.alqueria.es\\\/blogs\\\/alqueriaamarillanaranja\\\/wp-content\\\/uploads\\\/sites\\\/9\\\/2016\\\/12\\\/20161222_114552.jpg&quot;,&quot;id&quot;:&quot;23648&quot;,&quot;title&quot;:&quot;20161222_114552&quot;,&quot;alt&quot;:&quot;&quot;,&quot;caption&quot;:&quot;&quot;,&quot;itemprop&quot;:&quot;image&quot;}]\" itemscope itemtype=\"https:\/\/schema.org\/ImageGallery\"><\/div>\n<p><em><strong><span style=\"color: #ff0000\">Hasta los profes nos hemos animado este a\u00f1o, y les hemos regalado a nuestros ni\u00f1os y ni\u00f1as el villancico navide\u00f1o \u00abAll I want for Christmas is you\u00bb&#8230;.<\/span><\/strong><\/em><\/p>\n<p class=\"jetpack-slideshow-noscript robots-nocontent\">El pase de diapositivas requiere JavaScript.<\/p><div id=\"gallery-23469-2-slideshow\" class=\"jetpack-slideshow-window jetpack-slideshow jetpack-slideshow-black\" data-trans=\"fade\" data-autostart=\"1\" data-gallery=\"[{&quot;src&quot;:&quot;https:\\\/\\\/www.alqueria.es\\\/blogs\\\/alqueriaamarillanaranja\\\/wp-content\\\/uploads\\\/sites\\\/9\\\/2016\\\/12\\\/IMG_3408.jpg&quot;,&quot;id&quot;:&quot;23651&quot;,&quot;title&quot;:&quot;IMG_3408&quot;,&quot;alt&quot;:&quot;&quot;,&quot;caption&quot;:&quot;&quot;,&quot;itemprop&quot;:&quot;image&quot;},{&quot;src&quot;:&quot;https:\\\/\\\/www.alqueria.es\\\/blogs\\\/alqueriaamarillanaranja\\\/wp-content\\\/uploads\\\/sites\\\/9\\\/2016\\\/12\\\/IMG_3409.jpg&quot;,&quot;id&quot;:&quot;23652&quot;,&quot;title&quot;:&quot;IMG_3409&quot;,&quot;alt&quot;:&quot;&quot;,&quot;caption&quot;:&quot;&quot;,&quot;itemprop&quot;:&quot;image&quot;},{&quot;src&quot;:&quot;https:\\\/\\\/www.alqueria.es\\\/blogs\\\/alqueriaamarillanaranja\\\/wp-content\\\/uploads\\\/sites\\\/9\\\/2016\\\/12\\\/IMG_3410.jpg&quot;,&quot;id&quot;:&quot;23653&quot;,&quot;title&quot;:&quot;IMG_3410&quot;,&quot;alt&quot;:&quot;&quot;,&quot;caption&quot;:&quot;&quot;,&quot;itemprop&quot;:&quot;image&quot;},{&quot;src&quot;:&quot;https:\\\/\\\/www.alqueria.es\\\/blogs\\\/alqueriaamarillanaranja\\\/wp-content\\\/uploads\\\/sites\\\/9\\\/2016\\\/12\\\/IMG_3411.jpg&quot;,&quot;id&quot;:&quot;23654&quot;,&quot;title&quot;:&quot;IMG_3411&quot;,&quot;alt&quot;:&quot;&quot;,&quot;caption&quot;:&quot;&quot;,&quot;itemprop&quot;:&quot;image&quot;},{&quot;src&quot;:&quot;https:\\\/\\\/www.alqueria.es\\\/blogs\\\/alqueriaamarillanaranja\\\/wp-content\\\/uploads\\\/sites\\\/9\\\/2016\\\/12\\\/IMG_3415.jpg&quot;,&quot;id&quot;:&quot;23655&quot;,&quot;title&quot;:&quot;IMG_3415&quot;,&quot;alt&quot;:&quot;&quot;,&quot;caption&quot;:&quot;&quot;,&quot;itemprop&quot;:&quot;image&quot;},{&quot;src&quot;:&quot;https:\\\/\\\/www.alqueria.es\\\/blogs\\\/alqueriaamarillanaranja\\\/wp-content\\\/uploads\\\/sites\\\/9\\\/2016\\\/12\\\/IMG_3419.jpg&quot;,&quot;id&quot;:&quot;23656&quot;,&quot;title&quot;:&quot;IMG_3419&quot;,&quot;alt&quot;:&quot;&quot;,&quot;caption&quot;:&quot;&quot;,&quot;itemprop&quot;:&quot;image&quot;},{&quot;src&quot;:&quot;https:\\\/\\\/www.alqueria.es\\\/blogs\\\/alqueriaamarillanaranja\\\/wp-content\\\/uploads\\\/sites\\\/9\\\/2016\\\/12\\\/IMG_3421.jpg&quot;,&quot;id&quot;:&quot;23657&quot;,&quot;title&quot;:&quot;IMG_3421&quot;,&quot;alt&quot;:&quot;&quot;,&quot;caption&quot;:&quot;&quot;,&quot;itemprop&quot;:&quot;image&quot;},{&quot;src&quot;:&quot;https:\\\/\\\/www.alqueria.es\\\/blogs\\\/alqueriaamarillanaranja\\\/wp-content\\\/uploads\\\/sites\\\/9\\\/2016\\\/12\\\/IMG_3423.jpg&quot;,&quot;id&quot;:&quot;23658&quot;,&quot;title&quot;:&quot;IMG_3423&quot;,&quot;alt&quot;:&quot;&quot;,&quot;caption&quot;:&quot;&quot;,&quot;itemprop&quot;:&quot;image&quot;},{&quot;src&quot;:&quot;https:\\\/\\\/www.alqueria.es\\\/blogs\\\/alqueriaamarillanaranja\\\/wp-content\\\/uploads\\\/sites\\\/9\\\/2016\\\/12\\\/IMG_3427.jpg&quot;,&quot;id&quot;:&quot;23659&quot;,&quot;title&quot;:&quot;IMG_3427&quot;,&quot;alt&quot;:&quot;&quot;,&quot;caption&quot;:&quot;&quot;,&quot;itemprop&quot;:&quot;image&quot;}]\" itemscope itemtype=\"https:\/\/schema.org\/ImageGallery\"><\/div>\n<p><span style=\"color: #ff0000\"><em><strong>2\u00ba. Nos reunimos \u00aben gran asamblea\u00bb con rojos y verdes para cantar los villancicos tradicionales, tocar la pandereta y comer nuestros tradicionales pececitos de galleta (\u00a1los peces del villancico!).<\/strong><\/em><\/span><\/p>\n<p class=\"jetpack-slideshow-noscript robots-nocontent\">El pase de diapositivas requiere JavaScript.<\/p><div id=\"gallery-23469-3-slideshow\" class=\"jetpack-slideshow-window jetpack-slideshow jetpack-slideshow-black\" data-trans=\"fade\" data-autostart=\"1\" data-gallery=\"[{&quot;src&quot;:&quot;https:\\\/\\\/www.alqueria.es\\\/blogs\\\/alqueriaamarillanaranja\\\/wp-content\\\/uploads\\\/sites\\\/9\\\/2016\\\/12\\\/20161222_104935.jpg&quot;,&quot;id&quot;:&quot;23635&quot;,&quot;title&quot;:&quot;20161222_104935&quot;,&quot;alt&quot;:&quot;&quot;,&quot;caption&quot;:&quot;&quot;,&quot;itemprop&quot;:&quot;image&quot;},{&quot;src&quot;:&quot;https:\\\/\\\/www.alqueria.es\\\/blogs\\\/alqueriaamarillanaranja\\\/wp-content\\\/uploads\\\/sites\\\/9\\\/2016\\\/12\\\/20161222_105328.jpg&quot;,&quot;id&quot;:&quot;23636&quot;,&quot;title&quot;:&quot;20161222_105328&quot;,&quot;alt&quot;:&quot;&quot;,&quot;caption&quot;:&quot;&quot;,&quot;itemprop&quot;:&quot;image&quot;},{&quot;src&quot;:&quot;https:\\\/\\\/www.alqueria.es\\\/blogs\\\/alqueriaamarillanaranja\\\/wp-content\\\/uploads\\\/sites\\\/9\\\/2016\\\/12\\\/20161222_105433.jpg&quot;,&quot;id&quot;:&quot;23638&quot;,&quot;title&quot;:&quot;20161222_105433&quot;,&quot;alt&quot;:&quot;&quot;,&quot;caption&quot;:&quot;&quot;,&quot;itemprop&quot;:&quot;image&quot;},{&quot;src&quot;:&quot;https:\\\/\\\/www.alqueria.es\\\/blogs\\\/alqueriaamarillanaranja\\\/wp-content\\\/uploads\\\/sites\\\/9\\\/2016\\\/12\\\/20161222_110457.jpg&quot;,&quot;id&quot;:&quot;23640&quot;,&quot;title&quot;:&quot;20161222_110457&quot;,&quot;alt&quot;:&quot;&quot;,&quot;caption&quot;:&quot;&quot;,&quot;itemprop&quot;:&quot;image&quot;},{&quot;src&quot;:&quot;https:\\\/\\\/www.alqueria.es\\\/blogs\\\/alqueriaamarillanaranja\\\/wp-content\\\/uploads\\\/sites\\\/9\\\/2016\\\/12\\\/20161222_110508.jpg&quot;,&quot;id&quot;:&quot;23642&quot;,&quot;title&quot;:&quot;20161222_110508&quot;,&quot;alt&quot;:&quot;&quot;,&quot;caption&quot;:&quot;&quot;,&quot;itemprop&quot;:&quot;image&quot;},{&quot;src&quot;:&quot;https:\\\/\\\/www.alqueria.es\\\/blogs\\\/alqueriaamarillanaranja\\\/wp-content\\\/uploads\\\/sites\\\/9\\\/2016\\\/12\\\/20161222_111145.jpg&quot;,&quot;id&quot;:&quot;23644&quot;,&quot;title&quot;:&quot;20161222_111145&quot;,&quot;alt&quot;:&quot;&quot;,&quot;caption&quot;:&quot;&quot;,&quot;itemprop&quot;:&quot;image&quot;},{&quot;src&quot;:&quot;https:\\\/\\\/www.alqueria.es\\\/blogs\\\/alqueriaamarillanaranja\\\/wp-content\\\/uploads\\\/sites\\\/9\\\/2016\\\/12\\\/20161222_092024.jpg&quot;,&quot;id&quot;:&quot;23661&quot;,&quot;title&quot;:&quot;20161222_092024&quot;,&quot;alt&quot;:&quot;&quot;,&quot;caption&quot;:&quot;&quot;,&quot;itemprop&quot;:&quot;image&quot;},{&quot;src&quot;:&quot;https:\\\/\\\/www.alqueria.es\\\/blogs\\\/alqueriaamarillanaranja\\\/wp-content\\\/uploads\\\/sites\\\/9\\\/2016\\\/12\\\/20161222_092040.jpg&quot;,&quot;id&quot;:&quot;23662&quot;,&quot;title&quot;:&quot;20161222_092040&quot;,&quot;alt&quot;:&quot;&quot;,&quot;caption&quot;:&quot;&quot;,&quot;itemprop&quot;:&quot;image&quot;},{&quot;src&quot;:&quot;https:\\\/\\\/www.alqueria.es\\\/blogs\\\/alqueriaamarillanaranja\\\/wp-content\\\/uploads\\\/sites\\\/9\\\/2016\\\/12\\\/20161222_092947.jpg&quot;,&quot;id&quot;:&quot;23663&quot;,&quot;title&quot;:&quot;20161222_092947&quot;,&quot;alt&quot;:&quot;&quot;,&quot;caption&quot;:&quot;&quot;,&quot;itemprop&quot;:&quot;image&quot;}]\" itemscope itemtype=\"https:\/\/schema.org\/ImageGallery\"><\/div>\n<p><span style=\"color: #ff0000\"><em><strong>3\u00ba. Vamos al patio y nos encontramos una gran sorpresa: \u00a1una aut\u00e9ntica lluvia de globos!, que bonitoooooo. Nos ha encantado verlos caer del cielo, los hemos llevado a nuestro parque y hemos disfrutado de lo lindo con ellos. Todo el parque se ha llenado de globos azules y blancos que nos han transportado a un paisaje t\u00edpicamente invernal.<\/strong><\/em><\/span><\/p>\n<p class=\"jetpack-slideshow-noscript robots-nocontent\">El pase de diapositivas requiere JavaScript.<\/p><div id=\"gallery-23469-4-slideshow\" class=\"jetpack-slideshow-window jetpack-slideshow jetpack-slideshow-black\" data-trans=\"fade\" data-autostart=\"1\" data-gallery=\"[{&quot;src&quot;:&quot;https:\\\/\\\/www.alqueria.es\\\/blogs\\\/alqueriaamarillanaranja\\\/wp-content\\\/uploads\\\/sites\\\/9\\\/2016\\\/12\\\/20161222_135017.jpg&quot;,&quot;id&quot;:&quot;23621&quot;,&quot;title&quot;:&quot;20161222_135017&quot;,&quot;alt&quot;:&quot;&quot;,&quot;caption&quot;:&quot;&quot;,&quot;itemprop&quot;:&quot;image&quot;},{&quot;src&quot;:&quot;https:\\\/\\\/www.alqueria.es\\\/blogs\\\/alqueriaamarillanaranja\\\/wp-content\\\/uploads\\\/sites\\\/9\\\/2016\\\/12\\\/20161222_135028.jpg&quot;,&quot;id&quot;:&quot;23622&quot;,&quot;title&quot;:&quot;20161222_135028&quot;,&quot;alt&quot;:&quot;&quot;,&quot;caption&quot;:&quot;&quot;,&quot;itemprop&quot;:&quot;image&quot;},{&quot;src&quot;:&quot;https:\\\/\\\/www.alqueria.es\\\/blogs\\\/alqueriaamarillanaranja\\\/wp-content\\\/uploads\\\/sites\\\/9\\\/2016\\\/12\\\/20161222_135045.jpg&quot;,&quot;id&quot;:&quot;23624&quot;,&quot;title&quot;:&quot;20161222_135045&quot;,&quot;alt&quot;:&quot;&quot;,&quot;caption&quot;:&quot;&quot;,&quot;itemprop&quot;:&quot;image&quot;},{&quot;src&quot;:&quot;https:\\\/\\\/www.alqueria.es\\\/blogs\\\/alqueriaamarillanaranja\\\/wp-content\\\/uploads\\\/sites\\\/9\\\/2016\\\/12\\\/20161222_135204.jpg&quot;,&quot;id&quot;:&quot;23626&quot;,&quot;title&quot;:&quot;20161222_135204&quot;,&quot;alt&quot;:&quot;&quot;,&quot;caption&quot;:&quot;&quot;,&quot;itemprop&quot;:&quot;image&quot;},{&quot;src&quot;:&quot;https:\\\/\\\/www.alqueria.es\\\/blogs\\\/alqueriaamarillanaranja\\\/wp-content\\\/uploads\\\/sites\\\/9\\\/2016\\\/12\\\/20161222_135209.jpg&quot;,&quot;id&quot;:&quot;23628&quot;,&quot;title&quot;:&quot;20161222_135209&quot;,&quot;alt&quot;:&quot;&quot;,&quot;caption&quot;:&quot;&quot;,&quot;itemprop&quot;:&quot;image&quot;}]\" itemscope itemtype=\"https:\/\/schema.org\/ImageGallery\"><\/div>\n<p><span style=\"color: #ff0000\"><em><strong>Hemos pasado una ma\u00f1ana fant\u00e1stica, y nos hemos despedido tempranito dese\u00e1ndonos lo mejor.\u00a0<\/strong><\/em><\/span><\/p>\n<p><span style=\"color: #ff0000\"><em><strong>Espero que todos y cada un@ pas\u00e9is unos d\u00edas estupendos en compa\u00f1\u00eda de vuestros peque\u00f1os. \u00a1Nos vemos el 9 de enero!<\/strong><\/em><\/span><\/p>\n<p><span style=\"color: #ff0000\"><img decoding=\"async\" data-attachment-id=\"23470\" data-permalink=\"https:\/\/www.alqueria.es\/blogs\/alqueriaamarillanaranja\/2016\/12\/22\/nos-vamos-de-vacaciones\/ef85140e9763bca4b31a5f735320d7c1\/\" data-orig-file=\"https:\/\/www.alqueria.es\/blogs\/alqueriaamarillanaranja\/wp-content\/uploads\/sites\/9\/2016\/12\/ef85140e9763bca4b31a5f735320d7c1.jpg\" data-orig-size=\"474,355\" data-comments-opened=\"1\" data-image-meta=\"{&quot;aperture&quot;:&quot;0&quot;,&quot;credit&quot;:&quot;&quot;,&quot;camera&quot;:&quot;&quot;,&quot;caption&quot;:&quot;&quot;,&quot;created_timestamp&quot;:&quot;0&quot;,&quot;copyright&quot;:&quot;&quot;,&quot;focal_length&quot;:&quot;0&quot;,&quot;iso&quot;:&quot;0&quot;,&quot;shutter_speed&quot;:&quot;0&quot;,&quot;title&quot;:&quot;&quot;,&quot;orientation&quot;:&quot;0&quot;}\" data-image-title=\"ef85140e9763bca4b31a5f735320d7c1\" data-image-description=\"\" data-image-caption=\"\" data-large-file=\"https:\/\/www.alqueria.es\/blogs\/alqueriaamarillanaranja\/wp-content\/uploads\/sites\/9\/2016\/12\/ef85140e9763bca4b31a5f735320d7c1.jpg\" class=\"aligncenter size-full wp-image-23470\" src=\"https:\/\/cloud.alqueria.es\/wp-content\/uploads\/sites\/9\/2016\/12\/ef85140e9763bca4b31a5f735320d7c1.jpg\" alt=\"\" width=\"474\" height=\"355\" srcset=\"https:\/\/www.alqueria.es\/blogs\/alqueriaamarillanaranja\/wp-content\/uploads\/sites\/9\/2016\/12\/ef85140e9763bca4b31a5f735320d7c1.jpg 474w, https:\/\/www.alqueria.es\/blogs\/alqueriaamarillanaranja\/wp-content\/uploads\/sites\/9\/2016\/12\/ef85140e9763bca4b31a5f735320d7c1-300x225.jpg 300w\" sizes=\"(max-width: 474px) 100vw, 474px\" \/><\/span><\/p>\n<p style=\"text-align: right\"><span style=\"color: #ff0000\"><em><strong>Loli G\u00e1lvez\u00a0<\/strong><\/em><\/span><\/p>\n","protected":false},"excerpt":{"rendered":"<p>Hoy despedimos el trimestre con una ma\u00f1ana llena de actividades especiales para todos nuestros ni\u00f1os y ni\u00f1as: 1\u00ba. Asistimos al recital de villancicos que nos ofrecen nuestros compa\u00f1er@s de Primaria. Adem\u00e1s \u00ablas profes\u00bb nos sorprenden con un villancico en ingl\u00e9s que no sab\u00edamos que hab\u00edan preparado. Hasta los profes nos hemos animado este a\u00f1o, y &hellip; <a href=\"https:\/\/www.alqueria.es\/blogs\/alqueriaamarillanaranja\/2016\/12\/22\/nos-vamos-de-vacaciones\/\" class=\"more-link\">Seguir leyendo <span class=\"screen-reader-text\">\u00a1Nos vamos de vacaciones!<\/span> <span class=\"meta-nav\">&rarr;<\/span><\/a><\/p>\n","protected":false},"author":23,"featured_media":0,"comment_status":"open","ping_status":"open","sticky":false,"template":"","format":"standard","meta":{"jetpack_post_was_ever_published":false,"_jetpack_newsletter_access":"","_jetpack_dont_email_post_to_subs":false,"_jetpack_newsletter_tier_id":0,"_jetpack_memberships_contains_paywalled_content":false,"_jetpack_memberships_contains_paid_content":false,"footnotes":"","jetpack_publicize_message":"","jetpack_publicize_feature_enabled":true,"jetpack_social_post_already_shared":true,"jetpack_social_options":{"image_generator_settings":{"template":"highway","default_image_id":0,"font":"","enabled":false},"version":2}},"categories":[7,8],"tags":[412,337],"class_list":["post-23469","post","type-post","status-publish","format-standard","hentry","category-clase-naranja","category-diario","tag-fiesta-de-invierno","tag-final-de-trimestre"],"jetpack_publicize_connections":[],"jetpack_featured_media_url":"","jetpack_sharing_enabled":true,"jetpack_shortlink":"https:\/\/wp.me\/p4lG08-66x","jetpack-related-posts":[],"_links":{"self":[{"href":"https:\/\/www.alqueria.es\/blogs\/alqueriaamarillanaranja\/wp-json\/wp\/v2\/posts\/23469","targetHints":{"allow":["GET"]}}],"collection":[{"href":"https:\/\/www.alqueria.es\/blogs\/alqueriaamarillanaranja\/wp-json\/wp\/v2\/posts"}],"about":[{"href":"https:\/\/www.alqueria.es\/blogs\/alqueriaamarillanaranja\/wp-json\/wp\/v2\/types\/post"}],"author":[{"embeddable":true,"href":"https:\/\/www.alqueria.es\/blogs\/alqueriaamarillanaranja\/wp-json\/wp\/v2\/users\/23"}],"replies":[{"embeddable":true,"href":"https:\/\/www.alqueria.es\/blogs\/alqueriaamarillanaranja\/wp-json\/wp\/v2\/comments?post=23469"}],"version-history":[{"count":0,"href":"https:\/\/www.alqueria.es\/blogs\/alqueriaamarillanaranja\/wp-json\/wp\/v2\/posts\/23469\/revisions"}],"wp:attachment":[{"href":"https:\/\/www.alqueria.es\/blogs\/alqueriaamarillanaranja\/wp-json\/wp\/v2\/media?parent=23469"}],"wp:term":[{"taxonomy":"category","embeddable":true,"href":"https:\/\/www.alqueria.es\/blogs\/alqueriaamarillanaranja\/wp-json\/wp\/v2\/categories?post=23469"},{"taxonomy":"post_tag","embeddable":true,"href":"https:\/\/www.alqueria.es\/blogs\/alqueriaamarillanaranja\/wp-json\/wp\/v2\/tags?post=23469"}],"curies":[{"name":"wp","href":"https:\/\/api.w.org\/{rel}","templated":true}]}}