{"id":23605,"date":"2016-12-21T14:34:44","date_gmt":"2016-12-21T13:34:44","guid":{"rendered":"https:\/\/www.alqueria.es\/blogs\/alqueriaamarillanaranja\/?p=23605"},"modified":"2016-12-21T14:34:44","modified_gmt":"2016-12-21T13:34:44","slug":"villancico-clase-amarilla","status":"publish","type":"post","link":"https:\/\/www.alqueria.es\/blogs\/alqueriaamarillanaranja\/2016\/12\/21\/villancico-clase-amarilla\/","title":{"rendered":"VILLANCICO CLASE AMARILLA"},"content":{"rendered":"<p>Aqu\u00ed os dejamos el villancico que interpret\u00f3 ayer la Clase Amarilla y sin ensayo previo, acompa\u00f1ados a la guitarra por la profe de M\u00fasica, Elena y a la bater\u00eda un compa\u00f1ero de la clase verde, esperamos que os guste.<\/p>\n<p><a href=\"https:\/\/vimeo.com\/196554131\">https:\/\/vimeo.com\/196554131<\/a><\/p>\n<p>Carmen Jim\u00e9nez<\/p>\n","protected":false},"excerpt":{"rendered":"<p>Aqu\u00ed os dejamos el villancico que interpret\u00f3 ayer la Clase Amarilla y sin ensayo previo, acompa\u00f1ados a la guitarra por la profe de M\u00fasica, Elena y a la bater\u00eda un compa\u00f1ero de la clase verde, esperamos que os guste. Carmen Jim\u00e9nez<\/p>\n","protected":false},"author":23,"featured_media":0,"comment_status":"open","ping_status":"open","sticky":false,"template":"","format":"standard","meta":{"jetpack_post_was_ever_published":false,"_jetpack_newsletter_access":"","_jetpack_dont_email_post_to_subs":false,"_jetpack_newsletter_tier_id":0,"_jetpack_memberships_contains_paywalled_content":false,"_jetpack_memberships_contains_paid_content":false,"footnotes":"","jetpack_publicize_message":"","jetpack_publicize_feature_enabled":true,"jetpack_social_post_already_shared":true,"jetpack_social_options":{"image_generator_settings":{"template":"highway","default_image_id":0,"font":"","enabled":false},"version":2}},"categories":[22,6,9,14],"tags":[],"class_list":["post-23605","post","type-post","status-publish","format-standard","hentry","category-cancionero","category-clase-amarilla","category-diario-clase-amarilla","category-fiestas-y-dias-especiales"],"jetpack_publicize_connections":[],"jetpack_featured_media_url":"","jetpack_sharing_enabled":true,"jetpack_shortlink":"https:\/\/wp.me\/p4lG08-68J","jetpack-related-posts":[],"_links":{"self":[{"href":"https:\/\/www.alqueria.es\/blogs\/alqueriaamarillanaranja\/wp-json\/wp\/v2\/posts\/23605","targetHints":{"allow":["GET"]}}],"collection":[{"href":"https:\/\/www.alqueria.es\/blogs\/alqueriaamarillanaranja\/wp-json\/wp\/v2\/posts"}],"about":[{"href":"https:\/\/www.alqueria.es\/blogs\/alqueriaamarillanaranja\/wp-json\/wp\/v2\/types\/post"}],"author":[{"embeddable":true,"href":"https:\/\/www.alqueria.es\/blogs\/alqueriaamarillanaranja\/wp-json\/wp\/v2\/users\/23"}],"replies":[{"embeddable":true,"href":"https:\/\/www.alqueria.es\/blogs\/alqueriaamarillanaranja\/wp-json\/wp\/v2\/comments?post=23605"}],"version-history":[{"count":0,"href":"https:\/\/www.alqueria.es\/blogs\/alqueriaamarillanaranja\/wp-json\/wp\/v2\/posts\/23605\/revisions"}],"wp:attachment":[{"href":"https:\/\/www.alqueria.es\/blogs\/alqueriaamarillanaranja\/wp-json\/wp\/v2\/media?parent=23605"}],"wp:term":[{"taxonomy":"category","embeddable":true,"href":"https:\/\/www.alqueria.es\/blogs\/alqueriaamarillanaranja\/wp-json\/wp\/v2\/categories?post=23605"},{"taxonomy":"post_tag","embeddable":true,"href":"https:\/\/www.alqueria.es\/blogs\/alqueriaamarillanaranja\/wp-json\/wp\/v2\/tags?post=23605"}],"curies":[{"name":"wp","href":"https:\/\/api.w.org\/{rel}","templated":true}]}}