{"id":23615,"date":"2016-12-22T15:31:24","date_gmt":"2016-12-22T14:31:24","guid":{"rendered":"https:\/\/www.alqueria.es\/blogs\/alqueriaamarillanaranja\/?p=23615"},"modified":"2016-12-22T15:31:24","modified_gmt":"2016-12-22T14:31:24","slug":"vacaciones-2","status":"publish","type":"post","link":"https:\/\/www.alqueria.es\/blogs\/alqueriaamarillanaranja\/2016\/12\/22\/vacaciones-2\/","title":{"rendered":"\u00a1\u00a1VACACIONES!!"},"content":{"rendered":"<p>\u00a1\u00a1D\u00cdA ESPECIAL !!<\/p>\n<p>Terminamos este trimestre con la celebraci\u00f3n de la llegada del Invierno y las vacaciones de Navidad. Les damos una gran sorpresa con toda la clase llena de globos azules y blancos, y bailamos al ritmo de villancicos. Se lo han pasado muy bien y hemos compartido este d\u00eda tan especial con los celestes-azules.<\/p>\n<p>Tambi\u00e9n, toda la etapa de Infantil \u00a0hemos tenido un encuentro en la clase de yoga , d\u00f3nde hemos cantado villancicos y tomado un tentempi\u00e9 de galletas saladas.<\/p>\n<p>Para terminar la ma\u00f1ana, bajamos al jard\u00edn y disfrutamos un rato del certamen de villancicos interpretados por los alumnos\/as de Primaria.<\/p>\n<p>Nos despedimos desde este blog hasta el a\u00f1o que viene, dese\u00e1ndoos unas felices fiestas y que disfrut\u00e9is en familia.<\/p>\n<p class=\"jetpack-slideshow-noscript robots-nocontent\">El pase de diapositivas requiere JavaScript.<\/p><div id=\"gallery-23615-1-slideshow\" class=\"jetpack-slideshow-window jetpack-slideshow jetpack-slideshow-black\" data-trans=\"fade\" data-autostart=\"1\" data-gallery=\"[{&quot;src&quot;:&quot;https:\\\/\\\/www.alqueria.es\\\/blogs\\\/alqueriaamarillanaranja\\\/wp-content\\\/uploads\\\/sites\\\/9\\\/2016\\\/12\\\/IMG_7352.jpg&quot;,&quot;id&quot;:&quot;23616&quot;,&quot;title&quot;:&quot;IMG_7352&quot;,&quot;alt&quot;:&quot;&quot;,&quot;caption&quot;:&quot;&quot;,&quot;itemprop&quot;:&quot;image&quot;},{&quot;src&quot;:&quot;https:\\\/\\\/www.alqueria.es\\\/blogs\\\/alqueriaamarillanaranja\\\/wp-content\\\/uploads\\\/sites\\\/9\\\/2016\\\/12\\\/IMG_7275.jpg&quot;,&quot;id&quot;:&quot;23617&quot;,&quot;title&quot;:&quot;IMG_7275&quot;,&quot;alt&quot;:&quot;&quot;,&quot;caption&quot;:&quot;&quot;,&quot;itemprop&quot;:&quot;image&quot;},{&quot;src&quot;:&quot;https:\\\/\\\/www.alqueria.es\\\/blogs\\\/alqueriaamarillanaranja\\\/wp-content\\\/uploads\\\/sites\\\/9\\\/2016\\\/12\\\/IMG_7277.jpg&quot;,&quot;id&quot;:&quot;23618&quot;,&quot;title&quot;:&quot;IMG_7277&quot;,&quot;alt&quot;:&quot;&quot;,&quot;caption&quot;:&quot;&quot;,&quot;itemprop&quot;:&quot;image&quot;},{&quot;src&quot;:&quot;https:\\\/\\\/www.alqueria.es\\\/blogs\\\/alqueriaamarillanaranja\\\/wp-content\\\/uploads\\\/sites\\\/9\\\/2016\\\/12\\\/IMG_7279.jpg&quot;,&quot;id&quot;:&quot;23619&quot;,&quot;title&quot;:&quot;IMG_7279&quot;,&quot;alt&quot;:&quot;&quot;,&quot;caption&quot;:&quot;&quot;,&quot;itemprop&quot;:&quot;image&quot;},{&quot;src&quot;:&quot;https:\\\/\\\/www.alqueria.es\\\/blogs\\\/alqueriaamarillanaranja\\\/wp-content\\\/uploads\\\/sites\\\/9\\\/2016\\\/12\\\/IMG_7299.jpg&quot;,&quot;id&quot;:&quot;23620&quot;,&quot;title&quot;:&quot;IMG_7299&quot;,&quot;alt&quot;:&quot;&quot;,&quot;caption&quot;:&quot;&quot;,&quot;itemprop&quot;:&quot;image&quot;},{&quot;src&quot;:&quot;https:\\\/\\\/www.alqueria.es\\\/blogs\\\/alqueriaamarillanaranja\\\/wp-content\\\/uploads\\\/sites\\\/9\\\/2016\\\/12\\\/IMG_7300.jpg&quot;,&quot;id&quot;:&quot;23623&quot;,&quot;title&quot;:&quot;IMG_7300&quot;,&quot;alt&quot;:&quot;&quot;,&quot;caption&quot;:&quot;&quot;,&quot;itemprop&quot;:&quot;image&quot;},{&quot;src&quot;:&quot;https:\\\/\\\/www.alqueria.es\\\/blogs\\\/alqueriaamarillanaranja\\\/wp-content\\\/uploads\\\/sites\\\/9\\\/2016\\\/12\\\/IMG_7310.jpg&quot;,&quot;id&quot;:&quot;23625&quot;,&quot;title&quot;:&quot;IMG_7310&quot;,&quot;alt&quot;:&quot;&quot;,&quot;caption&quot;:&quot;&quot;,&quot;itemprop&quot;:&quot;image&quot;},{&quot;src&quot;:&quot;https:\\\/\\\/www.alqueria.es\\\/blogs\\\/alqueriaamarillanaranja\\\/wp-content\\\/uploads\\\/sites\\\/9\\\/2016\\\/12\\\/IMG_7313.jpg&quot;,&quot;id&quot;:&quot;23627&quot;,&quot;title&quot;:&quot;IMG_7313&quot;,&quot;alt&quot;:&quot;&quot;,&quot;caption&quot;:&quot;&quot;,&quot;itemprop&quot;:&quot;image&quot;},{&quot;src&quot;:&quot;https:\\\/\\\/www.alqueria.es\\\/blogs\\\/alqueriaamarillanaranja\\\/wp-content\\\/uploads\\\/sites\\\/9\\\/2016\\\/12\\\/IMG_7315.jpg&quot;,&quot;id&quot;:&quot;23629&quot;,&quot;title&quot;:&quot;IMG_7315&quot;,&quot;alt&quot;:&quot;&quot;,&quot;caption&quot;:&quot;&quot;,&quot;itemprop&quot;:&quot;image&quot;},{&quot;src&quot;:&quot;https:\\\/\\\/www.alqueria.es\\\/blogs\\\/alqueriaamarillanaranja\\\/wp-content\\\/uploads\\\/sites\\\/9\\\/2016\\\/12\\\/IMG_7321.jpg&quot;,&quot;id&quot;:&quot;23630&quot;,&quot;title&quot;:&quot;IMG_7321&quot;,&quot;alt&quot;:&quot;&quot;,&quot;caption&quot;:&quot;&quot;,&quot;itemprop&quot;:&quot;image&quot;},{&quot;src&quot;:&quot;https:\\\/\\\/www.alqueria.es\\\/blogs\\\/alqueriaamarillanaranja\\\/wp-content\\\/uploads\\\/sites\\\/9\\\/2016\\\/12\\\/IMG_7323.jpg&quot;,&quot;id&quot;:&quot;23631&quot;,&quot;title&quot;:&quot;IMG_7323&quot;,&quot;alt&quot;:&quot;&quot;,&quot;caption&quot;:&quot;&quot;,&quot;itemprop&quot;:&quot;image&quot;},{&quot;src&quot;:&quot;https:\\\/\\\/www.alqueria.es\\\/blogs\\\/alqueriaamarillanaranja\\\/wp-content\\\/uploads\\\/sites\\\/9\\\/2016\\\/12\\\/IMG_7331.jpg&quot;,&quot;id&quot;:&quot;23632&quot;,&quot;title&quot;:&quot;IMG_7331&quot;,&quot;alt&quot;:&quot;&quot;,&quot;caption&quot;:&quot;&quot;,&quot;itemprop&quot;:&quot;image&quot;},{&quot;src&quot;:&quot;https:\\\/\\\/www.alqueria.es\\\/blogs\\\/alqueriaamarillanaranja\\\/wp-content\\\/uploads\\\/sites\\\/9\\\/2016\\\/12\\\/IMG_7334.jpg&quot;,&quot;id&quot;:&quot;23633&quot;,&quot;title&quot;:&quot;IMG_7334&quot;,&quot;alt&quot;:&quot;&quot;,&quot;caption&quot;:&quot;&quot;,&quot;itemprop&quot;:&quot;image&quot;},{&quot;src&quot;:&quot;https:\\\/\\\/www.alqueria.es\\\/blogs\\\/alqueriaamarillanaranja\\\/wp-content\\\/uploads\\\/sites\\\/9\\\/2016\\\/12\\\/IMG_7339.jpg&quot;,&quot;id&quot;:&quot;23634&quot;,&quot;title&quot;:&quot;IMG_7339&quot;,&quot;alt&quot;:&quot;&quot;,&quot;caption&quot;:&quot;&quot;,&quot;itemprop&quot;:&quot;image&quot;},{&quot;src&quot;:&quot;https:\\\/\\\/www.alqueria.es\\\/blogs\\\/alqueriaamarillanaranja\\\/wp-content\\\/uploads\\\/sites\\\/9\\\/2016\\\/12\\\/IMG_7341.jpg&quot;,&quot;id&quot;:&quot;23637&quot;,&quot;title&quot;:&quot;IMG_7341&quot;,&quot;alt&quot;:&quot;&quot;,&quot;caption&quot;:&quot;&quot;,&quot;itemprop&quot;:&quot;image&quot;},{&quot;src&quot;:&quot;https:\\\/\\\/www.alqueria.es\\\/blogs\\\/alqueriaamarillanaranja\\\/wp-content\\\/uploads\\\/sites\\\/9\\\/2016\\\/12\\\/IMG_7348.jpg&quot;,&quot;id&quot;:&quot;23639&quot;,&quot;title&quot;:&quot;IMG_7348&quot;,&quot;alt&quot;:&quot;&quot;,&quot;caption&quot;:&quot;&quot;,&quot;itemprop&quot;:&quot;image&quot;},{&quot;src&quot;:&quot;https:\\\/\\\/www.alqueria.es\\\/blogs\\\/alqueriaamarillanaranja\\\/wp-content\\\/uploads\\\/sites\\\/9\\\/2016\\\/12\\\/IMG_7350.jpg&quot;,&quot;id&quot;:&quot;23641&quot;,&quot;title&quot;:&quot;IMG_7350&quot;,&quot;alt&quot;:&quot;&quot;,&quot;caption&quot;:&quot;&quot;,&quot;itemprop&quot;:&quot;image&quot;},{&quot;src&quot;:&quot;https:\\\/\\\/www.alqueria.es\\\/blogs\\\/alqueriaamarillanaranja\\\/wp-content\\\/uploads\\\/sites\\\/9\\\/2016\\\/12\\\/DSC07191.jpg&quot;,&quot;id&quot;:&quot;23643&quot;,&quot;title&quot;:&quot;DSC07191&quot;,&quot;alt&quot;:&quot;&quot;,&quot;caption&quot;:&quot;&quot;,&quot;itemprop&quot;:&quot;image&quot;}]\" itemscope itemtype=\"https:\/\/schema.org\/ImageGallery\"><\/div>\n<p>Encarna y Carmen<\/p>\n","protected":false},"excerpt":{"rendered":"<p>\u00a1\u00a1D\u00cdA ESPECIAL !! Terminamos este trimestre con la celebraci\u00f3n de la llegada del Invierno y las vacaciones de Navidad. Les damos una gran sorpresa con toda la clase llena de globos azules y blancos, y bailamos al ritmo de villancicos. Se lo han pasado muy bien y hemos compartido este d\u00eda tan especial con los &hellip; <a href=\"https:\/\/www.alqueria.es\/blogs\/alqueriaamarillanaranja\/2016\/12\/22\/vacaciones-2\/\" class=\"more-link\">Seguir leyendo <span class=\"screen-reader-text\">\u00a1\u00a1VACACIONES!!<\/span> <span class=\"meta-nav\">&rarr;<\/span><\/a><\/p>\n","protected":false},"author":23,"featured_media":0,"comment_status":"open","ping_status":"open","sticky":false,"template":"","format":"standard","meta":{"jetpack_post_was_ever_published":false,"_jetpack_newsletter_access":"","_jetpack_dont_email_post_to_subs":false,"_jetpack_newsletter_tier_id":0,"_jetpack_memberships_contains_paywalled_content":false,"_jetpack_memberships_contains_paid_content":false,"footnotes":"","jetpack_publicize_message":"","jetpack_publicize_feature_enabled":true,"jetpack_social_post_already_shared":true,"jetpack_social_options":{"image_generator_settings":{"template":"highway","default_image_id":0,"font":"","enabled":false},"version":2}},"categories":[6,9,14],"tags":[416],"class_list":["post-23615","post","type-post","status-publish","format-standard","hentry","category-clase-amarilla","category-diario-clase-amarilla","category-fiestas-y-dias-especiales","tag-celebracion-del-invierno"],"jetpack_publicize_connections":[],"jetpack_featured_media_url":"","jetpack_sharing_enabled":true,"jetpack_shortlink":"https:\/\/wp.me\/p4lG08-68T","jetpack-related-posts":[],"_links":{"self":[{"href":"https:\/\/www.alqueria.es\/blogs\/alqueriaamarillanaranja\/wp-json\/wp\/v2\/posts\/23615","targetHints":{"allow":["GET"]}}],"collection":[{"href":"https:\/\/www.alqueria.es\/blogs\/alqueriaamarillanaranja\/wp-json\/wp\/v2\/posts"}],"about":[{"href":"https:\/\/www.alqueria.es\/blogs\/alqueriaamarillanaranja\/wp-json\/wp\/v2\/types\/post"}],"author":[{"embeddable":true,"href":"https:\/\/www.alqueria.es\/blogs\/alqueriaamarillanaranja\/wp-json\/wp\/v2\/users\/23"}],"replies":[{"embeddable":true,"href":"https:\/\/www.alqueria.es\/blogs\/alqueriaamarillanaranja\/wp-json\/wp\/v2\/comments?post=23615"}],"version-history":[{"count":0,"href":"https:\/\/www.alqueria.es\/blogs\/alqueriaamarillanaranja\/wp-json\/wp\/v2\/posts\/23615\/revisions"}],"wp:attachment":[{"href":"https:\/\/www.alqueria.es\/blogs\/alqueriaamarillanaranja\/wp-json\/wp\/v2\/media?parent=23615"}],"wp:term":[{"taxonomy":"category","embeddable":true,"href":"https:\/\/www.alqueria.es\/blogs\/alqueriaamarillanaranja\/wp-json\/wp\/v2\/categories?post=23615"},{"taxonomy":"post_tag","embeddable":true,"href":"https:\/\/www.alqueria.es\/blogs\/alqueriaamarillanaranja\/wp-json\/wp\/v2\/tags?post=23615"}],"curies":[{"name":"wp","href":"https:\/\/api.w.org\/{rel}","templated":true}]}}