{"id":24270,"date":"2017-02-06T17:09:54","date_gmt":"2017-02-06T16:09:54","guid":{"rendered":"https:\/\/www.alqueria.es\/blogs\/alqueriaamarillanaranja\/?p=24270"},"modified":"2017-02-06T10:18:35","modified_gmt":"2017-02-06T09:18:35","slug":"con-energia","status":"publish","type":"post","link":"https:\/\/www.alqueria.es\/blogs\/alqueriaamarillanaranja\/2017\/02\/06\/con-energia\/","title":{"rendered":"\u00a1Con energ\u00eda!"},"content":{"rendered":"<p><strong><span style=\"color: #0000ff\">Comenzamos la semana hablando de lo que hemos hecho s\u00e1bado y<img decoding=\"async\" class=\"alignright\" src=\"https:\/\/ramosdepalabras.files.wordpress.com\/2014\/08\/crayones-dibujo-familia-feliz.png\" alt=\"Resultado de imagen de dibujo fin de semana\" width=\"356\" height=\"212\" \/>domingo en casa&#8230;&#8230;<\/span><\/strong><\/p>\n<p><strong><span style=\"color: #0000ff\">BEATRIZ: me he quedado en casa y jugaba con mi mam\u00e1 al pilla-pilla.<\/span><\/strong><\/p>\n<p><strong><span style=\"color: #0000ff\">MARCO: he cogido un spiderman de mi casa para traerlo al cole. Y el fin de semana me he comido un batido y un pl\u00e1tano.<\/span><\/strong><\/p>\n<p><strong><span style=\"color: #0000ff\">PAULA: he estado con mi pap\u00e1 y mi mam\u00e1. El s\u00e1bado yo hab\u00eda ido con mis titos a los columpios, y el domingo a la Alhambra. En la Alhambra viv\u00edan pr\u00edncipes, pero ya no estaban porque hac\u00eda mucho tiempo.<\/span><\/strong><\/p>\n<p><strong><span style=\"color: #0000ff\">OLIVER: he estado en casa, me he quedado con mam\u00e1, y yo ayudaba a Dar\u00edo.<\/span><\/strong><\/p>\n<p><strong><span style=\"color: #0000ff\">LU\u00cdS: he ido a la casa de la abuelita Antonia, que vive en la casa n\u00famero uno y tiene un ascensor. Y all\u00ed he jugado con mis juguetes.<\/span><\/strong><\/p>\n<p><strong><span style=\"color: #0000ff\">LEO P.: he ido a la feria y me he tirado por un tobog\u00e1n grande que era una colchoneta. Y hab\u00eda unas bolas y yo me tir\u00e9, y se bajaba por una escalera y hab\u00eda un coche, una furgoneta y una moto verde.<\/span><\/strong><\/p>\n<p><strong><span style=\"color: #0000ff\">ANA: me he quedado en casa, y he jugado a la \u00abpatrulla canina\u00bb yo solita. Y yo le ayudaba a mam\u00e1 a hacer un pan.<\/span><\/strong><\/p>\n<p><strong><span style=\"color: #0000ff\">MARCELO: he jugado con mi mam\u00e1.<\/span><\/strong><\/p>\n<p><strong><span style=\"color: #0000ff\">ANDREA: me han quitado la espina de la mano con unas pinzas. He ido al patio con mis titos, y tambi\u00e9n he ido a casa de la abuela, y hemos hecho un teatro de los tres cerditos.<\/span><\/strong><\/p>\n<p><strong><span style=\"color: #0000ff\">ALINE: he ido al parque con Alejandro, y con mis pap\u00e1s, y cuando he llegado a casa me he tomado un batido.<\/span><\/strong><\/p>\n<p><strong><span style=\"color: #0000ff\">MAR\u00cdA: he comido chuches que me las han comprado pap\u00e1 y mam\u00e1.<\/span><\/strong><\/p>\n<p><strong><span style=\"color: #0000ff\">SOF\u00cdA: he ido al cine a ver la peli de \u00abBallerina\u00bb que es una ni\u00f1a que se llama Felicia y es bailarina.<\/span><\/strong><\/p>\n<p><strong><span style=\"color: #0000ff\">LUNA: yo quer\u00eda ir a ver los caballos pero ya no estaban.<\/span><\/strong><\/p>\n<p><strong><span style=\"color: #0000ff\">ALEX: estaba en mi casa y mi pap\u00e1 me daba \u00abun bote de leche\u00bb y lo guardaba para poner plantas.<\/span><\/strong><\/p>\n<p><strong><span style=\"color: #0000ff\">CLARA: me he quedado en casa y he dibujado al \u00abgallo Quirico\u00bb y lo he pegado con pegamento.<\/span><\/strong><\/p>\n<p><strong><span style=\"color: #0000ff\">CANDELA: he ido a Sierra Nevada y me he tirado con un trineo muy alto, y se me congelaron los pies.<\/span><\/strong><\/p>\n<p><strong><span style=\"color: #0000ff\">LEO S.: le he dicho a mi mam\u00e1 que no se ha muerto Manuelita (nuestra tortuga). Y otro d\u00eda fui a la Sierra con pap\u00e1.<\/span><\/strong><\/p>\n<p><strong><span style=\"color: #0000ff\">Las propuestas de juego que hemos escogido en nuestra asamblea han sido hoy: DISFRACES, ANIMALES Y COCHES.<\/span><\/strong><\/p>\n<p><strong><span style=\"color: #0000ff\"><img decoding=\"async\" class=\"alignleft\" src=\"http:\/\/previews.123rf.com\/images\/clairev\/clairev1111\/clairev111100004\/11124983-Copos-de-nieve-de-dibujos-animados-de-recogida-1-ilustraci-n-vectorial--Foto-de-archivo.jpg\" alt=\"Resultado de imagen de dibujo copos de nieve\" width=\"193\" height=\"186\" \/>De forma paralela al juego, realizamos hoy un taller creativo de ambientaci\u00f3n en la estaci\u00f3n de la que hablamos cada d\u00eda, EL INVIERNO. Hemos creado unos bonitos copos de nieve, cada uno de los cuales est\u00e1 formado por cinco segmentos numerados del 1 al 5. Cada un@ ha ordenado dichos segmentos de acuerdo a la recta num\u00e9rica, para pegarlos a continuaci\u00f3n. Despu\u00e9s hemos recortado trocitos de cartulina brillante con los que cada uno ha dado su toque personal a \u00absu copito\u00bb. \u00a1Han quedado preciosos!<\/span><\/strong><\/p>\n<p><strong><span style=\"color: #0000ff\">Se ha tratado este de un taller con el que trabajamos objetivos muy diversos:<\/span><\/strong><\/p>\n<ul>\n<li><strong><span style=\"color: #0000ff\">Numeraci\u00f3n del 1 al 5<\/span><\/strong><\/li>\n<li><strong><span style=\"color: #0000ff\">Motricidad fina (coordinaci\u00f3n \u00f3culo-manual)<\/span><\/strong><\/li>\n<li><strong><span style=\"color: #0000ff\">Diferentes t\u00e9cnicas pl\u00e1sticas: recortado y pegado, \u00abcollage\u00bb<\/span><\/strong><\/li>\n<li><strong><span style=\"color: #0000ff\">Atenci\u00f3n y constancia<\/span><\/strong><\/li>\n<\/ul>\n<p><strong><span style=\"color: #0000ff\">En nuestra tarde cooperativa de <img decoding=\"async\" class=\"alignright\" src=\"http:\/\/2.bp.blogspot.com\/-SOic7YVDjPo\/UQQsh-HnTfI\/AAAAAAAAADE\/0opFvLg_V3s\/s1600\/huerto.jpg\" alt=\"Resultado de imagen de dibujo ni\u00f1os vivero\" width=\"232\" height=\"204\" \/>hoy continuamos trabajando<\/span><\/strong><br \/>\n<strong><span style=\"color: #0000ff\"> para<\/span><\/strong><br \/>\n<strong><span style=\"color: #0000ff\"> nuestro vivero. Hoy es el equipo n\u00famero 3 el encargado de las tareas de siembra y plantaci\u00f3n. Poco a poco nos estamos haciendo con \u00a0bastantes plantas, os animo a que continu\u00e9is aportando esquejes y planteles. Gracias.<\/span><\/strong><\/p>\n<p><strong><span style=\"color: #0000ff\">Ma\u00f1ana m\u00e1s&#8230;&#8230;.<\/span><\/strong><\/p>\n<p><strong><span style=\"color: #0000ff\">Loli G\u00e1lvez<\/span><\/strong><\/p>\n","protected":false},"excerpt":{"rendered":"<p>Comenzamos la semana hablando de lo que hemos hecho s\u00e1bado ydomingo en casa&#8230;&#8230; BEATRIZ: me he quedado en casa y jugaba con mi mam\u00e1 al pilla-pilla. MARCO: he cogido un spiderman de mi casa para traerlo al cole. Y el fin de semana me he comido un batido y un pl\u00e1tano. PAULA: he estado con &hellip; <a href=\"https:\/\/www.alqueria.es\/blogs\/alqueriaamarillanaranja\/2017\/02\/06\/con-energia\/\" class=\"more-link\">Seguir leyendo <span class=\"screen-reader-text\">\u00a1Con energ\u00eda!<\/span> <span class=\"meta-nav\">&rarr;<\/span><\/a><\/p>\n","protected":false},"author":23,"featured_media":0,"comment_status":"open","ping_status":"open","sticky":false,"template":"","format":"standard","meta":{"jetpack_post_was_ever_published":false,"_jetpack_newsletter_access":"","_jetpack_dont_email_post_to_subs":false,"_jetpack_newsletter_tier_id":0,"_jetpack_memberships_contains_paywalled_content":false,"_jetpack_memberships_contains_paid_content":false,"footnotes":"","jetpack_publicize_message":"","jetpack_publicize_feature_enabled":true,"jetpack_social_post_already_shared":true,"jetpack_social_options":{"image_generator_settings":{"template":"highway","default_image_id":0,"font":"","enabled":false},"version":2}},"categories":[7,8],"tags":[418,181,89,289,123,127],"class_list":["post-24270","post","type-post","status-publish","format-standard","hentry","category-clase-naranja","category-diario","tag-abn","tag-fin-de-semana","tag-metodo-de-propuestas","tag-talleres-creativos","tag-tarde-cooperativa","tag-vivero"],"jetpack_publicize_connections":[],"jetpack_featured_media_url":"","jetpack_sharing_enabled":true,"jetpack_shortlink":"https:\/\/wp.me\/p4lG08-6js","jetpack-related-posts":[],"_links":{"self":[{"href":"https:\/\/www.alqueria.es\/blogs\/alqueriaamarillanaranja\/wp-json\/wp\/v2\/posts\/24270","targetHints":{"allow":["GET"]}}],"collection":[{"href":"https:\/\/www.alqueria.es\/blogs\/alqueriaamarillanaranja\/wp-json\/wp\/v2\/posts"}],"about":[{"href":"https:\/\/www.alqueria.es\/blogs\/alqueriaamarillanaranja\/wp-json\/wp\/v2\/types\/post"}],"author":[{"embeddable":true,"href":"https:\/\/www.alqueria.es\/blogs\/alqueriaamarillanaranja\/wp-json\/wp\/v2\/users\/23"}],"replies":[{"embeddable":true,"href":"https:\/\/www.alqueria.es\/blogs\/alqueriaamarillanaranja\/wp-json\/wp\/v2\/comments?post=24270"}],"version-history":[{"count":0,"href":"https:\/\/www.alqueria.es\/blogs\/alqueriaamarillanaranja\/wp-json\/wp\/v2\/posts\/24270\/revisions"}],"wp:attachment":[{"href":"https:\/\/www.alqueria.es\/blogs\/alqueriaamarillanaranja\/wp-json\/wp\/v2\/media?parent=24270"}],"wp:term":[{"taxonomy":"category","embeddable":true,"href":"https:\/\/www.alqueria.es\/blogs\/alqueriaamarillanaranja\/wp-json\/wp\/v2\/categories?post=24270"},{"taxonomy":"post_tag","embeddable":true,"href":"https:\/\/www.alqueria.es\/blogs\/alqueriaamarillanaranja\/wp-json\/wp\/v2\/tags?post=24270"}],"curies":[{"name":"wp","href":"https:\/\/api.w.org\/{rel}","templated":true}]}}