{"id":24642,"date":"2017-02-23T17:14:17","date_gmt":"2017-02-23T16:14:17","guid":{"rendered":"https:\/\/www.alqueria.es\/blogs\/alqueriaamarillanaranja\/?p=24642"},"modified":"2017-02-23T16:09:53","modified_gmt":"2017-02-23T15:09:53","slug":"un-dia-lleno-de-actividades-2","status":"publish","type":"post","link":"https:\/\/www.alqueria.es\/blogs\/alqueriaamarillanaranja\/2017\/02\/23\/un-dia-lleno-de-actividades-2\/","title":{"rendered":"Un d\u00eda lleno de actividades:"},"content":{"rendered":"<p><em><strong><span style=\"color: #003300\">Hoy hemos tenido actividades variadas que han hecho que nuestro<img decoding=\"async\" class=\"alignright \" src=\"http:\/\/imagenwhatsapp.com\/wp-content\/uploads\/2016\/01\/carnavalanimada.gif11.gif\" width=\"204\" height=\"204\" \/> d\u00eda sea muy especial:<\/span><\/strong><\/em><\/p>\n<ol>\n<li><em><strong><span style=\"color: #003300\">Asistimos al teatro en ingl\u00e9s que nos ofrecen los ni\u00f1os y ni\u00f1as del grupo de segundo de primaria. La obra que interpretan es \u00abThe smartest giant in town\u00bb, la historia de un gigante bonach\u00f3n que es capaz de compartir todo lo que posee incluida su ropa&#8230;&#8230;ha tenido momentos realmente c\u00f3micos. \u00a1Muy bien chic@s!<\/span><\/strong><\/em><\/li>\n<\/ol>\n<p class=\"jetpack-slideshow-noscript robots-nocontent\">El pase de diapositivas requiere JavaScript.<\/p><div id=\"gallery-24642-1-slideshow\" class=\"jetpack-slideshow-window jetpack-slideshow jetpack-slideshow-black\" data-trans=\"fade\" data-autostart=\"1\" data-gallery=\"[{&quot;src&quot;:&quot;https:\\\/\\\/cloud.alqueria.es\\\/wp-content\\\/uploads\\\/sites\\\/9\\\/2017\\\/02\\\/20170223_100806.jpg&quot;,&quot;id&quot;:&quot;24643&quot;,&quot;title&quot;:&quot;20170223_100806&quot;,&quot;alt&quot;:&quot;&quot;,&quot;caption&quot;:&quot;&quot;,&quot;itemprop&quot;:&quot;image&quot;},{&quot;src&quot;:&quot;https:\\\/\\\/cloud.alqueria.es\\\/wp-content\\\/uploads\\\/sites\\\/9\\\/2017\\\/02\\\/20170223_101250.jpg&quot;,&quot;id&quot;:&quot;24644&quot;,&quot;title&quot;:&quot;20170223_101250&quot;,&quot;alt&quot;:&quot;&quot;,&quot;caption&quot;:&quot;&quot;,&quot;itemprop&quot;:&quot;image&quot;},{&quot;src&quot;:&quot;https:\\\/\\\/cloud.alqueria.es\\\/wp-content\\\/uploads\\\/sites\\\/9\\\/2017\\\/02\\\/20170223_101414.jpg&quot;,&quot;id&quot;:&quot;24645&quot;,&quot;title&quot;:&quot;20170223_101414&quot;,&quot;alt&quot;:&quot;&quot;,&quot;caption&quot;:&quot;&quot;,&quot;itemprop&quot;:&quot;image&quot;},{&quot;src&quot;:&quot;https:\\\/\\\/cloud.alqueria.es\\\/wp-content\\\/uploads\\\/sites\\\/9\\\/2017\\\/02\\\/20170223_101701.jpg&quot;,&quot;id&quot;:&quot;24646&quot;,&quot;title&quot;:&quot;20170223_101701&quot;,&quot;alt&quot;:&quot;&quot;,&quot;caption&quot;:&quot;&quot;,&quot;itemprop&quot;:&quot;image&quot;},{&quot;src&quot;:&quot;https:\\\/\\\/cloud.alqueria.es\\\/wp-content\\\/uploads\\\/sites\\\/9\\\/2017\\\/02\\\/20170223_102509.jpg&quot;,&quot;id&quot;:&quot;24647&quot;,&quot;title&quot;:&quot;20170223_102509&quot;,&quot;alt&quot;:&quot;&quot;,&quot;caption&quot;:&quot;&quot;,&quot;itemprop&quot;:&quot;image&quot;},{&quot;src&quot;:&quot;https:\\\/\\\/cloud.alqueria.es\\\/wp-content\\\/uploads\\\/sites\\\/9\\\/2017\\\/02\\\/20170223_102603.jpg&quot;,&quot;id&quot;:&quot;24648&quot;,&quot;title&quot;:&quot;20170223_102603&quot;,&quot;alt&quot;:&quot;&quot;,&quot;caption&quot;:&quot;&quot;,&quot;itemprop&quot;:&quot;image&quot;}]\" itemscope itemtype=\"https:\/\/schema.org\/ImageGallery\"><\/div>\n<p><em><strong><span style=\"color: #003300\">2. Visitamos el aula de tercero de primaria que han ambientado en el <img decoding=\"async\" data-attachment-id=\"24651\" data-permalink=\"https:\/\/www.alqueria.es\/blogs\/alqueriaamarillanaranja\/2017\/02\/23\/un-dia-lleno-de-actividades-2\/descarga-78\/\" data-orig-file=\"https:\/\/cloud.alqueria.es\/wp-content\/uploads\/sites\/9\/2017\/02\/descarga.jpg\" data-orig-size=\"225,225\" data-comments-opened=\"1\" data-image-meta=\"{&quot;aperture&quot;:&quot;0&quot;,&quot;credit&quot;:&quot;&quot;,&quot;camera&quot;:&quot;&quot;,&quot;caption&quot;:&quot;&quot;,&quot;created_timestamp&quot;:&quot;0&quot;,&quot;copyright&quot;:&quot;&quot;,&quot;focal_length&quot;:&quot;0&quot;,&quot;iso&quot;:&quot;0&quot;,&quot;shutter_speed&quot;:&quot;0&quot;,&quot;title&quot;:&quot;&quot;,&quot;orientation&quot;:&quot;0&quot;}\" data-image-title=\"descarga\" data-image-description=\"\" data-image-caption=\"\" data-large-file=\"https:\/\/cloud.alqueria.es\/wp-content\/uploads\/sites\/9\/2017\/02\/descarga.jpg\" class=\"alignright wp-image-24651\" src=\"https:\/\/cloud.alqueria.es\/wp-content\/uploads\/sites\/9\/2017\/02\/descarga-150x150.jpg\" alt=\"\" width=\"189\" height=\"189\" srcset=\"https:\/\/cloud.alqueria.es\/wp-content\/uploads\/sites\/9\/2017\/02\/descarga.jpg 150w, https:\/\/cloud.alqueria.es\/wp-content\/uploads\/sites\/9\/2017\/02\/descarga.jpg 225w\" sizes=\"(max-width: 189px) 100vw, 189px\" \/>mundo de los cuentos de hadas y la fantas\u00eda (con motivo de la Semana Cultural). Algunos alumnos del grupo nos acompa\u00f1an durante la visita y nos explican en qu\u00e9 se han basado para incluir cada elemento. Les ha encantado, ya que han conseguido introducirnos en el mundo de los cuentos, pero de una forma \u00abreal\u00bb y tangible, muchas gracias.<\/span><\/strong><\/em><\/p>\n<p><em><strong><span style=\"color: #003300\">3. Realizamos la pancarta que nos acompa\u00f1ar\u00e1 en el pasacalles de ma\u00f1ana. \u00abNaranjitas\u00bb ser\u00e1 el t\u00edtulo de nuestra chirigota y este ser\u00e1 el lema que lucir\u00e1 nuestra pancarta.<\/span><\/strong><\/em><\/p>\n<p><em><strong><span style=\"color: #003300\">4. Por la tarde participamos en la Gran Batucada de inauguraci\u00f3n <img decoding=\"async\" class=\"alignright\" src=\"http:\/\/www.ampateresadecalcuta.net\/wp-content\/uploads\/batucada.jpg\" alt=\"Resultado de imagen de dibujo batucada\" width=\"195\" height=\"124\" \/>oficial del Carnaval en nuestro cole. Llevamos nuestras maracas para animar y tocar al ritmo que nos imponen los tambores. \u00a1Ha sido genial!<\/span><\/strong><\/em><\/p>\n<p><em><strong><span style=\"color: #003300\">Y ma\u00f1ana&#8230;&#8230;&#8230;&#8230;..\u00a1\u00a1CARNAVAL!! os espero a tod@s disfrazados desde primera hora para disfrutar de la fiesta durante todo el d\u00eda. A las 15:50h deb\u00e9is estar ya frente al escenario puesto que nuestros naranjitas ser\u00e1n los primeros en actuar. \u00a1No los olvid\u00e9is si no quer\u00e9is perderos la actuaci\u00f3n!<\/span><\/strong><\/em><\/p>\n<p><em><strong><span style=\"color: #003300\">Loli G\u00e1lvez<\/span><\/strong><\/em><\/p>\n","protected":false},"excerpt":{"rendered":"<p>Hoy hemos tenido actividades variadas que han hecho que nuestro d\u00eda sea muy especial: Asistimos al teatro en ingl\u00e9s que nos ofrecen los ni\u00f1os y ni\u00f1as del grupo de segundo de primaria. La obra que interpretan es \u00abThe smartest giant in town\u00bb, la historia de un gigante bonach\u00f3n que es capaz de compartir todo lo &hellip; <a href=\"https:\/\/www.alqueria.es\/blogs\/alqueriaamarillanaranja\/2017\/02\/23\/un-dia-lleno-de-actividades-2\/\" class=\"more-link\">Seguir leyendo <span class=\"screen-reader-text\">Un d\u00eda lleno de actividades:<\/span> <span class=\"meta-nav\">&rarr;<\/span><\/a><\/p>\n","protected":false},"author":23,"featured_media":0,"comment_status":"open","ping_status":"open","sticky":false,"template":"","format":"standard","meta":{"jetpack_post_was_ever_published":false,"_jetpack_newsletter_access":"","_jetpack_dont_email_post_to_subs":false,"_jetpack_newsletter_tier_id":0,"_jetpack_memberships_contains_paywalled_content":false,"_jetpack_memberships_contains_paid_content":false,"footnotes":"","jetpack_publicize_message":"","jetpack_publicize_feature_enabled":true,"jetpack_social_post_already_shared":true,"jetpack_social_options":{"image_generator_settings":{"template":"highway","default_image_id":0,"font":"","enabled":false},"version":2}},"categories":[7,8],"tags":[427,426,125],"class_list":["post-24642","post","type-post","status-publish","format-standard","hentry","category-clase-naranja","category-diario","tag-batucada","tag-semana-cultural","tag-teatro"],"jetpack_publicize_connections":[],"jetpack_featured_media_url":"","jetpack_sharing_enabled":true,"jetpack_shortlink":"https:\/\/wp.me\/p4lG08-6ps","jetpack-related-posts":[],"_links":{"self":[{"href":"https:\/\/www.alqueria.es\/blogs\/alqueriaamarillanaranja\/wp-json\/wp\/v2\/posts\/24642","targetHints":{"allow":["GET"]}}],"collection":[{"href":"https:\/\/www.alqueria.es\/blogs\/alqueriaamarillanaranja\/wp-json\/wp\/v2\/posts"}],"about":[{"href":"https:\/\/www.alqueria.es\/blogs\/alqueriaamarillanaranja\/wp-json\/wp\/v2\/types\/post"}],"author":[{"embeddable":true,"href":"https:\/\/www.alqueria.es\/blogs\/alqueriaamarillanaranja\/wp-json\/wp\/v2\/users\/23"}],"replies":[{"embeddable":true,"href":"https:\/\/www.alqueria.es\/blogs\/alqueriaamarillanaranja\/wp-json\/wp\/v2\/comments?post=24642"}],"version-history":[{"count":0,"href":"https:\/\/www.alqueria.es\/blogs\/alqueriaamarillanaranja\/wp-json\/wp\/v2\/posts\/24642\/revisions"}],"wp:attachment":[{"href":"https:\/\/www.alqueria.es\/blogs\/alqueriaamarillanaranja\/wp-json\/wp\/v2\/media?parent=24642"}],"wp:term":[{"taxonomy":"category","embeddable":true,"href":"https:\/\/www.alqueria.es\/blogs\/alqueriaamarillanaranja\/wp-json\/wp\/v2\/categories?post=24642"},{"taxonomy":"post_tag","embeddable":true,"href":"https:\/\/www.alqueria.es\/blogs\/alqueriaamarillanaranja\/wp-json\/wp\/v2\/tags?post=24642"}],"curies":[{"name":"wp","href":"https:\/\/api.w.org\/{rel}","templated":true}]}}