{"id":24686,"date":"2017-02-27T09:44:18","date_gmt":"2017-02-27T08:44:18","guid":{"rendered":"https:\/\/www.alqueria.es\/blogs\/alqueriaamarillanaranja\/?p=24686"},"modified":"2017-03-01T15:13:21","modified_gmt":"2017-03-01T14:13:21","slug":"carnaval","status":"publish","type":"post","link":"https:\/\/www.alqueria.es\/blogs\/alqueriaamarillanaranja\/2017\/02\/27\/carnaval\/","title":{"rendered":"\u00a1CARNAVAL!"},"content":{"rendered":"<p><strong><em><span style=\"color: #800080\">Nuestra Fiesta de Carnaval fue un d\u00eda para recordar&#8230;.nuestros ni\u00f1os y ni\u00f1as llegaron a clase desde primera hora ataviados con sus mejores disfraces: princesas, spidermans, bailarinas, piratas, leones&#8230;..todo vale en carnaval, lo importante es la ilusi\u00f3n.<\/span><\/em><\/strong><\/p>\n<p><strong><em><span style=\"color: #800080\">Desde primera hora de la ma\u00f1ana suena la m\u00fasica en el aula y tenemos un gran baile, nos maquillamos, ensayamos nuestra chirigota, y nos disponemos a bajar al patio para el gran pasacalles en el que todo el cole participa al son de la m\u00fasica.<\/span><\/em><\/strong><\/p>\n<p><strong><em><span style=\"color: #800080\">Los naranjitas somos los primeros en actuar en el escenario, y lo hacemos fenomenal; despu\u00e9s, ocupamos nuestros asientos para ver las actuaciones del resto de compa\u00f1er@s de Infantil y de Primaria.<\/span><\/em><\/strong><\/p>\n<p><strong><em><span style=\"color: #800080\">A partir de este momento comemos, y disfrutamos de nuestros juegos en el parque antes de subir de nuevo a clase para \u00abcomponer\u00bb nuestros disfraces y retocar nuestro maquillaje antes de que lleguen las familias.<\/span><\/em><\/strong><\/p>\n<p><strong><em><span style=\"color: #800080\">Cuando salimos al escenario nos convertimos en los protagonistas de la fiesta, y nuestros padres y madres, pueden comprobar de primera mano que hemos ensayado mucho para que la actuaci\u00f3n nos salga como a unos aut\u00e9nticos profesionales, ja \ud83d\ude09<\/span><\/em><\/strong><\/p>\n<p><strong><em><span style=\"color: #800080\">Al final, la lluvia no impide que tomemos nuestra torta y chocolate calentitos, as\u00ed que para nosotros la fiesta ha sido un \u00e9xito, porque lo importante es que lo hemos pasado genial.<\/span><\/em><\/strong><\/p>\n<p><em><strong><span style=\"color: #800080\">Y para que comprob\u00e9is lo especial que ha sido el d\u00eda para nuestros ni\u00f1@s, aqu\u00ed os dejo un peque\u00f1o montaje con algunas fotos recogidas en diferentes momentos del d\u00eda:<\/span><\/strong><\/em><\/p>\n<p><div class=\"a25-CTUOC-hidding-box\" data-original-content=\"&lt;iframe loading=&quot;lazy&quot; title=&quot;FIESTA DE CARNAVAL 2017 - ALQUER\u00cdA&quot; src=&quot;https:\/\/player.vimeo.com\/video\/206235183?dnt=1&amp;amp;app_id=122963&quot; width=&quot;474&quot; height=&quot;474&quot; frameborder=&quot;0&quot; allow=&quot;autoplay; fullscreen; picture-in-picture; clipboard-write&quot;&gt;&lt;\/iframe&gt;\">Esta p\u00e1gina incluye contenido multimedia que requiere aceptar todas las cookies. Pulse aqu\u00ed para abrir la configuraci\u00f3n de cookies.<\/div><\/p>\n<p><strong><em><span style=\"color: #800080\">Loli G\u00e1lvez<\/span><\/em><\/strong><\/p>\n","protected":false},"excerpt":{"rendered":"<p>Nuestra Fiesta de Carnaval fue un d\u00eda para recordar&#8230;.nuestros ni\u00f1os y ni\u00f1as llegaron a clase desde primera hora ataviados con sus mejores disfraces: princesas, spidermans, bailarinas, piratas, leones&#8230;..todo vale en carnaval, lo importante es la ilusi\u00f3n. Desde primera hora de la ma\u00f1ana suena la m\u00fasica en el aula y tenemos un gran baile, nos maquillamos, &hellip; <a href=\"https:\/\/www.alqueria.es\/blogs\/alqueriaamarillanaranja\/2017\/02\/27\/carnaval\/\" class=\"more-link\">Seguir leyendo <span class=\"screen-reader-text\">\u00a1CARNAVAL!<\/span> <span class=\"meta-nav\">&rarr;<\/span><\/a><\/p>\n","protected":false},"author":23,"featured_media":0,"comment_status":"open","ping_status":"open","sticky":false,"template":"","format":"standard","meta":{"jetpack_post_was_ever_published":false,"_jetpack_newsletter_access":"","_jetpack_dont_email_post_to_subs":false,"_jetpack_newsletter_tier_id":0,"_jetpack_memberships_contains_paywalled_content":false,"_jetpack_memberships_contains_paid_content":false,"footnotes":"","jetpack_publicize_message":"","jetpack_publicize_feature_enabled":true,"jetpack_social_post_already_shared":true,"jetpack_social_options":{"image_generator_settings":{"template":"highway","default_image_id":0,"font":"","enabled":false},"version":2}},"categories":[7,13],"tags":[134],"class_list":["post-24686","post","type-post","status-publish","format-standard","hentry","category-clase-naranja","category-fiestas-y-dias-de-significacion-especial","tag-fiesta-de-carnaval"],"jetpack_publicize_connections":[],"jetpack_featured_media_url":"","jetpack_sharing_enabled":true,"jetpack_shortlink":"https:\/\/wp.me\/s4lG08-carnaval","jetpack-related-posts":[],"_links":{"self":[{"href":"https:\/\/www.alqueria.es\/blogs\/alqueriaamarillanaranja\/wp-json\/wp\/v2\/posts\/24686","targetHints":{"allow":["GET"]}}],"collection":[{"href":"https:\/\/www.alqueria.es\/blogs\/alqueriaamarillanaranja\/wp-json\/wp\/v2\/posts"}],"about":[{"href":"https:\/\/www.alqueria.es\/blogs\/alqueriaamarillanaranja\/wp-json\/wp\/v2\/types\/post"}],"author":[{"embeddable":true,"href":"https:\/\/www.alqueria.es\/blogs\/alqueriaamarillanaranja\/wp-json\/wp\/v2\/users\/23"}],"replies":[{"embeddable":true,"href":"https:\/\/www.alqueria.es\/blogs\/alqueriaamarillanaranja\/wp-json\/wp\/v2\/comments?post=24686"}],"version-history":[{"count":0,"href":"https:\/\/www.alqueria.es\/blogs\/alqueriaamarillanaranja\/wp-json\/wp\/v2\/posts\/24686\/revisions"}],"wp:attachment":[{"href":"https:\/\/www.alqueria.es\/blogs\/alqueriaamarillanaranja\/wp-json\/wp\/v2\/media?parent=24686"}],"wp:term":[{"taxonomy":"category","embeddable":true,"href":"https:\/\/www.alqueria.es\/blogs\/alqueriaamarillanaranja\/wp-json\/wp\/v2\/categories?post=24686"},{"taxonomy":"post_tag","embeddable":true,"href":"https:\/\/www.alqueria.es\/blogs\/alqueriaamarillanaranja\/wp-json\/wp\/v2\/tags?post=24686"}],"curies":[{"name":"wp","href":"https:\/\/api.w.org\/{rel}","templated":true}]}}