{"id":252,"date":"2012-05-04T14:00:13","date_gmt":"2012-05-04T14:00:13","guid":{"rendered":"http:\/\/alqueriaamarillanaranja.wordpress.com\/?p=252"},"modified":"2014-02-24T12:37:03","modified_gmt":"2014-02-24T12:37:03","slug":"que-semana-tan-rara","status":"publish","type":"post","link":"https:\/\/www.alqueria.es\/blogs\/alqueriaamarillanaranja\/2012\/05\/04\/que-semana-tan-rara\/","title":{"rendered":"QUE SEMANA TAN RARA&#8230;"},"content":{"rendered":"<p>Hoy es viernes, pero un viernes un tanto raro pues llevamos una semana de idas y venidas de la que no nos recuperaremos hasta el fin de semana.<\/p>\n<p>A primera hora, en la asamblea algunos ni\u00f1os quieren contar su experiencia la tarde anterior en su visita a las cruces. Tambi\u00e9n hablamos de nuestra actitud con los padres y madres, pues en ocasiones no es todo lo adecuada que deber\u00eda (esto surge a partir de una compa\u00f1era que llega a clase enfadada con su madre&#8230;). Nos replanteamos el tema y nos comprometemos a comportarnos en casa igual de bien que lo hacemos en el cole (buena suerte).<\/p>\n<p>Como hoy tenemos educaci\u00f3n f\u00edsica a las 10&#8217;00h antes planteamos un mini-taller con las construcciones de lego en el que les propongo hacer una cruz; sobre el papel es f\u00e1cil pero a la hora de hacerlo en tres dimensiones es mucho m\u00e1s complicado. Tengo que decir que la gran mayor\u00eda lo ha conseguido, \u00a1muy bien!<\/p>\n<p>Tras la clase con Alberto, nos relajamos un poquito y tomamos una rica pera para reponer fuerzas. Nuestra super-ayudante hoy ha sido Claudia, que se ha esforzado much\u00edsimo por no equivocarse y por repartir de forma r\u00e1pida y \u00e1gil. Aprovechamos este momento para leer dos de los cuentos de lectura que tenemos en el aula:<\/p>\n<p>&#8211; \u00bb El trasero del rey\u00bb<\/p>\n<p>&#8211; \u00bb Jaime y las bellotas\u00bb<\/p>\n<p>Por la tarde tenemos taller de dibujo; el tema es \u00abel d\u00eda de la cruz\u00bb y seg\u00fan parece todos tienen muy claro lo que quieren plasmar en sus dibujos. Podeis verlos colgados en el tabl\u00f3n.<\/p>\n<p><a href=\"http:\/\/alqueriaamarillanaranja.files.wordpress.com\/2012\/05\/cruces-de-mayo-cordoba11.jpg\"><img decoding=\"async\" data-attachment-id=\"255\" data-permalink=\"https:\/\/www.alqueria.es\/blogs\/alqueriaamarillanaranja\/cruces-de-mayo-cordoba1-2\/\" data-orig-file=\"https:\/\/www.alqueria.es\/blogs\/alqueriaamarillanaranja\/wp-content\/uploads\/sites\/9\/2012\/05\/cruces-de-mayo-cordoba11.jpg\" data-orig-size=\"466,398\" data-comments-opened=\"1\" data-image-meta=\"{&quot;aperture&quot;:&quot;0&quot;,&quot;credit&quot;:&quot;&quot;,&quot;camera&quot;:&quot;&quot;,&quot;caption&quot;:&quot;&quot;,&quot;created_timestamp&quot;:&quot;0&quot;,&quot;copyright&quot;:&quot;&quot;,&quot;focal_length&quot;:&quot;0&quot;,&quot;iso&quot;:&quot;0&quot;,&quot;shutter_speed&quot;:&quot;0&quot;,&quot;title&quot;:&quot;&quot;}\" data-image-title=\"cruces-de-mayo-cordoba[1]\" data-image-description=\"\" data-image-caption=\"\" data-large-file=\"https:\/\/www.alqueria.es\/blogs\/alqueriaamarillanaranja\/wp-content\/uploads\/sites\/9\/2012\/05\/cruces-de-mayo-cordoba11.jpg\" class=\"aligncenter size-medium wp-image-255\" title=\"cruces-de-mayo-cordoba[1]\" src=\"https:\/\/cloud.alqueria.es\/wp-content\/uploads\/sites\/9\/2012\/05\/cruces-de-mayo-cordoba111.jpg\" alt=\"\" width=\"300\" height=\"256\" \/><\/a><\/p>\n<p>Os deseo un buen fin de semana<\/p>\n<p style=\"text-align:right\">Loli G\u00e1lvez<\/p>\n","protected":false},"excerpt":{"rendered":"<p>Hoy es viernes, pero un viernes un tanto raro pues llevamos una semana de idas y venidas de la que no nos recuperaremos hasta el fin de semana. A primera hora, en la asamblea algunos ni\u00f1os quieren contar su experiencia la tarde anterior en su visita a las cruces. Tambi\u00e9n hablamos de nuestra actitud con &hellip; <a href=\"https:\/\/www.alqueria.es\/blogs\/alqueriaamarillanaranja\/2012\/05\/04\/que-semana-tan-rara\/\" class=\"more-link\">Seguir leyendo <span class=\"screen-reader-text\">QUE SEMANA TAN RARA&#8230;<\/span> <span class=\"meta-nav\">&rarr;<\/span><\/a><\/p>\n","protected":false},"author":20,"featured_media":0,"comment_status":"open","ping_status":"open","sticky":false,"template":"","format":"standard","meta":{"jetpack_post_was_ever_published":false,"_jetpack_newsletter_access":"","_jetpack_dont_email_post_to_subs":false,"_jetpack_newsletter_tier_id":0,"_jetpack_memberships_contains_paywalled_content":false,"_jetpack_memberships_contains_paid_content":false,"footnotes":"","jetpack_publicize_message":"","jetpack_publicize_feature_enabled":true,"jetpack_social_post_already_shared":true,"jetpack_social_options":{"image_generator_settings":{"template":"highway","default_image_id":0,"font":"","enabled":false},"version":2}},"categories":[6,8],"tags":[],"class_list":["post-252","post","type-post","status-publish","format-standard","hentry","category-clase-amarilla","category-diario"],"jetpack_publicize_connections":[],"jetpack_featured_media_url":"","jetpack_sharing_enabled":true,"jetpack_shortlink":"https:\/\/wp.me\/p4lG08-44","jetpack-related-posts":[],"_links":{"self":[{"href":"https:\/\/www.alqueria.es\/blogs\/alqueriaamarillanaranja\/wp-json\/wp\/v2\/posts\/252","targetHints":{"allow":["GET"]}}],"collection":[{"href":"https:\/\/www.alqueria.es\/blogs\/alqueriaamarillanaranja\/wp-json\/wp\/v2\/posts"}],"about":[{"href":"https:\/\/www.alqueria.es\/blogs\/alqueriaamarillanaranja\/wp-json\/wp\/v2\/types\/post"}],"author":[{"embeddable":true,"href":"https:\/\/www.alqueria.es\/blogs\/alqueriaamarillanaranja\/wp-json\/wp\/v2\/users\/20"}],"replies":[{"embeddable":true,"href":"https:\/\/www.alqueria.es\/blogs\/alqueriaamarillanaranja\/wp-json\/wp\/v2\/comments?post=252"}],"version-history":[{"count":0,"href":"https:\/\/www.alqueria.es\/blogs\/alqueriaamarillanaranja\/wp-json\/wp\/v2\/posts\/252\/revisions"}],"wp:attachment":[{"href":"https:\/\/www.alqueria.es\/blogs\/alqueriaamarillanaranja\/wp-json\/wp\/v2\/media?parent=252"}],"wp:term":[{"taxonomy":"category","embeddable":true,"href":"https:\/\/www.alqueria.es\/blogs\/alqueriaamarillanaranja\/wp-json\/wp\/v2\/categories?post=252"},{"taxonomy":"post_tag","embeddable":true,"href":"https:\/\/www.alqueria.es\/blogs\/alqueriaamarillanaranja\/wp-json\/wp\/v2\/tags?post=252"}],"curies":[{"name":"wp","href":"https:\/\/api.w.org\/{rel}","templated":true}]}}